{"id":151499,"date":"2025-11-14T09:30:34","date_gmt":"2025-11-14T09:30:34","guid":{"rendered":"https:\/\/www.europesays.com\/pt\/151499\/"},"modified":"2025-11-14T09:30:34","modified_gmt":"2025-11-14T09:30:34","slug":"f1-guenther-steiner-mclaren-deveria-ter-ido-falar-com-os-comissarios","status":"publish","type":"post","link":"https:\/\/www.europesays.com\/pt\/151499\/","title":{"rendered":"F1, Guenther Steiner: \u201cMcLaren deveria ter ido falar com os comiss\u00e1rios\u201d"},"content":{"rendered":"<p>Guenther Steiner, antigo diretor da Haas, criticou duramente a McLaren por n\u00e3o ter contestado a penaliza\u00e7\u00e3o aplicada a Oscar Piastri no Grande Pr\u00e9mio de S\u00e3o Paulo. O australiano viu as suas aspira\u00e7\u00f5es ao t\u00edtulo voltarem a sofrer um golpe ap\u00f3s terminar em quinto, penalizado em 10 segundos por um incidente com o Mercedes de Kimi Antonelli na Curva 1.<\/p>\n<p>A decis\u00e3o dos comiss\u00e1rios dividiu opini\u00f5es no paddock, com Charles Leclerc \u2014 tamb\u00e9m envolvido no toque a tr\u00eas \u2014 a n\u00e3o atribuir completamente a culpa a Piastri. Ainda assim, a McLaren optou por n\u00e3o apresentar protesto formal, algo que Steiner classificou como incompreens\u00edvel e prejudicial para a din\u00e2mica interna da equipa.<\/p>\n<p>Jogada psicol\u00f3gica<\/p>\n<p>Para o ex-chefe de equipa, o epis\u00f3dio vai al\u00e9m da penaliza\u00e7\u00e3o em si: representa um momento em que a McLaren deveria ter defendido o seu piloto, mesmo que a probabilidade de inverter a decis\u00e3o fosse reduzida. Steiner considera que a defesa p\u00fablica de um piloto refor\u00e7a a moral interna e transmite confian\u00e7a a todos os elementos da estrutura.<\/p>\n<p>Guenther Steiner criticou diretamente a atitude da McLaren: \u201cPorque \u00e9 que n\u00e3o v\u00e3o l\u00e1 pelo menos dizer alguma coisa aos comiss\u00e1rios? Mesmo o Charles Leclerc disse que n\u00e3o foi culpa do Oscar. Tr\u00eas carros lado a lado\u2026 a certa altura, com todas estas regras e interpreta\u00e7\u00f5es, onde acaba a corrida? Assim ningu\u00e9m arrisca, ningu\u00e9m luta, e os f\u00e3s n\u00e3o gostam disso.<\/p>\n<p>Eu teria ido l\u00e1 e teria perdido a cabe\u00e7a. \u00c9 tamb\u00e9m psicol\u00f3gico. Por vezes exagerei, \u00e9 verdade, mas quando apresentas os factos mostras que sabes o que est\u00e1s a fazer. Pode n\u00e3o resultar, mas tens sempre de tentar.\u201d<\/p>\n<p>Steiner concluiu lembrando o impacto interno da postura da equipa: \u201cN\u00e3o s\u00e3o s\u00f3 os pilotos. \u00c9 toda a equipa, as pessoas que chegam na segunda-feira para trabalhar. Precisam de saber que todos est\u00e3o a dar o m\u00e1ximo e que n\u00e3o deixamos simplesmente as coisas passar.\u201d<\/p>\n","protected":false},"excerpt":{"rendered":"Guenther Steiner, antigo diretor da Haas, criticou duramente a McLaren por n\u00e3o ter contestado a penaliza\u00e7\u00e3o aplicada a&hellip;\n","protected":false},"author":2,"featured_media":151500,"comment_status":"","ping_status":"","sticky":false,"template":"","format":"standard","meta":{"footnotes":""},"categories":[87],"tags":[135,970,971,32847,718,32,33,134],"class_list":{"0":"post-151499","1":"post","2":"type-post","3":"status-publish","4":"format-standard","5":"has-post-thumbnail","7":"category-desporto","8":"tag-desporto","9":"tag-f1","10":"tag-formula-1","11":"tag-guenther-steiner","12":"tag-newsletter","13":"tag-portugal","14":"tag-pt","15":"tag-sports"},"share_on_mastodon":{"url":"https:\/\/pubeurope.com\/@pt\/115547355417769485","error":""},"_links":{"self":[{"href":"https:\/\/www.europesays.com\/pt\/wp-json\/wp\/v2\/posts\/151499","targetHints":{"allow":["GET"]}}],"collection":[{"href":"https:\/\/www.europesays.com\/pt\/wp-json\/wp\/v2\/posts"}],"about":[{"href":"https:\/\/www.europesays.com\/pt\/wp-json\/wp\/v2\/types\/post"}],"author":[{"embeddable":true,"href":"https:\/\/www.europesays.com\/pt\/wp-json\/wp\/v2\/users\/2"}],"replies":[{"embeddable":true,"href":"https:\/\/www.europesays.com\/pt\/wp-json\/wp\/v2\/comments?post=151499"}],"version-history":[{"count":0,"href":"https:\/\/www.europesays.com\/pt\/wp-json\/wp\/v2\/posts\/151499\/revisions"}],"wp:featuredmedia":[{"embeddable":true,"href":"https:\/\/www.europesays.com\/pt\/wp-json\/wp\/v2\/media\/151500"}],"wp:attachment":[{"href":"https:\/\/www.europesays.com\/pt\/wp-json\/wp\/v2\/media?parent=151499"}],"wp:term":[{"taxonomy":"category","embeddable":true,"href":"https:\/\/www.europesays.com\/pt\/wp-json\/wp\/v2\/categories?post=151499"},{"taxonomy":"post_tag","embeddable":true,"href":"https:\/\/www.europesays.com\/pt\/wp-json\/wp\/v2\/tags?post=151499"}],"curies":[{"name":"wp","href":"https:\/\/api.w.org\/{rel}","templated":true}]}}