{"id":151503,"date":"2025-11-14T09:38:31","date_gmt":"2025-11-14T09:38:31","guid":{"rendered":"https:\/\/www.europesays.com\/pt\/151503\/"},"modified":"2025-11-14T09:38:31","modified_gmt":"2025-11-14T09:38:31","slug":"veja-se-o-seu-esta-na-lista-2","status":"publish","type":"post","link":"https:\/\/www.europesays.com\/pt\/151503\/","title":{"rendered":"veja se o seu est\u00e1 na lista"},"content":{"rendered":"<p>A E-REDES \u2013 Distribui\u00e7\u00e3o de Eletricidade, SA informou que, para garantir a qualidade do servi\u00e7o, ir\u00e1 realizar trabalhos localizados na sua rede de distribui\u00e7\u00e3o, exigindo uma interrup\u00e7\u00e3o tempor\u00e1ria do fornecimento de eletricidade no dia 16 de novembro de 2025 em v\u00e1rios munic\u00edpios. Saiba quais.<\/p>\n<p><a target=\"_blank\" href=\"https:\/\/www.europesays.com\/pt\/wp-content\/uploads\/2025\/11\/eletricidade_00-720x41600-1.jpg\" onclick=\"refreshIframe()\" class=\"foobox\"><img fetchpriority=\"high\" decoding=\"async\" src=\"https:\/\/www.europesays.com\/pt\/wp-content\/uploads\/2025\/11\/eletricidade_00-720x41600-1.jpg\" alt=\"4 munic\u00edpios v\u00e3o ficar sem eletricidade no domingo: veja se o seu est\u00e1 na lista\" width=\"720\" height=\"405\" class=\"aligncenter wp-image-1061474 size-full\"  \/><\/a><\/p>\n<p>Coimbra, Lisboa, Loul\u00e9 e Sintra ser\u00e3o os munic\u00edpios afetados<\/p>\n<p>A operadora E\u2011Redes anunciou que no pr\u00f3ximo domingo haver\u00e1 interrup\u00e7\u00f5es programadas no fornecimento de eletricidade em 4 munic\u00edpios portugueses, com o objetivo de realizar trabalhos de manuten\u00e7\u00e3o na rede.<\/p>\n<p>Os munic\u00edpios afetados ser\u00e3o Coimbra, Lisboa, Loul\u00e9 e Sintra. Pode ver <a target=\"_blank\" href=\"https:\/\/www.e-redes.pt\/pt-pt\/o-que-fazemos\/qualidade-de-servico\/consulte-interrupcoes-agendadas\" rel=\"nofollow noopener\">aqui<\/a> as localiza\u00e7\u00f5es concretas.<\/p>\n<p><a target=\"_blank\" href=\"https:\/\/pplware.sapo.pt\/wp-content\/uploads\/2025\/04\/rede_eletrica_eletricidade_energia00.jpg\" onclick=\"refreshIframe()\" class=\"foobox\" rel=\"nofollow noopener\"><img loading=\"lazy\" decoding=\"async\" src=\"https:\/\/www.europesays.com\/pt\/wp-content\/uploads\/2025\/08\/rede_eletrica_eletricidade_energia00-720x405.jpg\" alt=\"\" width=\"720\" height=\"405\" class=\"aligncenter size-medium wp-image-1055155\"  \/><\/a><\/p>\n<p>A E-Redes salienta que estes cortes s\u00e3o tempor\u00e1rios, afetando apenas zonas localizadas, e visam garantir a qualidade e seguran\u00e7a da rede el\u00e9trica (como a realiza\u00e7\u00e3o de manobras, liga\u00e7\u00f5es, repara\u00e7\u00f5es ou manuten\u00e7\u00e3o).<\/p>\n","protected":false},"excerpt":{"rendered":"A E-REDES \u2013 Distribui\u00e7\u00e3o de Eletricidade, SA informou que, para garantir a qualidade do servi\u00e7o, ir\u00e1 realizar trabalhos&hellip;\n","protected":false},"author":2,"featured_media":151504,"comment_status":"","ping_status":"","sticky":false,"template":"","format":"standard","meta":{"footnotes":""},"categories":[8],"tags":[27,28,3118,15,16,14,25,26,21,22,12,13,19,20,32,23,24,33,17,18,29,30,31],"class_list":{"0":"post-151503","1":"post","2":"type-post","3":"status-publish","4":"format-standard","5":"has-post-thumbnail","7":"category-principais-noticias","8":"tag-breaking-news","9":"tag-breakingnews","10":"tag-eletricidade","11":"tag-featured-news","12":"tag-featurednews","13":"tag-headlines","14":"tag-latest-news","15":"tag-latestnews","16":"tag-main-news","17":"tag-mainnews","18":"tag-news","19":"tag-noticias","20":"tag-noticias-principais","21":"tag-noticiasprincipais","22":"tag-portugal","23":"tag-principais-noticias","24":"tag-principaisnoticias","25":"tag-pt","26":"tag-top-stories","27":"tag-topstories","28":"tag-ultimas","29":"tag-ultimas-noticias","30":"tag-ultimasnoticias"},"share_on_mastodon":{"url":"https:\/\/pubeurope.com\/@pt\/115547387393167899","error":""},"_links":{"self":[{"href":"https:\/\/www.europesays.com\/pt\/wp-json\/wp\/v2\/posts\/151503","targetHints":{"allow":["GET"]}}],"collection":[{"href":"https:\/\/www.europesays.com\/pt\/wp-json\/wp\/v2\/posts"}],"about":[{"href":"https:\/\/www.europesays.com\/pt\/wp-json\/wp\/v2\/types\/post"}],"author":[{"embeddable":true,"href":"https:\/\/www.europesays.com\/pt\/wp-json\/wp\/v2\/users\/2"}],"replies":[{"embeddable":true,"href":"https:\/\/www.europesays.com\/pt\/wp-json\/wp\/v2\/comments?post=151503"}],"version-history":[{"count":0,"href":"https:\/\/www.europesays.com\/pt\/wp-json\/wp\/v2\/posts\/151503\/revisions"}],"wp:featuredmedia":[{"embeddable":true,"href":"https:\/\/www.europesays.com\/pt\/wp-json\/wp\/v2\/media\/151504"}],"wp:attachment":[{"href":"https:\/\/www.europesays.com\/pt\/wp-json\/wp\/v2\/media?parent=151503"}],"wp:term":[{"taxonomy":"category","embeddable":true,"href":"https:\/\/www.europesays.com\/pt\/wp-json\/wp\/v2\/categories?post=151503"},{"taxonomy":"post_tag","embeddable":true,"href":"https:\/\/www.europesays.com\/pt\/wp-json\/wp\/v2\/tags?post=151503"}],"curies":[{"name":"wp","href":"https:\/\/api.w.org\/{rel}","templated":true}]}}