{"id":151505,"date":"2025-11-14T09:39:13","date_gmt":"2025-11-14T09:39:13","guid":{"rendered":"https:\/\/www.europesays.com\/pt\/151505\/"},"modified":"2025-11-14T09:39:13","modified_gmt":"2025-11-14T09:39:13","slug":"filho-de-dani-calabresa-surge-grandao-em-fotos-ineditas-na-web","status":"publish","type":"post","link":"https:\/\/www.europesays.com\/pt\/151505\/","title":{"rendered":"Filho de Dani Calabresa surge \u2018grand\u00e3o&#8217; em fotos in\u00e9ditas na web"},"content":{"rendered":"<p>A humorista <a href=\"https:\/\/caras.com.br\/tags\/dani-calabresa\" rel=\"nofollow noopener\" target=\"_blank\"><strong>Dani Calabresa<\/strong><\/a> explodiu o fofur\u00f4metro das redes sociais ao compartilhar fotos in\u00e9ditas de seu filho, <strong>Bernardo<\/strong>, fruto do casamento com <strong>Richard Neuman<\/strong>. Nesta quinta-feira, 13, a mam\u00e3e coruja compartilhou novos momentos com seu filho, que j\u00e1 est\u00e1 com 4 meses de vida.<\/p>\n<p>Nesta semana, <a href=\"https:\/\/caras.com.br\/bebe\/dani-calabresa-mostra-o-rostinho-do-filho-de-4-meses-pela-primeira-vez-pacotinho.phtml\" rel=\"nofollow noopener\" target=\"_blank\">ela fez a alegria dos f\u00e3s ao mostrar o rosto do beb\u00ea em fotos feitas logo depois do nascimento, ainda na maternidade<\/a>. Agora, ela mostrou o quanto ele j\u00e1 cresceu ao registr\u00e1-lo em momento recentes.<\/p>\n<p>Nas fotos, Bernardo apareceu com uma touca de le\u00e3o, no colo da mam\u00e3e e tamb\u00e9m em uma brincadeira com os pais. \u201cOs \u00faltimos dias t\u00eam sido t\u00e3o felizes que parece que eu comecei a dormir em cima de um carregador de boas energias. \u00c9 amor, \u00e9 gratid\u00e3o, \u00e9 vida acontecendo do jeito mais bonito e eu aqui, toda boba, colecionando momentos que aquecem o cora\u00e7\u00e3o\u201c, disse ela na legenda.<\/p>\n<p> <img loading=\"lazy\" decoding=\"async\" class=\"wp-image-1030988 size-full img-fluid lazy\" alt=\"Dani Calabresa mostra foto do filho, Bernardo - Foto: Reprodu\u00e7\u00e3o \/ Instagram\" width=\"1080\" height=\"1440\" src=\"https:\/\/www.europesays.com\/pt\/wp-content\/uploads\/2025\/11\/filho-dani-calabresa-2.jpg\"  \/>Dani Calabresa mostra foto do filho, Bernardo \u2013 Foto: Reprodu\u00e7\u00e3o \/ Instagram <img loading=\"lazy\" decoding=\"async\" class=\"wp-image-1030989 size-full img-fluid lazy\" alt=\"Dani Calabresa mostra foto do filho, Bernardo - Foto: Reprodu\u00e7\u00e3o \/ Instagram\" width=\"1080\" height=\"1440\" src=\"https:\/\/www.europesays.com\/pt\/wp-content\/uploads\/2025\/11\/filho-dani-calabresa.jpg\"  \/>Dani Calabresa mostra foto do filho, Bernardo \u2013 Foto: Reprodu\u00e7\u00e3o \/ Instagram <img loading=\"lazy\" decoding=\"async\" class=\"wp-image-1030987 size-full img-fluid lazy\" alt=\"Dani Calabresa mostra foto do filho, Bernardo - Foto: Reprodu\u00e7\u00e3o \/ Instagram\" width=\"1080\" height=\"1440\" src=\"https:\/\/www.europesays.com\/pt\/wp-content\/uploads\/2025\/11\/filho-dani-calabresa-1.jpg\"  \/>Dani Calabresa mostra foto do filho, Bernardo \u2013 Foto: Reprodu\u00e7\u00e3o \/ Instagram O significado de Bernardo <\/p>\n<p>O beb\u00ea recebeu o nome de <strong>Bernardo<\/strong>, que tem um significado especial. Saiba qual \u00e9: O nome Bernardo tem origem germ\u00e2nica e vem da uni\u00e3o das palavras urso e forte\/corajoso. Ent\u00e3o, este nome traz o significado de for\u00e7a e bravura.<\/p>\n<p>Quando Dani Calabresa revelou <a href=\"https:\/\/caras.com.br\/bebe\/gravida-dani-calabresa-revela-o-nome-de-seu-primeiro-filho.phtml\" target=\"_blank\" rel=\"noopener nofollow\">qual \u00e9 o nome do filho<\/a>, ela tamb\u00e9m falou sobre os significados que chamaram a sua aten\u00e7\u00e3o na hora da escolha. \u201cQual \u00e9 o significado de Bernardo? Aqui, ele \u00e9 forte como um urso. Os significados atrelados ao nome Bernardo evocam for\u00e7a e destreza. Isso acontece, pois o nome Bernardo \u00e9 formado pela jun\u00e7\u00e3o dos elementos germ\u00e2nicos \u2018ber\u2019, que quer dizer \u2018urso\u2019, e \u2018hart\u2019, que significa \u2018forte\u2019\u201c, revelou na \u00e9poca.<\/p>\n<p>O nascimento do primeiro filho de Dani Calabresa e Richard Neuman foi revelado pelos papais em 17 de julho de 2025. O <a href=\"https:\/\/caras.com.br\/bebe\/dani-calabresa-anuncia-nascimento-do-filho-e-mostra-primeira-foto-do-bebe.phtml\" rel=\"nofollow noopener\" target=\"_blank\">beb\u00ea chegou ao mundo no dia 8 do mesmo m\u00eas<\/a>, em uma maternidade em S\u00e3o Paulo.<\/p>\n<p>A novidade foi anunciada nas redes sociais do casal, que celebrou com muito amor a chegada do herdeiro: \u201cNosso beb\u00ea Bernardo chegou. 08 de julho. O cora\u00e7\u00e3o que batia aqui dentro, agora t\u00e1 aqui fora, fazendo o nosso transbordar de AMOR. Melhor sensa\u00e7\u00e3o do mundo!!!! Obrigada meu Deus!!!\u201c, declarou a humorista, mostrando somente uma foto do p\u00e9zinho do pequeno.<\/p>\n<p><strong>Leia tamb\u00e9m<\/strong>: <a href=\"https:\/\/caras.com.br\/bebe\/dani-calabresa-emociona-ao-contar-o-que-aprendeu-com-a-chegada-do-filho-bernardo-eu-sinto.phtml\" rel=\"nofollow noopener\" target=\"_blank\">Dani Calabresa emociona ao contar o que aprendeu com a chegada do filho Bernardo: \u2018Eu sinto\u2019<\/a><\/p>\n<p>        <a href=\"https:\/\/caras.com.br\/autor\/priscilla-comoti\" rel=\"nofollow noopener\" target=\"_blank\">&#13;<br \/>\n          <img alt=\"Priscilla Comoti\" src=\"https:\/\/www.europesays.com\/pt\/wp-content\/uploads\/2025\/11\/1763113153_589_e53883bdf02c542f6517b68879e8cb08b27a1d55c4dfd53577e47d3ab6331a06\"  class=\"avatar avatar-115 photo rounded-circle mr-3\" height=\"115\" width=\"115\" loading=\"lazy\" decoding=\"async\"\/>        <\/a><\/p>\n<p>Priscilla Comoti \u00e9 editora de conte\u00fado do site CARAS. Ela \u00e9 formada em jornalismo e em audiovisual, j\u00e1 passou pelos sites Contigo!, Minha Novela, TiTiTi, Mais Novela e Portal M\u00e1rcia Piovesan. Escreve sobre celebridades, not\u00edcias sobre a fam\u00edlia real brit\u00e2nica, TV, reality show e novelas.<\/p>\n","protected":false},"excerpt":{"rendered":"A humorista Dani Calabresa explodiu o fofur\u00f4metro das redes sociais ao compartilhar fotos in\u00e9ditas de seu filho, Bernardo,&hellip;\n","protected":false},"author":2,"featured_media":151506,"comment_status":"","ping_status":"","sticky":false,"template":"","format":"standard","meta":{"footnotes":""},"categories":[145],"tags":[19276,211,210,5361,114,115,32848,32,33],"class_list":{"0":"post-151505","1":"post","2":"type-post","3":"status-publish","4":"format-standard","5":"has-post-thumbnail","7":"category-celebridades","8":"tag-bernardo","9":"tag-celebridades","10":"tag-celebrities","11":"tag-dani-calabresa","12":"tag-entertainment","13":"tag-entretenimento","14":"tag-filho-de-dani-calabresa","15":"tag-portugal","16":"tag-pt"},"share_on_mastodon":{"url":"https:\/\/pubeurope.com\/@pt\/115547391125537254","error":""},"_links":{"self":[{"href":"https:\/\/www.europesays.com\/pt\/wp-json\/wp\/v2\/posts\/151505","targetHints":{"allow":["GET"]}}],"collection":[{"href":"https:\/\/www.europesays.com\/pt\/wp-json\/wp\/v2\/posts"}],"about":[{"href":"https:\/\/www.europesays.com\/pt\/wp-json\/wp\/v2\/types\/post"}],"author":[{"embeddable":true,"href":"https:\/\/www.europesays.com\/pt\/wp-json\/wp\/v2\/users\/2"}],"replies":[{"embeddable":true,"href":"https:\/\/www.europesays.com\/pt\/wp-json\/wp\/v2\/comments?post=151505"}],"version-history":[{"count":0,"href":"https:\/\/www.europesays.com\/pt\/wp-json\/wp\/v2\/posts\/151505\/revisions"}],"wp:featuredmedia":[{"embeddable":true,"href":"https:\/\/www.europesays.com\/pt\/wp-json\/wp\/v2\/media\/151506"}],"wp:attachment":[{"href":"https:\/\/www.europesays.com\/pt\/wp-json\/wp\/v2\/media?parent=151505"}],"wp:term":[{"taxonomy":"category","embeddable":true,"href":"https:\/\/www.europesays.com\/pt\/wp-json\/wp\/v2\/categories?post=151505"},{"taxonomy":"post_tag","embeddable":true,"href":"https:\/\/www.europesays.com\/pt\/wp-json\/wp\/v2\/tags?post=151505"}],"curies":[{"name":"wp","href":"https:\/\/api.w.org\/{rel}","templated":true}]}}