{"id":151507,"date":"2025-11-14T09:43:18","date_gmt":"2025-11-14T09:43:18","guid":{"rendered":"https:\/\/www.europesays.com\/pt\/151507\/"},"modified":"2025-11-14T09:43:18","modified_gmt":"2025-11-14T09:43:18","slug":"fas-fazem-vigilia-por-shawn-mendes-em-hotel-de-belem-dol","status":"publish","type":"post","link":"https:\/\/www.europesays.com\/pt\/151507\/","title":{"rendered":"F\u00e3s fazem vig\u00edlia por Shawn Mendes em hotel de Bel\u00e9m \u2022 DOL"},"content":{"rendered":"<p><img decoding=\"async\" src=\"https:\/\/www.europesays.com\/pt\/wp-content\/uploads\/2025\/11\/ShawnGale_00928159_0_-3.webp\" fetchpriority=\"high\" alt=\"Imagem ilustrativa da not\u00edcia F\u00e3s fazem vig\u00edlia por Shawn Mendes em hotel de Bel\u00e9m\" title=\"F\u00e3s do canadense fazem vig\u00edlia em frente ao hotel\"\/> <img decoding=\"async\" src=\"https:\/\/dol.com.br\/themes\/DOL\/assets\/img\/camera-solid.svg\" alt=\"camera\" loading=\"lazy\"\/> F\u00e3s do canadense fazem vig\u00edlia em frente ao hotel | Pedro Waldez\/Di\u00e1rio do Par\u00e1<\/p>\n<p><a href=\"https:\/\/dol.com.br\/tags\/cop30?d=1\" target=\"_blank\" rel=\"nofollow noopener\" data-rel-defined=\"\">Bel\u00e9m vive dias de intensa movimenta\u00e7\u00e3o por causa da COP30<\/a>, mas, paralelamente \u00e0 agenda oficial do clima, outra cena tem chamado a aten\u00e7\u00e3o nas ruas da cidade: a euforia dos f\u00e3s de Shawn Mendes.<\/p>\n<p>O cantor canadense chegou, nesta quinta-feira (13), na capital paraense, e provocou os f\u00e3s que est\u00e3o em vig\u00edlia em frente ao hotel Vila Gal\u00e9, onde ele est\u00e1 hospedado, com gritos, cantos e celulares para registrar a apari\u00e7\u00e3o do \u00eddolo.<\/p>\n<p>Conte\u00fado Relacionado<\/p>\n<p>O motivo da estadia de<a href=\"https:\/\/dol.com.br\/entretenimento\/musica\/928143\/shawn-mendes-desembarca-em-belem-para-a-cop30?d=1\" target=\"_blank\" rel=\"nofollow noopener\" data-rel-defined=\"\"> Shawn Mendes em Bel\u00e9m seria sua participa\u00e7\u00e3o na COP30, que acontece na capital at\u00e9 o dia 21<\/a>. Ele iria na Blue Zone, \u00e1rea restrita da confer\u00eancia para acompanhar a ativista equatoriana dos direitos humanos, Helena Gualinga, que de acordo com boatos, vivem um romance.<\/p>\n<p>Quer saber mais de fama? <a href=\"https:\/\/www.whatsapp.com\/channel\/0029Va4xYGk1dAw9LjYD7B2k\" target=\"_blank\" rel=\"nofollow noopener\" data-rel-defined=\"\">Acesse o nosso canal no WhatsApp<\/a><\/p>\n<p>A equipe do DI\u00c1RIO do Par\u00e1 esteve no local e registrou a presen\u00e7a dos f\u00e3s, inclusive, ouviu alguns deles. Confira abaixo:<\/p>\n<p>Pedro Waldez\/Di\u00e1rio do Par\u00e1 VEM SEGUIR OS CANAIS DO DOL! <\/p>\n<p>Seja sempre o primeiro a ficar bem informado, entre no nosso canal de not\u00edcias no <a style=\"color:#5c4463!important\" target=\"_blank\" href=\"https:\/\/whatsapp.com\/channel\/0029Va9IlAw2v1J02cbfQ31H\" rel=\"nofollow noopener\">WhatsApp<\/a> e <a style=\"color:#5c4463!important\" href=\"https:\/\/t.me\/dolnoticias\" target=\"_blank\" rel=\"nofollow\">Telegram<\/a>. Para mais informa\u00e7\u00f5es sobre os canais do WhatsApp e seguir outros canais do DOL. Acesse: <a style=\"color:#5c4463!important\" target=\"_blank\" href=\"https:\/\/dol.com.br\/n\/828815\" rel=\"nofollow noopener\">dol.com.br\/n\/828815<\/a>.<\/p>\n<p>tagsQuer receber mais not\u00edcias como essa?Cadastre seu email e comece o dia com as not\u00edcias selecionadas pelo nosso editor <b>Conte\u00fado<\/b> Relacionado<\/p>\n<p><b>IMPORTANTE:<\/b> Os coment\u00e1rios n\u00e3o representam a opini\u00e3o do Di\u00e1rio Online. Os textos escritos s\u00e3o de inteira responsabilidade dos autores.<\/p>\n","protected":false},"excerpt":{"rendered":"F\u00e3s do canadense fazem vig\u00edlia em frente ao hotel | Pedro Waldez\/Di\u00e1rio do Par\u00e1 Bel\u00e9m vive dias de&hellip;\n","protected":false},"author":2,"featured_media":151508,"comment_status":"","ping_status":"","sticky":false,"template":"","format":"standard","meta":{"footnotes":""},"categories":[141],"tags":[32849,114,115,32850,32851,32852,32853,149,150,32,33,32854],"class_list":{"0":"post-151507","1":"post","2":"type-post","3":"status-publish","4":"format-standard","5":"has-post-thumbnail","7":"category-musica","8":"tag-cop30-belem","9":"tag-entertainment","10":"tag-entretenimento","11":"tag-eventos-em-belem-2023","12":"tag-fas-shawn-mendes","13":"tag-helena-gualinga","14":"tag-movimentacao-cultural-belem","15":"tag-music","16":"tag-musica","17":"tag-portugal","18":"tag-pt","19":"tag-shawn-mendes-belem"},"share_on_mastodon":{"url":"https:\/\/pubeurope.com\/@pt\/115547407190002409","error":""},"_links":{"self":[{"href":"https:\/\/www.europesays.com\/pt\/wp-json\/wp\/v2\/posts\/151507","targetHints":{"allow":["GET"]}}],"collection":[{"href":"https:\/\/www.europesays.com\/pt\/wp-json\/wp\/v2\/posts"}],"about":[{"href":"https:\/\/www.europesays.com\/pt\/wp-json\/wp\/v2\/types\/post"}],"author":[{"embeddable":true,"href":"https:\/\/www.europesays.com\/pt\/wp-json\/wp\/v2\/users\/2"}],"replies":[{"embeddable":true,"href":"https:\/\/www.europesays.com\/pt\/wp-json\/wp\/v2\/comments?post=151507"}],"version-history":[{"count":0,"href":"https:\/\/www.europesays.com\/pt\/wp-json\/wp\/v2\/posts\/151507\/revisions"}],"wp:featuredmedia":[{"embeddable":true,"href":"https:\/\/www.europesays.com\/pt\/wp-json\/wp\/v2\/media\/151508"}],"wp:attachment":[{"href":"https:\/\/www.europesays.com\/pt\/wp-json\/wp\/v2\/media?parent=151507"}],"wp:term":[{"taxonomy":"category","embeddable":true,"href":"https:\/\/www.europesays.com\/pt\/wp-json\/wp\/v2\/categories?post=151507"},{"taxonomy":"post_tag","embeddable":true,"href":"https:\/\/www.europesays.com\/pt\/wp-json\/wp\/v2\/tags?post=151507"}],"curies":[{"name":"wp","href":"https:\/\/api.w.org\/{rel}","templated":true}]}}