{"id":151520,"date":"2025-11-14T10:00:36","date_gmt":"2025-11-14T10:00:36","guid":{"rendered":"https:\/\/www.europesays.com\/pt\/151520\/"},"modified":"2025-11-14T10:00:36","modified_gmt":"2025-11-14T10:00:36","slug":"avatar-fogo-e-cinzas-epico-de-james-cameron-sera-o-filme-mais-longo-da-franquia","status":"publish","type":"post","link":"https:\/\/www.europesays.com\/pt\/151520\/","title":{"rendered":"&#8216;Avatar: Fogo e Cinzas&#8217;: \u00c9pico de James Cameron ser\u00e1 o filme mais longo da franquia"},"content":{"rendered":"<p>O aguardado<strong> \u2018Avatar: Fogo e Cinzas\u2019<\/strong>, o terceiro cap\u00edtulo do fen\u00f4meno cinematogr\u00e1fico de <strong>James Cameron<\/strong>, est\u00e1 chegando \u00e0s telas, e a dura\u00e7\u00e3o oficial do longa-metragem foi recentemente revelada.<\/p>\n<p>Segundo o <a href=\"https:\/\/sffgazette.com\/sci_fi\/movies\/avatar-fire-and-ashs-mammoth-run-time-revealed-guillermo-del-toro-calls-threequel-a-masterpiece-a9386\" rel=\"nofollow noopener\" target=\"_blank\">SFX Gazette<\/a>, o pr\u00f3prio diretor <strong>James Cameron<\/strong> divulgou que o filme ser\u00e1 o mais longo da franquia at\u00e9 agora, com impressionantes <strong>3 horas e 15 minutos<\/strong>.<\/p>\n<p>Para fins de compara\u00e7\u00e3o, a dura\u00e7\u00e3o dos filmes da franquia <strong>\u2018Avatar\u2019<\/strong> tem aumentado progressivamente:<\/p>\n<ul>\n<li><strong>\u2018Avatar\u2019 (2009): 2 horas e 42 minutos.<\/strong><\/li>\n<li><strong>\u2018Avatar: O Caminho da \u00c1gua\u2019 (2022): 3 horas e 12 minutos.<\/strong><\/li>\n<\/ul>\n<p>Embora as primeiras sess\u00f5es p\u00fablicas do longa ainda n\u00e3o tenham ocorrido, o renomado diretor <strong>Guillermo del Toro<\/strong> j\u00e1 teve a oportunidade de assistir ao filme e se declarou um grande f\u00e3 do trabalho de Cameron.<\/p>\n<p>\u201cPara mim, eles s\u00e3o absolutamente obras-primas. Eu sei para onde [James Cameron] est\u00e1 indo e isso vai surpreender muita gente\u201d, disse o cineasta.<\/p>\n<p>O longa ser\u00e1 lan\u00e7ado nos cinemas nacionais no <strong>dia 18 de dezembro<\/strong>.<\/p>\n<p><strong>James Cameron<\/strong> (\u2018Titanic\u2019) retorna \u00e0 dire\u00e7\u00e3o.<\/p>\n<p>A nova trama retoma os acontecimentos de \u2018<strong>Avatar: O Caminho da \u00c1gua<\/strong>\u2018, que mostrou Jake e sua fam\u00edlia unindo for\u00e7as com os Metkayina \u2014 o cl\u00e3 aqu\u00e1tico de Pandora \u2014 para enfrentar a opressiva RDA (Recursos de Desenvolvimento da Administra\u00e7\u00e3o). Em \u2018<strong>Fogo e Cinzas<\/strong>\u2018, a amea\u00e7a vem dos Ash People, grupo que rompeu com a cultura tradicional dos Na\u2019vi e abandonou sua conex\u00e3o com a natureza.<\/p>\n<p>O elenco conta com <strong>Sam Worthington<\/strong>, <strong>Zoe Salda\u00f1a<\/strong>, <strong>Sigourney Weaver<\/strong>, <strong>Stephen Lang<\/strong>, <strong>Oona Chaplin<\/strong>, <strong>Cliff Curtis<\/strong>, <strong>Britain Dalton<\/strong>, <strong>Trinity Bliss<\/strong>, <strong>Jack Champion<\/strong>, <strong>Bailey Bass<\/strong> e <strong>Kate Winslet<\/strong>.<\/p>\n<p>Vale lembrar que as sequ\u00eancias \u2018<strong>Avatar 4<\/strong>\u2018 e \u2018<strong>Avatar 5<\/strong>\u2018 j\u00e1 foram confirmadas, est\u00e3o programadas para 21 de dezembro de 2029 e 19 de dezembro de 2031, respectivamente.<\/p>\n<p><img fetchpriority=\"high\" decoding=\"async\" src=\"https:\/\/www.europesays.com\/pt\/wp-content\/uploads\/2025\/11\/avatar-fogo-e-cinzas.jpeg\" alt=\"\" width=\"910\" height=\"1138\"  \/><\/p>\n","protected":false},"excerpt":{"rendered":"O aguardado \u2018Avatar: Fogo e Cinzas\u2019, o terceiro cap\u00edtulo do fen\u00f4meno cinematogr\u00e1fico de James Cameron, est\u00e1 chegando \u00e0s&hellip;\n","protected":false},"author":2,"featured_media":86287,"comment_status":"","ping_status":"","sticky":false,"template":"","format":"standard","meta":{"footnotes":""},"categories":[140],"tags":[14292,21826,21827,21828,21829,21830,21831,114,115,147,148,21832,7328,21833,146,21834,32,33,21835,17614,21836,21837,21838],"class_list":{"0":"post-151520","1":"post","2":"type-post","3":"status-publish","4":"format-standard","5":"has-post-thumbnail","7":"category-filmes","8":"tag-20th-century-studios","9":"tag-avatar","10":"tag-avatar-3","11":"tag-avatar-fogo-e-cinzas","12":"tag-bailey-bass","13":"tag-britain-dalton","14":"tag-cliff-curtis","15":"tag-entertainment","16":"tag-entretenimento","17":"tag-film","18":"tag-filmes","19":"tag-jack-champion","20":"tag-james-cameron","21":"tag-kate-winslet","22":"tag-movies","23":"tag-oona-chaplin","24":"tag-portugal","25":"tag-pt","26":"tag-sam-worthington","27":"tag-sigourney-weaver","28":"tag-stephen-lang","29":"tag-trinity-bliss","30":"tag-zoe-saldana"},"share_on_mastodon":{"url":"https:\/\/pubeurope.com\/@pt\/115547473522933800","error":""},"_links":{"self":[{"href":"https:\/\/www.europesays.com\/pt\/wp-json\/wp\/v2\/posts\/151520","targetHints":{"allow":["GET"]}}],"collection":[{"href":"https:\/\/www.europesays.com\/pt\/wp-json\/wp\/v2\/posts"}],"about":[{"href":"https:\/\/www.europesays.com\/pt\/wp-json\/wp\/v2\/types\/post"}],"author":[{"embeddable":true,"href":"https:\/\/www.europesays.com\/pt\/wp-json\/wp\/v2\/users\/2"}],"replies":[{"embeddable":true,"href":"https:\/\/www.europesays.com\/pt\/wp-json\/wp\/v2\/comments?post=151520"}],"version-history":[{"count":0,"href":"https:\/\/www.europesays.com\/pt\/wp-json\/wp\/v2\/posts\/151520\/revisions"}],"wp:featuredmedia":[{"embeddable":true,"href":"https:\/\/www.europesays.com\/pt\/wp-json\/wp\/v2\/media\/86287"}],"wp:attachment":[{"href":"https:\/\/www.europesays.com\/pt\/wp-json\/wp\/v2\/media?parent=151520"}],"wp:term":[{"taxonomy":"category","embeddable":true,"href":"https:\/\/www.europesays.com\/pt\/wp-json\/wp\/v2\/categories?post=151520"},{"taxonomy":"post_tag","embeddable":true,"href":"https:\/\/www.europesays.com\/pt\/wp-json\/wp\/v2\/tags?post=151520"}],"curies":[{"name":"wp","href":"https:\/\/api.w.org\/{rel}","templated":true}]}}