{"id":151521,"date":"2025-11-14T10:01:17","date_gmt":"2025-11-14T10:01:17","guid":{"rendered":"https:\/\/www.europesays.com\/pt\/151521\/"},"modified":"2025-11-14T10:01:17","modified_gmt":"2025-11-14T10:01:17","slug":"o-presente-que-cristiano-ronaldo-deu-a-filha-nao-e-um-luxo-e-e-das-marcas-mais-vendidas-na-amazon-noticias-de-hoje","status":"publish","type":"post","link":"https:\/\/www.europesays.com\/pt\/151521\/","title":{"rendered":"O presente que Cristiano Ronaldo deu \u00e0 filha n\u00e3o \u00e9 um luxo e \u00e9 das marcas mais vendidas na Amazon &#8211; Not\u00edcias de hoje"},"content":{"rendered":"<p style=\"margin-bottom:11px\">Quando se trata de anivers\u00e1rios, Cristiano Ronaldo sabe como tornar o dia especial. Esta quarta-feira, a filha Alana Martina completou oito anos, e o craque partilhou no Instagram uma fotografia da menina a andar de bicicleta, acompanhada da legenda: \u201cParab\u00e9ns, meu amor, o pap\u00e1 ama-te muito\u201d.<\/p>\n<p>O presente escolhido foi a bicicleta <a href=\"https:\/\/www.amazon.es\/Royal-Baby-Bicicleta-Infantil-Unisex-Youth\/dp\/B0B2R9QP58?dib=eyJ2IjoiMSJ9.7wogNpyZrSVE0fX_NgRqmJb6THT9jf_Yyac7dboWoCSvv5lwzlRMvTfu2Y_cJfefPOLu0gi3lF8rnnxpnrWD5thMN2QEh4VupoynBGS2fc9yT0YaswKYUfZ0aIgGhE5EQ_kEFAw0CPQtXXa24HfbEyWit7MlpkxLup1sleiTmZGYLUgbYz3wdPGy4LzqcbAUU7D7LN_AECB5hYYeHYs7-PNFYTJSCkaVVyxMFXpl-Ww_PybSItZ6tnRz8nKNH4HRrx8xPTwgOrti8qr3FVK_tBHgxSPSDgvbeuEeWlXSqPs.LzKx04mrFeQ_5bOA3kvPT2B56TxFFuCJY_GsMjCsZcs&amp;dib_tag=se&amp;keywords=RoyalBaby&amp;qid=1763030260&amp;sr=8-16&amp;ufe=app_do%3Aamzn1.fos.4c3f56c3-e485-4a35-9abc-6532b61c3b62&amp;linkCode=ll1&amp;tag=iol1123-21&amp;linkId=4a849a4e14d1abce9a3126852adea96f&amp;language=es_ES&amp;ref_=as_li_ss_tl\" rel=\"sponsored nofollow noopener\" target=\"_blank\">RoyalBaby Little Swan<\/a>, modelo inspirado num cisne elegante, cor rosa, com quadro em a\u00e7o e trav\u00f5es duplos. Est\u00e1 dispon\u00edvel em tr\u00eas tamanhos: <strong>14 polegadas para idades 3-5 anos, 16 polegadas para idades 4-7 anos<\/strong>, e 1<strong>8 polegadas para idades 5-9 anos, <\/strong>adaptando-se \u00e0 altura da crian\u00e7a. Tem selim ajust\u00e1vel, rodas de treino extra largas, cesto dianteiro e apoio traseiro \u2014 um conjunto pensado para tornar a experi\u00eancia segura e confort\u00e1vel.<\/p>\n<p><a class=\"calltoaction\" href=\"https:\/\/www.amazon.es\/Royal-Baby-Bicicleta-Infantil-Unisex-Youth\/dp\/B0B2R9QP58?dib=eyJ2IjoiMSJ9.7wogNpyZrSVE0fX_NgRqmJb6THT9jf_Yyac7dboWoCSvv5lwzlRMvTfu2Y_cJfefPOLu0gi3lF8rnnxpnrWD5thMN2QEh4VupoynBGS2fc9yT0YaswKYUfZ0aIgGhE5EQ_kEFAw0CPQtXXa24HfbEyWit7MlpkxLup1sleiTmZGYLUgbYz3wdPGy4LzqcbAUU7D7LN_AECB5hYYeHYs7-PNFYTJSCkaVVyxMFXpl-Ww_PybSItZ6tnRz8nKNH4HRrx8xPTwgOrti8qr3FVK_tBHgxSPSDgvbeuEeWlXSqPs.LzKx04mrFeQ_5bOA3kvPT2B56TxFFuCJY_GsMjCsZcs&amp;dib_tag=se&amp;keywords=RoyalBaby&amp;qid=1763030260&amp;sr=8-16&amp;ufe=app_do%3Aamzn1.fos.4c3f56c3-e485-4a35-9abc-6532b61c3b62&amp;linkCode=ll1&amp;tag=iol1123-21&amp;linkId=4a849a4e14d1abce9a3126852adea96f&amp;language=es_ES&amp;ref_=as_li_ss_tl\" rel=\"sponsored nofollow noopener\" target=\"_blank\">Adquira a bicileta aqui<\/a><\/p>\n<p><a href=\"https:\/\/www.amazon.es\/Royal-Baby-Bicicleta-Infantil-Unisex-Youth\/dp\/B0B2R9QP58?dib=eyJ2IjoiMSJ9.7wogNpyZrSVE0fX_NgRqmJb6THT9jf_Yyac7dboWoCSvv5lwzlRMvTfu2Y_cJfefPOLu0gi3lF8rnnxpnrWD5thMN2QEh4VupoynBGS2fc9yT0YaswKYUfZ0aIgGhE5EQ_kEFAw0CPQtXXa24HfbEyWit7MlpkxLup1sleiTmZGYLUgbYz3wdPGy4LzqcbAUU7D7LN_AECB5hYYeHYs7-PNFYTJSCkaVVyxMFXpl-Ww_PybSItZ6tnRz8nKNH4HRrx8xPTwgOrti8qr3FVK_tBHgxSPSDgvbeuEeWlXSqPs.LzKx04mrFeQ_5bOA3kvPT2B56TxFFuCJY_GsMjCsZcs&amp;dib_tag=se&amp;keywords=RoyalBaby&amp;qid=1763030260&amp;sr=8-16&amp;ufe=app_do%3Aamzn1.fos.4c3f56c3-e485-4a35-9abc-6532b61c3b62&amp;linkCode=ll1&amp;tag=iol1123-21&amp;linkId=4a849a4e14d1abce9a3126852adea96f&amp;language=es_ES&amp;ref_=as_li_ss_tl\" rel=\"sponsored nofollow noopener\" target=\"_blank\"><img loading=\"lazy\" decoding=\"async\" alt=\"bicileta rosa amazon\" height=\"499\" src=\"https:\/\/www.europesays.com\/pt\/wp-content\/uploads\/2025\/11\/500.webp\" width=\"500\"\/><\/a><\/p>\n<p>Quem j\u00e1 comprou<a href=\"https:\/\/www.amazon.es\/Royal-Baby-Bicicleta-Infantil-Unisex-Youth\/dp\/B0B2R9QP58?dib=eyJ2IjoiMSJ9.7wogNpyZrSVE0fX_NgRqmJb6THT9jf_Yyac7dboWoCSvv5lwzlRMvTfu2Y_cJfefPOLu0gi3lF8rnnxpnrWD5thMN2QEh4VupoynBGS2fc9yT0YaswKYUfZ0aIgGhE5EQ_kEFAw0CPQtXXa24HfbEyWit7MlpkxLup1sleiTmZGYLUgbYz3wdPGy4LzqcbAUU7D7LN_AECB5hYYeHYs7-PNFYTJSCkaVVyxMFXpl-Ww_PybSItZ6tnRz8nKNH4HRrx8xPTwgOrti8qr3FVK_tBHgxSPSDgvbeuEeWlXSqPs.LzKx04mrFeQ_5bOA3kvPT2B56TxFFuCJY_GsMjCsZcs&amp;dib_tag=se&amp;keywords=RoyalBaby&amp;qid=1763030260&amp;sr=8-16&amp;ufe=app_do%3Aamzn1.fos.4c3f56c3-e485-4a35-9abc-6532b61c3b62&amp;linkCode=ll1&amp;tag=iol1123-21&amp;linkId=4a849a4e14d1abce9a3126852adea96f&amp;language=es_ES&amp;ref_=as_li_ss_tl\" rel=\"sponsored nofollow noopener\" target=\"_blank\"> este modelo<\/a> destaca a robustez e facilidade de uso. Uma m\u00e3e comentou: <strong>\u201cMontagem r\u00e1pida, em menos de 15 minutos, e os trav\u00f5es de m\u00e3o vinham pr\u00e9-montados. A minha filha adorou desde o primeiro momento\u201d<\/strong>. Outro utilizador disse: <strong>\u201cRecebemos muitos elogios. \u00c9 uma bicicleta completa, perfeita para oferecer como presente\u201d.<\/strong><\/p>\n<p>Na fotografia de Cristiano Ronaldo, nota-se que Alana Martina estava mesmo \u00e0 vontade a andar na bicicleta \u2014 cal\u00e7ada com sand\u00e1lias de Georgina Rodr\u00edguez. Um momento simples que mostra como o presente se adapta bem \u00e0 crian\u00e7a, com conforto e seguran\u00e7a desde o primeiro dia.<\/p>\n<p><img loading=\"lazy\" decoding=\"async\" alt=\"alana martina a andar de bicileta \" height=\"625\" src=\"https:\/\/www.europesays.com\/pt\/wp-content\/uploads\/2025\/11\/1763114477_652_500.webp\" width=\"500\"\/><\/p>\n<p class=\"disclaimer-text\">*Alguns dos produtos mencionados neste artigo foram selecionados de forma independente pela nossa equipa editorial. Se realizar uma compra atrav\u00e9s dos links inclu\u00eddos podemos receber uma comiss\u00e3o. Esta parceria ajuda-nos a continuar a oferecer conte\u00fados de qualidade.<\/p>\n","protected":false},"excerpt":{"rendered":"Quando se trata de anivers\u00e1rios, Cristiano Ronaldo sabe como tornar o dia especial. Esta quarta-feira, a filha Alana&hellip;\n","protected":false},"author":2,"featured_media":151522,"comment_status":"","ping_status":"","sticky":false,"template":"","format":"standard","meta":{"footnotes":""},"categories":[87],"tags":[32674,514,32856,32855,135,1870,3509,488,13,32,31615,33,32857,134],"class_list":{"0":"post-151521","1":"post","2":"type-post","3":"status-publish","4":"format-standard","5":"has-post-thumbnail","7":"category-desporto","8":"tag-alana-martina","9":"tag-amazon","10":"tag-bicileta","11":"tag-crtistiano-ronaldo","12":"tag-desporto","13":"tag-filhos","14":"tag-georgina-rodriguez","15":"tag-iol","16":"tag-noticias","17":"tag-portugal","18":"tag-prendas","19":"tag-pt","20":"tag-royalbaby-little-swan","21":"tag-sports"},"share_on_mastodon":{"url":"https:\/\/pubeurope.com\/@pt\/115547477348075290","error":""},"_links":{"self":[{"href":"https:\/\/www.europesays.com\/pt\/wp-json\/wp\/v2\/posts\/151521","targetHints":{"allow":["GET"]}}],"collection":[{"href":"https:\/\/www.europesays.com\/pt\/wp-json\/wp\/v2\/posts"}],"about":[{"href":"https:\/\/www.europesays.com\/pt\/wp-json\/wp\/v2\/types\/post"}],"author":[{"embeddable":true,"href":"https:\/\/www.europesays.com\/pt\/wp-json\/wp\/v2\/users\/2"}],"replies":[{"embeddable":true,"href":"https:\/\/www.europesays.com\/pt\/wp-json\/wp\/v2\/comments?post=151521"}],"version-history":[{"count":0,"href":"https:\/\/www.europesays.com\/pt\/wp-json\/wp\/v2\/posts\/151521\/revisions"}],"wp:featuredmedia":[{"embeddable":true,"href":"https:\/\/www.europesays.com\/pt\/wp-json\/wp\/v2\/media\/151522"}],"wp:attachment":[{"href":"https:\/\/www.europesays.com\/pt\/wp-json\/wp\/v2\/media?parent=151521"}],"wp:term":[{"taxonomy":"category","embeddable":true,"href":"https:\/\/www.europesays.com\/pt\/wp-json\/wp\/v2\/categories?post=151521"},{"taxonomy":"post_tag","embeddable":true,"href":"https:\/\/www.europesays.com\/pt\/wp-json\/wp\/v2\/tags?post=151521"}],"curies":[{"name":"wp","href":"https:\/\/api.w.org\/{rel}","templated":true}]}}