{"id":151525,"date":"2025-11-14T10:07:31","date_gmt":"2025-11-14T10:07:31","guid":{"rendered":"https:\/\/www.europesays.com\/pt\/151525\/"},"modified":"2025-11-14T10:07:31","modified_gmt":"2025-11-14T10:07:31","slug":"cenario-de-segunda-volta-com-ventura-e-o-pior-que-portugal-pode-ter-diz-ex-ministro","status":"publish","type":"post","link":"https:\/\/www.europesays.com\/pt\/151525\/","title":{"rendered":"Cen\u00e1rio de segunda volta com Ventura \u00e9 &#8220;o pior que Portugal pode ter&#8221;, diz ex-ministro"},"content":{"rendered":"<p data-remotead-prev-elm=\"true\" data-remotead-elm-id=\"inread\">&#8220;H\u00e1 vers\u00f5es [de uma poss\u00edvel segunda volta] que me preocupam, qualquer que tenha Andr\u00e9 Ventura como candidato \u00e9 o pior que Portugal pode ter&#8221;, disse Jo\u00e3o Costa.<\/p>\n<p>\u00c0 entrada para um encontro com a candidata presidencial Catarina Martins, apoiada pelo BE, o ex-ministro socialista rejeitou leituras de um apoio \u00e0 ex-coordenadora bloquista, recordando que apoia Ant\u00f3nio Jos\u00e9 Seguro, ex-secret\u00e1rio-geral do PS e candidato apoiado pelos socialistas.<\/p>\n<p>No entanto, o antigo governante disse que tem uma &#8220;enorme simpatia&#8221; por Catarina Martins e enalteceu os contributos que pode dar para o debate eleitoral. Jo\u00e3o Costa opinou que &#8220;estas presidenciais s\u00e3o estranhas&#8221;, uma vez que h\u00e1 &#8220;imensos candidatos&#8221; e &#8220;muita divis\u00e3o&#8221;, quer \u00e0 esquerda, quer \u00e0 direita.<\/p>\n<p data-remotead-prev-elm=\"true\" data-remotead-elm-id=\"centro1\">No entanto, num cen\u00e1rio de uma segunda volta, o ex-ministro da Educa\u00e7\u00e3o defendeu que \u00e9 necess\u00e1rio que se dispute entre Ant\u00f3nio Jos\u00e9 Seguro e outro candidato. Nessa circunst\u00e2ncia, advogou, o apoio a todas as candidaturas \u00e0 esquerda deveria convergir para o candidato apoiado pelo PS.<\/p>\n<p>A presen\u00e7a de Andr\u00e9 Ventura, presidente do Chega, nos boletins de voto de uma segunda volta seria levar a votos &#8220;todo o \u00f3dio, racismo e xenofobia&#8221; que acusa o l\u00edder da extrema-direita de disseminar.<\/p>\n<p>Catarina Martins, que tinha deixado momentaneamente o encontro para intervir no Parlamento Europeu, uma vez que \u00e9 a eurodeputada \u00fanica do BE, comentou que, apesar das diferen\u00e7as que tinha com Jo\u00e3o Costa sobre a pasta da Educa\u00e7\u00e3o, os dois sempre convergiram &#8220;na inclus\u00e3o&#8221;.<\/p>\n<p>Apontando o dedo a Andr\u00e9 Ventura e ao Chega, a ex-coordenadora bloquista criticou a leitura de nomes de crian\u00e7as na Assembleia da Rep\u00fablica, repudiando a decis\u00e3o de o fazer por causa da origem das fam\u00edlias, ainda que estes alunos tenham o direito a frequentar o ensino portugu\u00eas e na sua maioria sejam cidad\u00e3os nacionais.<\/p>\n","protected":false},"excerpt":{"rendered":"&#8220;H\u00e1 vers\u00f5es [de uma poss\u00edvel segunda volta] que me preocupam, qualquer que tenha Andr\u00e9 Ventura como candidato \u00e9&hellip;\n","protected":false},"author":2,"featured_media":151526,"comment_status":"","ping_status":"","sticky":false,"template":"","format":"standard","meta":{"footnotes":""},"categories":[10],"tags":[3386,27,28,15,16,14,27488,25,26,21,22,619,12,13,19,20,32,5215,23,24,33,17,18,29,30,31],"class_list":{"0":"post-151525","1":"post","2":"type-post","3":"status-publish","4":"format-standard","5":"has-post-thumbnail","7":"category-portugal","8":"tag-andre-ventura","9":"tag-breaking-news","10":"tag-breakingnews","11":"tag-featured-news","12":"tag-featurednews","13":"tag-headlines","14":"tag-joao-costa","15":"tag-latest-news","16":"tag-latestnews","17":"tag-main-news","18":"tag-mainnews","19":"tag-nacional","20":"tag-news","21":"tag-noticias","22":"tag-noticias-principais","23":"tag-noticiasprincipais","24":"tag-portugal","25":"tag-presidenciais","26":"tag-principais-noticias","27":"tag-principaisnoticias","28":"tag-pt","29":"tag-top-stories","30":"tag-topstories","31":"tag-ultimas","32":"tag-ultimas-noticias","33":"tag-ultimasnoticias"},"share_on_mastodon":{"url":"https:\/\/pubeurope.com\/@pt\/115547501034645252","error":""},"_links":{"self":[{"href":"https:\/\/www.europesays.com\/pt\/wp-json\/wp\/v2\/posts\/151525","targetHints":{"allow":["GET"]}}],"collection":[{"href":"https:\/\/www.europesays.com\/pt\/wp-json\/wp\/v2\/posts"}],"about":[{"href":"https:\/\/www.europesays.com\/pt\/wp-json\/wp\/v2\/types\/post"}],"author":[{"embeddable":true,"href":"https:\/\/www.europesays.com\/pt\/wp-json\/wp\/v2\/users\/2"}],"replies":[{"embeddable":true,"href":"https:\/\/www.europesays.com\/pt\/wp-json\/wp\/v2\/comments?post=151525"}],"version-history":[{"count":0,"href":"https:\/\/www.europesays.com\/pt\/wp-json\/wp\/v2\/posts\/151525\/revisions"}],"wp:featuredmedia":[{"embeddable":true,"href":"https:\/\/www.europesays.com\/pt\/wp-json\/wp\/v2\/media\/151526"}],"wp:attachment":[{"href":"https:\/\/www.europesays.com\/pt\/wp-json\/wp\/v2\/media?parent=151525"}],"wp:term":[{"taxonomy":"category","embeddable":true,"href":"https:\/\/www.europesays.com\/pt\/wp-json\/wp\/v2\/categories?post=151525"},{"taxonomy":"post_tag","embeddable":true,"href":"https:\/\/www.europesays.com\/pt\/wp-json\/wp\/v2\/tags?post=151525"}],"curies":[{"name":"wp","href":"https:\/\/api.w.org\/{rel}","templated":true}]}}