{"id":151527,"date":"2025-11-14T10:08:34","date_gmt":"2025-11-14T10:08:34","guid":{"rendered":"https:\/\/www.europesays.com\/pt\/151527\/"},"modified":"2025-11-14T10:08:34","modified_gmt":"2025-11-14T10:08:34","slug":"grande-tempestade-canibal-vai-atingir-a-terra-reino-unido-alerta-para-problemas-de-comunicacoes-e-gps","status":"publish","type":"post","link":"https:\/\/www.europesays.com\/pt\/151527\/","title":{"rendered":"Grande &#8220;tempestade canibal&#8221; vai atingir a Terra. Reino Unido alerta para problemas de comunica\u00e7\u00f5es e GPS"},"content":{"rendered":"<p>\t                Servi\u00e7o Geol\u00f3gico Brit\u00e2nico alerta para um &#8220;evento significativo&#8221; que pode ser o maior em 20 anos<\/p>\n<p style=\"margin-bottom:11px\">O Hemisf\u00e9rio Norte foi iluminado por uma s\u00e9rie de auroras boreais e Portugal n\u00e3o foi exce\u00e7\u00e3o, num evento que foi apenas a primeira parte de algo maior, e que vai continuar, n\u00e3o havendo certezas sobre a dura\u00e7\u00e3o do fen\u00f3meno.<\/p>\n<p>De acordo com o <a href=\"https:\/\/www.bgs.ac.uk\/news\/uk-braced-for-what-could-be-the-largest-solar-storm-in-over-two-decades\/\" target=\"_blank\" rel=\"nofollow noopener\">Servi\u00e7o Geol\u00f3gico Brit\u00e2nico<\/a> (BGS), houve uma atualiza\u00e7\u00e3o das previs\u00f5es para os campos geomagn\u00e9ticos, prevendo-se o maior n\u00edvel de intensidade durante uma tempestade solar.<\/p>\n<p>Essa mesma tempestade solar \u00e9 o que provoca as tais auroras boreais, que foram vis\u00edveis nos c\u00e9us de Portugal durante a \u00faltima noite.<\/p>\n<p>De acordo com as previs\u00f5es do BGS, uma segunda tempestade que se alimenta da primeira vai resultar na maior tempestade solar em mais de duas d\u00e9cadas, com os cientistas a acreditarem na possibilidade de ser atingido o n\u00edvel G5, o m\u00e1ximo na escala de tempestades Administra\u00e7\u00e3o Oce\u00e2nica e Atmosf\u00e9rica Nacional dos Estados Unidos.<\/p>\n<p> <img loading=\"lazy\" decoding=\"async\" alt=\"Aurora boreal\" height=\"563\" src=\"https:\/\/www.europesays.com\/pt\/wp-content\/uploads\/2025\/11\/1763114914_243_1000.jpg\" width=\"1000\"\/> <\/p>\n<p>   Foi poss\u00edvel ver auroras boreais em v\u00e1rias partes do Hemisf\u00e9rio Norte. Esta imagem \u00e9 do estado norte-americano do Kansas\u00a0(Charlie Riedel\/AP) <\/p>\n<p>Aquela mesma ag\u00eancia d\u00e1 conta da possibilidade de uma \u201ctempestade canibal\u201d, havendo a possibilidade de disrup\u00e7\u00e3o de comunica\u00e7\u00f5es, nomeadamente em rela\u00e7\u00e3o aos sistemas de r\u00e1dio, e dos sistemas de GPS.<\/p>\n<p>O BGS sublinha que este aumento da atividade originado pela tempestade solar pode ter impactos significativos nas tecnologias utilizadas em terra, mas tamb\u00e9m nos sat\u00e9lites colocados em \u00f3rbita.<\/p>\n<p>Estas tempestades geomagn\u00e9ticas s\u00e3o causadas por atividade solar em intera\u00e7\u00e3o com o campo magn\u00e9tico da Terra, o que implica as infraestruturas de energia e a navega\u00e7\u00e3o em todo o mundo.<\/p>\n<p>O BGS lembra que, como em qualquer previs\u00e3o, n\u00e3o \u00e9 poss\u00edvel dizer com totais certezas como e quando vai ser esta tempestade solar, um fen\u00f3meno que viaja desde o sol e pode demorar apenas 17 horas a atingir o nosso planeta, embora tamb\u00e9m possa demorar significativamente mais.<\/p>\n<p>&#8220;Com base nas observa\u00e7\u00f5es de sat\u00e9lite, antecipamos que o evento vai ser significativo. As primeiras indica\u00e7\u00f5es como as medidas das part\u00edculas de energia solar no solo s\u00e3o das maiores desde 2005&#8221;, pode ler-se no comunicado daquela ag\u00eancia.<\/p>\n","protected":false},"excerpt":{"rendered":"Servi\u00e7o Geol\u00f3gico Brit\u00e2nico alerta para um &#8220;evento significativo&#8221; que pode ser o maior em 20 anos O Hemisf\u00e9rio&hellip;\n","protected":false},"author":2,"featured_media":151528,"comment_status":"","ping_status":"","sticky":false,"template":"","format":"standard","meta":{"footnotes":""},"categories":[8],"tags":[609,836,611,32858,27,28,607,608,333,7192,832,604,135,610,476,15,16,301,5129,830,14,603,25,26,570,21,22,831,833,62,834,12,13,19,20,835,602,52,32,23,24,33,713,27351,17,18,29,30,31],"class_list":{"0":"post-151527","1":"post","2":"type-post","3":"status-publish","4":"format-standard","5":"has-post-thumbnail","7":"category-principais-noticias","8":"tag-alerta","9":"tag-analise","10":"tag-ao-minuto","11":"tag-auroras-boreais","12":"tag-breaking-news","13":"tag-breakingnews","14":"tag-cnn","15":"tag-cnn-portugal","16":"tag-comentadores","17":"tag-comunicacoes","18":"tag-costa","19":"tag-crime","20":"tag-desporto","21":"tag-direto","22":"tag-economia","23":"tag-featured-news","24":"tag-featurednews","25":"tag-governo","26":"tag-gps","27":"tag-guerra","28":"tag-headlines","29":"tag-justica","30":"tag-latest-news","31":"tag-latestnews","32":"tag-live","33":"tag-main-news","34":"tag-mainnews","35":"tag-mais-vistas","36":"tag-marcelo","37":"tag-mundo","38":"tag-negocios","39":"tag-news","40":"tag-noticias","41":"tag-noticias-principais","42":"tag-noticiasprincipais","43":"tag-opiniao","44":"tag-pais","45":"tag-politica","46":"tag-portugal","47":"tag-principais-noticias","48":"tag-principaisnoticias","49":"tag-pt","50":"tag-reino-unido","51":"tag-tempestade-solar","52":"tag-top-stories","53":"tag-topstories","54":"tag-ultimas","55":"tag-ultimas-noticias","56":"tag-ultimasnoticias"},"share_on_mastodon":{"url":"","error":"Validation failed: Text character limit of 500 exceeded"},"_links":{"self":[{"href":"https:\/\/www.europesays.com\/pt\/wp-json\/wp\/v2\/posts\/151527","targetHints":{"allow":["GET"]}}],"collection":[{"href":"https:\/\/www.europesays.com\/pt\/wp-json\/wp\/v2\/posts"}],"about":[{"href":"https:\/\/www.europesays.com\/pt\/wp-json\/wp\/v2\/types\/post"}],"author":[{"embeddable":true,"href":"https:\/\/www.europesays.com\/pt\/wp-json\/wp\/v2\/users\/2"}],"replies":[{"embeddable":true,"href":"https:\/\/www.europesays.com\/pt\/wp-json\/wp\/v2\/comments?post=151527"}],"version-history":[{"count":0,"href":"https:\/\/www.europesays.com\/pt\/wp-json\/wp\/v2\/posts\/151527\/revisions"}],"wp:featuredmedia":[{"embeddable":true,"href":"https:\/\/www.europesays.com\/pt\/wp-json\/wp\/v2\/media\/151528"}],"wp:attachment":[{"href":"https:\/\/www.europesays.com\/pt\/wp-json\/wp\/v2\/media?parent=151527"}],"wp:term":[{"taxonomy":"category","embeddable":true,"href":"https:\/\/www.europesays.com\/pt\/wp-json\/wp\/v2\/categories?post=151527"},{"taxonomy":"post_tag","embeddable":true,"href":"https:\/\/www.europesays.com\/pt\/wp-json\/wp\/v2\/tags?post=151527"}],"curies":[{"name":"wp","href":"https:\/\/api.w.org\/{rel}","templated":true}]}}