{"id":151533,"date":"2025-11-14T10:13:30","date_gmt":"2025-11-14T10:13:30","guid":{"rendered":"https:\/\/www.europesays.com\/pt\/151533\/"},"modified":"2025-11-14T10:13:30","modified_gmt":"2025-11-14T10:13:30","slug":"guns-n-roses-no-es-em-2026","status":"publish","type":"post","link":"https:\/\/www.europesays.com\/pt\/151533\/","title":{"rendered":"Guns N\u2019 Roses no ES em 2026"},"content":{"rendered":"<p>Os f\u00e3s de rock no <a href=\"https:\/\/www.folhavitoria.com.br\/tag\/espirito-santo\/\" rel=\"nofollow noopener\" target=\"_blank\"><strong>Esp\u00edrito Santo<\/strong><\/a> podem cruzar os dedos e torcer. O Est\u00e1dio Kleber Andrade, em <a href=\"https:\/\/www.folhavitoria.com.br\/tag\/CARIACICA\/\" rel=\"nofollow noopener\" target=\"_blank\"><strong>Cariacica<\/strong><\/a>, foi sondado para sediar um show do <a href=\"https:\/\/www.folhavitoria.com.br\/tag\/guns-n-roses\/\" rel=\"nofollow noopener\" target=\"_blank\"><strong>Guns N\u2019 Roses<\/strong><\/a> no dia 12 de abril de 2026. A informa\u00e7\u00e3o foi confirmada pela Secretaria de Estado de Esportes e Lazer (Sesport).<\/p>\n<p>Em nota, o \u00f3rg\u00e3o informou que foi procurado para avaliar a viabilidade do evento nessa data. No entanto, destacou que ainda n\u00e3o houve solicita\u00e7\u00e3o oficial de reserva nem pagamento do aluguel do est\u00e1dio, o que indica que as negocia\u00e7\u00f5es seguem em andamento.<\/p>\n<p><strong>\u201cA Secretaria de Esportes e Lazer (Sesport) informa que foi sondada sobre a possibilidade de realiza\u00e7\u00e3o do show da banda Guns N\u2019 Roses no Est\u00e1dio Estadual Kleber Andrade, para o dia 12\/04\/2026. Entretanto, ainda n\u00e3o houve nenhuma solicita\u00e7\u00e3o oficial para a reserva da data e o pagamento do aluguel do est\u00e1dio\u201d<\/strong>, diz o comunicado.<\/p>\n<p>Por enquanto, a realiza\u00e7\u00e3o do show no Esp\u00edrito Santo n\u00e3o est\u00e1 confirmada, mas as tratativas continuam e podem ter um desfecho em breve.<\/p>\n<p>Veja quem j\u00e1 se apresentou no Esp\u00edrito Santo<\/p>\n<p>Caso o show seja confirmado, o evento deve movimentar f\u00e3s de todo o Estado e colocar novamente o Esp\u00edrito Santo na rota das grandes turn\u00eas internacionais. Relembre as atra\u00e7\u00f5es internacionais que j\u00e1 se apresentaram em terras capixabas:<\/p>\n<p><strong>The Calling (2024 e 2025) <\/strong><br \/>O grupo norte-americano se apresentou em 2024, em Vit\u00f3ria; e em outubro passado, na Pra\u00e7a do Papa, no Festival Somos Rock. <\/p>\n<p><img loading=\"lazy\" decoding=\"async\" width=\"1320\" height=\"768\" src=\"data:image\/svg+xml,%3Csvg%20xmlns=\" http:=\"\" alt=\"\" class=\"wp-image-7611197\" data-lazy- data-lazy- data-lazy-src=\"https:\/\/www.europesays.com\/pt\/wp-content\/uploads\/2025\/11\/the-calling-Vitoria.jpg\"\/>The Calling. Foto: Reprodu\u00e7\u00e3o\/Instagram\/@thecallingmusic<\/p>\n<p><strong>David Guetta (2015 e 2016)<\/strong><br \/>O DJ franc\u00eas transformou Guarapari em uma grande pista de dan\u00e7a com um espet\u00e1culo de luzes, efeitos e m\u00fasica eletr\u00f4nica, reunindo milhares de pessoas em uma das maiores festas do g\u00eanero no Estado.<\/p>\n<p><strong>Paul McCartney (2014)<\/strong><br \/>O ex-Beatle fez hist\u00f3ria ao lotar o Est\u00e1dio Kleber Andrade, em Cariacica, com a turn\u00ea Out There!. Foi a primeira e \u00fanica vez que o lend\u00e1rio m\u00fasico se apresentou no Esp\u00edrito Santo. Naquela noite, sucessos dos Beatles, Wings e da carreira solo embalaram cerca de 34 mil pessoas \u2014 um marco na m\u00fasica capixaba.<\/p>\n<p><img loading=\"lazy\" decoding=\"async\" width=\"1320\" height=\"768\" src=\"data:image\/svg+xml,%3Csvg%20xmlns=\" http:=\"\" alt=\"Show de Paul McCartney no Est\u00e1dio Kleber Andrade\" class=\"wp-image-7474431\" data-lazy- data-lazy- data-lazy-src=\"https:\/\/www.europesays.com\/pt\/wp-content\/uploads\/2025\/11\/Show-de-Paul-McCartney-no-Estadio-Kleber-Andrade.jpg\"\/>Show de Paul McCartney no Est\u00e1dio Kleber Andrade. Foto: Rhuana Ribeiro<\/p>\n<p><strong>RBD (2006)<\/strong><br \/>No auge da febre teen dos anos 2000, o grupo mexicano levou uma multid\u00e3o \u00e0 Pra\u00e7a do Papa, em Vit\u00f3ria, com a Tour Generaci\u00f3n. Foi um dos maiores shows pop j\u00e1 realizados no Estado, e at\u00e9 hoje \u00e9 lembrado com nostalgia pelos f\u00e3s da novela Rebelde.<\/p>\n<p><strong>Lauryn Hill (2007)<\/strong><br \/>\u00cdcone do R&amp;B e do hip hop, a cantora abriu a temporada brasileira de apresenta\u00e7\u00f5es daquele ano no Festival de Alegre. Cerca de 13 mil pessoas acompanharam o show que colocou o Sul do Estado no mapa das grandes turn\u00eas internacionais.<\/p>\n<p><strong>Deep Purple (2006) <br \/><\/strong>A banda de hard rock Deep Purple tocou na Pra\u00e7a do Papa em dezembro de 2006, dentro da turn\u00ea \u201cRapture of the Deep\u201d.<\/p>\n<p><strong>Scorpions (2005)<\/strong><br \/>A lend\u00e1ria banda alem\u00e3 de rock cl\u00e1ssico trouxe sucessos como \u201cWind of Change\u201d e \u201cStill Loving You\u201d, em uma noite que ficou marcada para os f\u00e3s capixabas.<\/p>\n","protected":false},"excerpt":{"rendered":"Os f\u00e3s de rock no Esp\u00edrito Santo podem cruzar os dedos e torcer. O Est\u00e1dio Kleber Andrade, em&hellip;\n","protected":false},"author":2,"featured_media":151534,"comment_status":"","ping_status":"","sticky":false,"template":"","format":"standard","meta":{"footnotes":""},"categories":[141],"tags":[3582,114,115,24663,149,150,32,33,1645],"class_list":{"0":"post-151533","1":"post","2":"type-post","3":"status-publish","4":"format-standard","5":"has-post-thumbnail","7":"category-musica","8":"tag-banda","9":"tag-entertainment","10":"tag-entretenimento","11":"tag-guns-n-roses","12":"tag-music","13":"tag-musica","14":"tag-portugal","15":"tag-pt","16":"tag-rock"},"share_on_mastodon":{"url":"https:\/\/pubeurope.com\/@pt\/115547524853945660","error":""},"_links":{"self":[{"href":"https:\/\/www.europesays.com\/pt\/wp-json\/wp\/v2\/posts\/151533","targetHints":{"allow":["GET"]}}],"collection":[{"href":"https:\/\/www.europesays.com\/pt\/wp-json\/wp\/v2\/posts"}],"about":[{"href":"https:\/\/www.europesays.com\/pt\/wp-json\/wp\/v2\/types\/post"}],"author":[{"embeddable":true,"href":"https:\/\/www.europesays.com\/pt\/wp-json\/wp\/v2\/users\/2"}],"replies":[{"embeddable":true,"href":"https:\/\/www.europesays.com\/pt\/wp-json\/wp\/v2\/comments?post=151533"}],"version-history":[{"count":0,"href":"https:\/\/www.europesays.com\/pt\/wp-json\/wp\/v2\/posts\/151533\/revisions"}],"wp:featuredmedia":[{"embeddable":true,"href":"https:\/\/www.europesays.com\/pt\/wp-json\/wp\/v2\/media\/151534"}],"wp:attachment":[{"href":"https:\/\/www.europesays.com\/pt\/wp-json\/wp\/v2\/media?parent=151533"}],"wp:term":[{"taxonomy":"category","embeddable":true,"href":"https:\/\/www.europesays.com\/pt\/wp-json\/wp\/v2\/categories?post=151533"},{"taxonomy":"post_tag","embeddable":true,"href":"https:\/\/www.europesays.com\/pt\/wp-json\/wp\/v2\/tags?post=151533"}],"curies":[{"name":"wp","href":"https:\/\/api.w.org\/{rel}","templated":true}]}}