{"id":151539,"date":"2025-11-14T10:20:09","date_gmt":"2025-11-14T10:20:09","guid":{"rendered":"https:\/\/www.europesays.com\/pt\/151539\/"},"modified":"2025-11-14T10:20:09","modified_gmt":"2025-11-14T10:20:09","slug":"interior-recebeu-22-mil-milhoes-mas-ninguem-sabe-qual-o-impacto-que-tiveram","status":"publish","type":"post","link":"https:\/\/www.europesays.com\/pt\/151539\/","title":{"rendered":"Interior recebeu 2,2 mil milh\u00f5es, mas ningu\u00e9m sabe qual o impacto que tiveram"},"content":{"rendered":"<p data-remotead-prev-elm=\"true\" data-remotead-elm-id=\"inread\">Mais de 2,2 mil milh\u00f5es de euros j\u00e1 foram gastos em medidas de valoriza\u00e7\u00e3o do Interior desde 2017, mas ningu\u00e9m sabe aferir os efeitos desse investimento. A monitoriza\u00e7\u00e3o \u00e9 inexistente e boa parte dos programas integrados na Agenda do Interior \u00e9 de \u00e2mbito nacional, com financiamento acess\u00edvel a todas as regi\u00f5es e sem discrimina\u00e7\u00e3o positiva ou diferencia\u00e7\u00e3o dos 165 concelhos e 74 freguesias que integram os territ\u00f3rios de baixa densidade.<\/p>\n","protected":false},"excerpt":{"rendered":"Mais de 2,2 mil milh\u00f5es de euros j\u00e1 foram gastos em medidas de valoriza\u00e7\u00e3o do Interior desde 2017,&hellip;\n","protected":false},"author":2,"featured_media":151540,"comment_status":"","ping_status":"","sticky":false,"template":"","format":"standard","meta":{"footnotes":""},"categories":[50],"tags":[27,28,32862,15,16,14,10762,9399,25,26,21,22,62,619,12,13,19,20,23,24,17,18,29,30,31,63,64,65],"class_list":{"0":"post-151539","1":"post","2":"type-post","3":"status-publish","4":"format-standard","5":"has-post-thumbnail","7":"category-mundo","8":"tag-breaking-news","9":"tag-breakingnews","10":"tag-despesa","11":"tag-featured-news","12":"tag-featurednews","13":"tag-headlines","14":"tag-interior","15":"tag-investimento","16":"tag-latest-news","17":"tag-latestnews","18":"tag-main-news","19":"tag-mainnews","20":"tag-mundo","21":"tag-nacional","22":"tag-news","23":"tag-noticias","24":"tag-noticias-principais","25":"tag-noticiasprincipais","26":"tag-principais-noticias","27":"tag-principaisnoticias","28":"tag-top-stories","29":"tag-topstories","30":"tag-ultimas","31":"tag-ultimas-noticias","32":"tag-ultimasnoticias","33":"tag-world","34":"tag-world-news","35":"tag-worldnews"},"share_on_mastodon":{"url":"https:\/\/pubeurope.com\/@pt\/115547552037740466","error":""},"_links":{"self":[{"href":"https:\/\/www.europesays.com\/pt\/wp-json\/wp\/v2\/posts\/151539","targetHints":{"allow":["GET"]}}],"collection":[{"href":"https:\/\/www.europesays.com\/pt\/wp-json\/wp\/v2\/posts"}],"about":[{"href":"https:\/\/www.europesays.com\/pt\/wp-json\/wp\/v2\/types\/post"}],"author":[{"embeddable":true,"href":"https:\/\/www.europesays.com\/pt\/wp-json\/wp\/v2\/users\/2"}],"replies":[{"embeddable":true,"href":"https:\/\/www.europesays.com\/pt\/wp-json\/wp\/v2\/comments?post=151539"}],"version-history":[{"count":0,"href":"https:\/\/www.europesays.com\/pt\/wp-json\/wp\/v2\/posts\/151539\/revisions"}],"wp:featuredmedia":[{"embeddable":true,"href":"https:\/\/www.europesays.com\/pt\/wp-json\/wp\/v2\/media\/151540"}],"wp:attachment":[{"href":"https:\/\/www.europesays.com\/pt\/wp-json\/wp\/v2\/media?parent=151539"}],"wp:term":[{"taxonomy":"category","embeddable":true,"href":"https:\/\/www.europesays.com\/pt\/wp-json\/wp\/v2\/categories?post=151539"},{"taxonomy":"post_tag","embeddable":true,"href":"https:\/\/www.europesays.com\/pt\/wp-json\/wp\/v2\/tags?post=151539"}],"curies":[{"name":"wp","href":"https:\/\/api.w.org\/{rel}","templated":true}]}}