{"id":151541,"date":"2025-11-14T10:30:49","date_gmt":"2025-11-14T10:30:49","guid":{"rendered":"https:\/\/www.europesays.com\/pt\/151541\/"},"modified":"2025-11-14T10:30:49","modified_gmt":"2025-11-14T10:30:49","slug":"a-protegida-jd-e-goncalo-recusam-ajudar-monica-a-encontrar-a-familia-biologica-novelas","status":"publish","type":"post","link":"https:\/\/www.europesays.com\/pt\/151541\/","title":{"rendered":"A Protegida: JD e Gon\u00e7alo recusam ajudar M\u00f3nica a encontrar a fam\u00edlia biol\u00f3gica &#8211; Novelas"},"content":{"rendered":"<p>Em \u00abA Protegida\u00bb, M\u00f3nica (Catarina Nifo) quer tentar encontrar algu\u00e9m da sua fam\u00edlia. JD (Pedro Sousa) acha dif\u00edcil, pois as pessoas est\u00e3o pouco tempo nos bairros sociais. Gon\u00e7alo (Jo\u00e3o Bettencourt) n\u00e3o est\u00e1 interessado em conhecer a sua fam\u00edlia e est\u00e1 farto de mentiras. JD diz que n\u00e3o pode ir com M\u00f3nica, pois tem de resolver as coisas com Mariana (Matilde Reym\u00e3o) e conta aos irm\u00e3os que casaram. M\u00f3nica fica em choque.<\/p>\n","protected":false},"excerpt":{"rendered":"Em \u00abA Protegida\u00bb, M\u00f3nica (Catarina Nifo) quer tentar encontrar algu\u00e9m da sua fam\u00edlia. JD (Pedro Sousa) acha dif\u00edcil,&hellip;\n","protected":false},"author":2,"featured_media":151542,"comment_status":"","ping_status":"","sticky":false,"template":"","format":"standard","meta":{"footnotes":""},"categories":[142],"tags":[168,160,166,114,115,157,167,164,2931,161,158,165,159,32,33,156,163,151,162],"class_list":{"0":"post-151541","1":"post","2":"type-post","3":"status-publish","4":"format-standard","5":"has-post-thumbnail","7":"category-tv","8":"tag-a-protegida","9":"tag-ana-guiomar","10":"tag-cristina-ferreira","11":"tag-entertainment","12":"tag-entretenimento","13":"tag-festa-e-festa","14":"tag-ficcao","15":"tag-jose-fidalgo","16":"tag-novela","17":"tag-novelas","18":"tag-para-sempre","19":"tag-pedro-sousa","20":"tag-pedro-teixeira","21":"tag-portugal","22":"tag-pt","23":"tag-queridos-papas","24":"tag-tiago-teotonio-pereira","25":"tag-tv","26":"tag-tvi"},"share_on_mastodon":{"url":"https:\/\/pubeurope.com\/@pt\/115547595286869122","error":""},"_links":{"self":[{"href":"https:\/\/www.europesays.com\/pt\/wp-json\/wp\/v2\/posts\/151541","targetHints":{"allow":["GET"]}}],"collection":[{"href":"https:\/\/www.europesays.com\/pt\/wp-json\/wp\/v2\/posts"}],"about":[{"href":"https:\/\/www.europesays.com\/pt\/wp-json\/wp\/v2\/types\/post"}],"author":[{"embeddable":true,"href":"https:\/\/www.europesays.com\/pt\/wp-json\/wp\/v2\/users\/2"}],"replies":[{"embeddable":true,"href":"https:\/\/www.europesays.com\/pt\/wp-json\/wp\/v2\/comments?post=151541"}],"version-history":[{"count":0,"href":"https:\/\/www.europesays.com\/pt\/wp-json\/wp\/v2\/posts\/151541\/revisions"}],"wp:featuredmedia":[{"embeddable":true,"href":"https:\/\/www.europesays.com\/pt\/wp-json\/wp\/v2\/media\/151542"}],"wp:attachment":[{"href":"https:\/\/www.europesays.com\/pt\/wp-json\/wp\/v2\/media?parent=151541"}],"wp:term":[{"taxonomy":"category","embeddable":true,"href":"https:\/\/www.europesays.com\/pt\/wp-json\/wp\/v2\/categories?post=151541"},{"taxonomy":"post_tag","embeddable":true,"href":"https:\/\/www.europesays.com\/pt\/wp-json\/wp\/v2\/tags?post=151541"}],"curies":[{"name":"wp","href":"https:\/\/api.w.org\/{rel}","templated":true}]}}