{"id":151543,"date":"2025-11-14T10:31:35","date_gmt":"2025-11-14T10:31:35","guid":{"rendered":"https:\/\/www.europesays.com\/pt\/151543\/"},"modified":"2025-11-14T10:31:35","modified_gmt":"2025-11-14T10:31:35","slug":"lady-gaga-revela-que-fazia-uso-de-litio-durante-as-gravacoes-de-nasce-uma-estrela-foi-realmente-assustador","status":"publish","type":"post","link":"https:\/\/www.europesays.com\/pt\/151543\/","title":{"rendered":"Lady Gaga revela que fazia uso de L\u00cdTIO durante as grava\u00e7\u00f5es de &#8216;Nasce Uma Estrela&#8217;: &#8220;Foi realmente assustador&#8221;"},"content":{"rendered":"<p>Sete anos ap\u00f3s seu papel de destaque no filme <strong>\u2018<a href=\"https:\/\/cinepop.com.br\/tag\/nasce-uma-estrela\/\" title=\"Nasce Uma Estrela\" rel=\"nofollow noopener\" target=\"_blank\">Nasce Uma Estrela<\/a>\u2019<\/strong>, de <strong><a href=\"https:\/\/cinepop.com.br\/tag\/bradley-cooper\/\" title=\"Bradley Cooper\" rel=\"nofollow noopener\" target=\"_blank\">Bradley Cooper<\/a><\/strong>, <strong><a href=\"https:\/\/cinepop.com.br\/tag\/lady-gaga\/\" title=\"Lady Gaga\" rel=\"nofollow noopener\" target=\"_blank\">Lady Gaga<\/a><\/strong> relembrou recentemente um triste epis\u00f3dio de bastidores envolvendo a produ\u00e7\u00e3o.<\/p>\n<p>A vencedora do Oscar revelou que estava tomando l\u00edtio durante as filmagens do remake do romance musical, em um per\u00edodo agitado de sua carreira, que tamb\u00e9m incluiu o lan\u00e7amento do \u00e1lbum <strong>\u2018<a href=\"https:\/\/cinepop.com.br\/tag\/joanne\/\" title=\"Joanne\" rel=\"nofollow noopener\" target=\"_blank\">Joanne<\/a>\u2019<\/strong> e a turn\u00ea que o acompanhou, al\u00e9m de sua apresenta\u00e7\u00e3o no intervalo do <strong>Super Bowl LI<\/strong>.<\/p>\n<p>\u201cEu fiz <strong>\u2018<a href=\"https:\/\/cinepop.com.br\/tag\/nasce-uma-estrela\/\" title=\"Nasce Uma Estrela\" rel=\"nofollow noopener\" target=\"_blank\">Nasce Uma Estrela<\/a>\u2019<\/strong> tomando l\u00edtio\u201d, disse ela \u00e0 <a href=\"https:\/\/www.rollingstone.com\/music\/music-features\/lady-gaga-mayhem-tour-grammys-cover-story-interview-1235460150\/\" rel=\"nofollow noopener\" target=\"_blank\">Rolling Stone<\/a>. \u201cHouve um dia em que minha irm\u00e3 me disse: \u2018n\u00e3o vejo mais minha irm\u00e3\u2019. E eu cancelei a turn\u00ea. Houve um dia em que fui internada em um hospital psiqui\u00e1trico. Eu precisava de uma pausa. Eu n\u00e3o conseguia fazer nada\u2026 Eu desabei completamente. Foi realmente assustador. Houve um momento em que achei que n\u00e3o conseguiria melhorar\u2026 Me sinto muito sortuda por estar viva. Sei que isso pode soar dram\u00e1tico, mas sabemos como as coisas podem terminar\u201d.<\/p>\n<p>O l\u00edtio \u00e9 um estabilizador de humor usado para tratar doen\u00e7as mentais como transtorno bipolar e depress\u00e3o man\u00edaca. Em 2020, Gaga lan\u00e7ou o single <strong>\u201c911\u201d<\/strong> do \u00e1lbum <strong>\u2018<a href=\"https:\/\/cinepop.com.br\/tag\/chromatica\/\" title=\"Chromatica\" rel=\"nofollow noopener\" target=\"_blank\">Chromatica<\/a>\u2019<\/strong>, que fala sobre suas lutas passadas com a sa\u00fade mental e a depend\u00eancia de medicamentos antipsic\u00f3ticos.<\/p>\n<p>Gaga tamb\u00e9m disse \u00e0 revista que, desde ent\u00e3o, se tornou \u201cuma pessoa saud\u00e1vel e completa\u201d, atribuindo seu sucesso ao noivo, <strong><a href=\"https:\/\/cinepop.com.br\/tag\/michael-polansky\/\" title=\"Michael Polansky\" rel=\"nofollow noopener\" target=\"_blank\">Michael Polansky<\/a><\/strong>.<\/p>\n<p>\u201cEstar apaixonada por algu\u00e9m que se importa com a minha verdadeira ess\u00eancia fez toda a diferen\u00e7a\u201d, ela explicou. \u201cComo voc\u00ea aprende a ser voc\u00ea mesma com algu\u00e9m quando n\u00e3o sabe ser voc\u00ea mesma com ningu\u00e9m?\u201d.<\/p>\n<p>Gaga, que ganhou um Oscar e um Globo de Ouro por sua can\u00e7\u00e3o original <strong>\u201cShallow\u201d<\/strong> por <strong>\u2018<a href=\"https:\/\/cinepop.com.br\/tag\/nasce-uma-estrela\/\" title=\"Nasce Uma Estrela\" rel=\"nofollow noopener\" target=\"_blank\">Nasce Uma Estrela<\/a>\u2019<\/strong>, retorna \u00e0s telonas no ano que vem em uma participa\u00e7\u00e3o em\u00a0<strong>\u2018O Diabo Veste Prada 2\u2019<\/strong>.<\/p>\n","protected":false},"excerpt":{"rendered":"Sete anos ap\u00f3s seu papel de destaque no filme \u2018Nasce Uma Estrela\u2019, de Bradley Cooper, Lady Gaga relembrou&hellip;\n","protected":false},"author":2,"featured_media":151544,"comment_status":"","ping_status":"","sticky":false,"template":"","format":"standard","meta":{"footnotes":""},"categories":[141],"tags":[32863,32864,114,115,32865,1277,32866,149,150,32867,32,33],"class_list":{"0":"post-151543","1":"post","2":"type-post","3":"status-publish","4":"format-standard","5":"has-post-thumbnail","7":"category-musica","8":"tag-bradley-cooper","9":"tag-chromatica","10":"tag-entertainment","11":"tag-entretenimento","12":"tag-joanne","13":"tag-lady-gaga","14":"tag-michael-polansky","15":"tag-music","16":"tag-musica","17":"tag-nasce-uma-estrela","18":"tag-portugal","19":"tag-pt"},"share_on_mastodon":{"url":"https:\/\/pubeurope.com\/@pt\/115547595352481542","error":""},"_links":{"self":[{"href":"https:\/\/www.europesays.com\/pt\/wp-json\/wp\/v2\/posts\/151543","targetHints":{"allow":["GET"]}}],"collection":[{"href":"https:\/\/www.europesays.com\/pt\/wp-json\/wp\/v2\/posts"}],"about":[{"href":"https:\/\/www.europesays.com\/pt\/wp-json\/wp\/v2\/types\/post"}],"author":[{"embeddable":true,"href":"https:\/\/www.europesays.com\/pt\/wp-json\/wp\/v2\/users\/2"}],"replies":[{"embeddable":true,"href":"https:\/\/www.europesays.com\/pt\/wp-json\/wp\/v2\/comments?post=151543"}],"version-history":[{"count":0,"href":"https:\/\/www.europesays.com\/pt\/wp-json\/wp\/v2\/posts\/151543\/revisions"}],"wp:featuredmedia":[{"embeddable":true,"href":"https:\/\/www.europesays.com\/pt\/wp-json\/wp\/v2\/media\/151544"}],"wp:attachment":[{"href":"https:\/\/www.europesays.com\/pt\/wp-json\/wp\/v2\/media?parent=151543"}],"wp:term":[{"taxonomy":"category","embeddable":true,"href":"https:\/\/www.europesays.com\/pt\/wp-json\/wp\/v2\/categories?post=151543"},{"taxonomy":"post_tag","embeddable":true,"href":"https:\/\/www.europesays.com\/pt\/wp-json\/wp\/v2\/tags?post=151543"}],"curies":[{"name":"wp","href":"https:\/\/api.w.org\/{rel}","templated":true}]}}