{"id":151545,"date":"2025-11-14T10:33:07","date_gmt":"2025-11-14T10:33:07","guid":{"rendered":"https:\/\/www.europesays.com\/pt\/151545\/"},"modified":"2025-11-14T10:33:07","modified_gmt":"2025-11-14T10:33:07","slug":"franca-apura-se-para-a-fase-final-pela-17-a-vez","status":"publish","type":"post","link":"https:\/\/www.europesays.com\/pt\/151545\/","title":{"rendered":"Fran\u00e7a apura-se para a fase final pela 17.\u00aa vez"},"content":{"rendered":"<p>&#13;<br \/>\nOs `bleus` bateram hoje a Ucr\u00e2nia, por 4-0, com golos de Kylian Mbapp\u00e9, aos 55 e 83 minutos, o primeiro de pen\u00e1lti, Olise, aos 76, e Ekitik\u00e9, aos 88, e garantiram o primeiro lugar da `poule` D, com 13 pontos, a uma jornada do fim, enquanto a Isl\u00e2ndia segue em segundo com sete, os mesmos da Ucr\u00e2nia, com o Azerbaij\u00e3o em quarto e \u00faltimo, com um.&#13;\n<\/p>\n<p>&#13;<br \/>\nA Fran\u00e7a vai disputar uma fase final de um Campeonato do Mundo pela 17.\u00aa vez, oitava consecutiva, depois de ter falhado o apuramento pela \u00faltima vez em 1994.&#13;\n<\/p>\n<p>&#13;<br \/>\nA forma\u00e7\u00e3o orientada por Didier Deschamps j\u00e1 levantou o cetro por duas vezes, em 1998, em casa, e em 2018, na R\u00fassia. Em 2022, no Qatar, chegou \u00e0 final, mas acabou derrotada pela Argentina, detentora do trof\u00e9u.&#13;\n<\/p>\n<p>&#13;<br \/>\nA sele\u00e7\u00e3o francesa \u00e9 a 26.\u00aa a qualificar-se para a 23.\u00aa edi\u00e7\u00e3o do Campeonato do Mundo, a disputar entre 11 de junho e 19 de julho de 2026, num grupo a que se juntam os anfitri\u00f5es Estados Unidos, M\u00e9xico e Canad\u00e1.&#13;\n<\/p>\n<p>&#13;<br \/>\n\u00a0&#13;<\/p>\n","protected":false},"excerpt":{"rendered":"&#13; Os `bleus` bateram hoje a Ucr\u00e2nia, por 4-0, com golos de Kylian Mbapp\u00e9, aos 55 e 83&hellip;\n","protected":false},"author":2,"featured_media":151546,"comment_status":"","ping_status":"","sticky":false,"template":"","format":"standard","meta":{"footnotes":""},"categories":[87],"tags":[135,32868,23673,32,33,134,840],"class_list":{"0":"post-151545","1":"post","2":"type-post","3":"status-publish","4":"format-standard","5":"has-post-thumbnail","7":"category-desporto","8":"tag-desporto","9":"tag-ekitike","10":"tag-kylian-mbappe","11":"tag-portugal","12":"tag-pt","13":"tag-sports","14":"tag-ucrania"},"share_on_mastodon":{"url":"https:\/\/pubeurope.com\/@pt\/115547603385016776","error":""},"_links":{"self":[{"href":"https:\/\/www.europesays.com\/pt\/wp-json\/wp\/v2\/posts\/151545","targetHints":{"allow":["GET"]}}],"collection":[{"href":"https:\/\/www.europesays.com\/pt\/wp-json\/wp\/v2\/posts"}],"about":[{"href":"https:\/\/www.europesays.com\/pt\/wp-json\/wp\/v2\/types\/post"}],"author":[{"embeddable":true,"href":"https:\/\/www.europesays.com\/pt\/wp-json\/wp\/v2\/users\/2"}],"replies":[{"embeddable":true,"href":"https:\/\/www.europesays.com\/pt\/wp-json\/wp\/v2\/comments?post=151545"}],"version-history":[{"count":0,"href":"https:\/\/www.europesays.com\/pt\/wp-json\/wp\/v2\/posts\/151545\/revisions"}],"wp:featuredmedia":[{"embeddable":true,"href":"https:\/\/www.europesays.com\/pt\/wp-json\/wp\/v2\/media\/151546"}],"wp:attachment":[{"href":"https:\/\/www.europesays.com\/pt\/wp-json\/wp\/v2\/media?parent=151545"}],"wp:term":[{"taxonomy":"category","embeddable":true,"href":"https:\/\/www.europesays.com\/pt\/wp-json\/wp\/v2\/categories?post=151545"},{"taxonomy":"post_tag","embeddable":true,"href":"https:\/\/www.europesays.com\/pt\/wp-json\/wp\/v2\/tags?post=151545"}],"curies":[{"name":"wp","href":"https:\/\/api.w.org\/{rel}","templated":true}]}}