{"id":151553,"date":"2025-11-14T10:39:12","date_gmt":"2025-11-14T10:39:12","guid":{"rendered":"https:\/\/www.europesays.com\/pt\/151553\/"},"modified":"2025-11-14T10:39:12","modified_gmt":"2025-11-14T10:39:12","slug":"o-governo-avancou-a-maluca-na-lei-laboral-os-cartazes-de-ventura-sao-crime-etico-politico-assalto-a-verdade-miguel-sousa-tavares","status":"publish","type":"post","link":"https:\/\/www.europesays.com\/pt\/151553\/","title":{"rendered":"&#8220;O Governo avan\u00e7ou \u00e0 maluca&#8221; na lei laboral, os cartazes de Ventura s\u00e3o &#8220;crime \u00e9tico, pol\u00edtico, assalto \u00e0 verdade&#8221;: Miguel Sousa Tavares"},"content":{"rendered":"<p>\t                Comentador deixa ainda um aviso: &#8220;Est\u00e3o a liquidar o nosso planeta&#8221;<\/p>\n<p>&#8220;Isto \u00e9 um crime \u00e9tico, pol\u00edtico, \u00e9 um assalto \u00e0 verdade&#8221;, diz Miguel Sousa Tavares sobre os cartazes da candidatura de Andr\u00e9 Ventura \u00e0s presidenciais. &#8220;O Andr\u00e9 Ventura n\u00e3o deve saber nada do que se passa no pa\u00eds para dizer que os imigrantes vivem de subs\u00eddios. Ele n\u00e3o v\u00ea os tipos da Uber, de manh\u00e3 \u00e0 noite, na cidade, para tr\u00e1s para a frente, a levar comida para a casa das pessoas &#8211; e os da Glovo e tudo isso.&#8221;<\/p>\n<p>Miguel Sousa Tavares garante tamb\u00e9m que Andr\u00e9 Ventura \u00e9 enganador quando diz que o Chega tem sido um dos que t\u00eam mais contribu\u00eddo para a reforma laboral, &#8220;querendo que os imigrantes se v\u00e3o embora porque, diz ele, se eles se forem embora os outros passam a ganhar melhor&#8221;.\u00a0&#8220;Isto \u00e9 falso de tr\u00eas maneiras: uma, o trabalho que os imigrantes fazem os portugueses n\u00e3o querem fazer; segundo, estamos a viver uma situa\u00e7\u00e3o de quase pleno emprego &#8211; portanto, n\u00e3o h\u00e1 ningu\u00e9m que esteja fora do mercado de trabalho por culpa dos imigrantes e a ganhar menos; terceiro, os sal\u00e1rios no ano passado em Portugal subiram em m\u00e9dia 7,5%&#8221;, afirma o comentador da TVI (do mesmo grupo da CNN Portugal).<\/p>\n<p>&#8220;Est\u00e3o a liquidar o nosso planeta&#8221; <\/p>\n<p>Num dia marcado pela depress\u00e3o Cl\u00e1udia, que causou a morte de dois idosos em Fern\u00e3o Ferro, Miguel Sousa Tavares voltou a apontar o dedo \u00e0s fragilidades estruturais do pa\u00eds e, sobretudo, \u00e0 incapacidade global de enfrentar a crise clim\u00e1tica. &#8220;Normal n\u00e3o \u00e9, como este tempo tamb\u00e9m n\u00e3o \u00e9 normal. A conclus\u00e3o \u00e9 que Portugal n\u00e3o est\u00e1 preparado para as altera\u00e7\u00f5es clim\u00e1ticas, embora saibamos que vamos ser dos pa\u00edses mais afetados por elas &#8211; sobretudo n\u00e3o com chuva, mas com seca.&#8221;<\/p>\n<p>Para o comentador da TVI (do mesmo grupo da CNN Portugal), o pa\u00eds est\u00e1 a &#8220;assistir a um ciclo infernal, que j\u00e1 sab\u00edamos, que \u00e9 muito calor e inc\u00eandios no ver\u00e3o e chuvas diluvianas em pouco tempo no inverno&#8221;.\u00a0 Sousa Tavares reitera tamb\u00e9m que \u00e9 necess\u00e1rio olhar para a reuni\u00e3o do COP30 com preocupa\u00e7\u00e3o. &#8220;Desde os acordos de Paris, o mundo viu subir a temperatura 1,35%, quando a meta de Paris era que subisse apenas 1,5% no final do s\u00e9culo&#8221;.<\/p>\n<p>&#8220;H\u00e1 tr\u00eas coisas essenciais a fazer:\u00a0consumir menos energia e o planeta est\u00e1 a consumir mais energia. Cortar as emiss\u00f5es de di\u00f3xido de carbono e ter dinheiro para a mudan\u00e7a da energia baseada em carbonetos para uma energia limpa.\u00a0 As tr\u00eas coisas n\u00e3o est\u00e3o a acontecer&#8221;, destaca o comentador no seu espa\u00e7o habitual de an\u00e1lise \u00e0s quintas-feiras na TVI. &#8220;Est\u00e3o a liquidar o nosso planeta.&#8221;<\/p>\n<p>&#8220;Governo avan\u00e7ou \u00e0 maluca&#8221; <\/p>\n<p>Miguel Sousa Tavares analisa ainda\u00a0a greve geral, marcada para 11 de dezembro. Para o comentador, a origem do problema \u00e9 clara: o Governo avan\u00e7ou sozinho com um pacote laboral sem negocia\u00e7\u00f5es pr\u00e9vias com sindicatos e patr\u00f5es. &#8220;Eu percebo a inten\u00e7\u00e3o do Governo em mudar uma\u00a0 estrutura de direito laboral que foi pensada para uma economia que cada vez existe menos.\u00a0O que eu n\u00e3o percebo \u00e9 que o Governo resolva apresentar uma proposta sem discuss\u00e3o pr\u00e9via\u00a0 com os sindicatos e com os patr\u00f5es, com os parceiros sociais &#8211; se h\u00e1 mat\u00e9ria de concerta\u00e7\u00e3o social e de discuss\u00e3o em sede de concerta\u00e7\u00e3o social, \u00e9 esta&#8221;.<\/p>\n<p>E acrescenta: &#8220;O Governo avan\u00e7a \u00e0 maluca com uma proposta que obviamente j\u00e1 tinha preparado e depois fica muito espantado quando os sindicatos dizem &#8216;assim n\u00e3o brincamos, assim vamos para uma greve geral&#8221;, conclui Miguel Sousa Tavares.\u00a0<\/p>\n","protected":false},"excerpt":{"rendered":"Comentador deixa ainda um aviso: &#8220;Est\u00e3o a liquidar o nosso planeta&#8221; &#8220;Isto \u00e9 um crime \u00e9tico, pol\u00edtico, \u00e9&hellip;\n","protected":false},"author":2,"featured_media":61145,"comment_status":"","ping_status":"","sticky":false,"template":"","format":"standard","meta":{"footnotes":""},"categories":[10],"tags":[609,2335,836,3386,611,27,28,12183,2271,607,608,333,832,604,135,610,476,15,16,301,1322,830,14,603,25,26,570,21,22,831,833,12270,62,834,12,13,19,20,835,602,52,32,23,24,33,17,18,31790,29,30,31],"class_list":{"0":"post-151553","1":"post","2":"type-post","3":"status-publish","4":"format-standard","5":"has-post-thumbnail","7":"category-portugal","8":"tag-alerta","9":"tag-alteracoes-climaticas","10":"tag-analise","11":"tag-andre-ventura","12":"tag-ao-minuto","13":"tag-breaking-news","14":"tag-breakingnews","15":"tag-cgtp","16":"tag-clima","17":"tag-cnn","18":"tag-cnn-portugal","19":"tag-comentadores","20":"tag-costa","21":"tag-crime","22":"tag-desporto","23":"tag-direto","24":"tag-economia","25":"tag-featured-news","26":"tag-featurednews","27":"tag-governo","28":"tag-greve","29":"tag-guerra","30":"tag-headlines","31":"tag-justica","32":"tag-latest-news","33":"tag-latestnews","34":"tag-live","35":"tag-main-news","36":"tag-mainnews","37":"tag-mais-vistas","38":"tag-marcelo","39":"tag-miguel-sousa-tavares","40":"tag-mundo","41":"tag-negocios","42":"tag-news","43":"tag-noticias","44":"tag-noticias-principais","45":"tag-noticiasprincipais","46":"tag-opiniao","47":"tag-pais","48":"tag-politica","49":"tag-portugal","50":"tag-principais-noticias","51":"tag-principaisnoticias","52":"tag-pt","53":"tag-top-stories","54":"tag-topstories","55":"tag-ugt","56":"tag-ultimas","57":"tag-ultimas-noticias","58":"tag-ultimasnoticias"},"share_on_mastodon":{"url":"","error":"Validation failed: Text character limit of 500 exceeded"},"_links":{"self":[{"href":"https:\/\/www.europesays.com\/pt\/wp-json\/wp\/v2\/posts\/151553","targetHints":{"allow":["GET"]}}],"collection":[{"href":"https:\/\/www.europesays.com\/pt\/wp-json\/wp\/v2\/posts"}],"about":[{"href":"https:\/\/www.europesays.com\/pt\/wp-json\/wp\/v2\/types\/post"}],"author":[{"embeddable":true,"href":"https:\/\/www.europesays.com\/pt\/wp-json\/wp\/v2\/users\/2"}],"replies":[{"embeddable":true,"href":"https:\/\/www.europesays.com\/pt\/wp-json\/wp\/v2\/comments?post=151553"}],"version-history":[{"count":0,"href":"https:\/\/www.europesays.com\/pt\/wp-json\/wp\/v2\/posts\/151553\/revisions"}],"wp:featuredmedia":[{"embeddable":true,"href":"https:\/\/www.europesays.com\/pt\/wp-json\/wp\/v2\/media\/61145"}],"wp:attachment":[{"href":"https:\/\/www.europesays.com\/pt\/wp-json\/wp\/v2\/media?parent=151553"}],"wp:term":[{"taxonomy":"category","embeddable":true,"href":"https:\/\/www.europesays.com\/pt\/wp-json\/wp\/v2\/categories?post=151553"},{"taxonomy":"post_tag","embeddable":true,"href":"https:\/\/www.europesays.com\/pt\/wp-json\/wp\/v2\/tags?post=151553"}],"curies":[{"name":"wp","href":"https:\/\/api.w.org\/{rel}","templated":true}]}}