{"id":151554,"date":"2025-11-14T10:42:10","date_gmt":"2025-11-14T10:42:10","guid":{"rendered":"https:\/\/www.europesays.com\/pt\/151554\/"},"modified":"2025-11-14T10:42:10","modified_gmt":"2025-11-14T10:42:10","slug":"uma-casa-simples-e-discreta-com-telhas-pretas-e-um-abrigo-de-ferias-em-leiria-arquitectura","status":"publish","type":"post","link":"https:\/\/www.europesays.com\/pt\/151554\/","title":{"rendered":"Uma casa \u201csimples e discreta\u201d com telhas pretas \u00e9 um abrigo de f\u00e9rias em Leiria | Arquitectura"},"content":{"rendered":"<p>O projecto Castel\u00e3o nasceu num terreno sereno em Almoster, Alvai\u00e1zere, no distrito de Leiria. A ideia era criar um \u201cref\u00fagio de fim-de-semana\u201d que trouxesse a calma e fosse \u201cfiel \u00e0 ess\u00eancia do habitar\u201d, l\u00ea-se no comunicado do\u00a0<a font-size:=\"\" href=\"https:\/\/experimental.com.pt\/en\/projects\/castelao\" new=\"\" style=\"color: rgb(168, 0, 20); border-bottom: 1px solid rgb(202, 202, 202); text-decoration-line: none; font-family: Georgia, \" times=\"\" rel=\"nofollow noopener\" target=\"_blank\">Atelier Experimental<\/a>.<\/p>\n<p>A casa, que era dos av\u00f3s do cliente, come\u00e7ou como uma casa de dois pisos \u201cfechada sobre si\u201d, mas a equipa de arquitectos optou por demolir o volume superior e criar uma casa t\u00e9rrea. Um s\u00f3 piso que \u201cabra\u00e7a a topografia com humildade e leveza\u201d.<\/p>\n<p>El\u00f3i Gon\u00e7alves, arquitecto e respons\u00e1vel do projecto, confessa que construir no interior do pa\u00eds \u00e9 \u201csempre um desafio\u201d e, por isso, muitas das op\u00e7\u00f5es de constru\u00e7\u00e3o foram adaptadas a \u201cum m\u00e9todo simples e tradicional\u201d.\u00a0Distingue-a as telhas pretas, um material que\u00a0\u201cesconde a sujidade\u201d e ajuda a casa a ser\u00a0\u201csimples e discreta\u201d, como ilustram as fotografias de Francisco Ascens\u00e3o e Ant\u00f3nio Mesquita.<\/p>\n<p>Assim surgiu a ideia de um s\u00f3 pavimento por toda a casa, a cobertura inclinada de duas \u00e1guas, madeira vis\u00edvel e paredes rebocadas \u00e0 tirolesa: m\u00e9todos locais a que os arquitectos recorreram e que fizeram do espa\u00e7o algo que \u201cn\u00e3o se imp\u00f5e, prende-se \u00e0 terra\u201d. N\u00e3o fosse esta casa numa freguesia com mil habitantes, o objectivo \u00e9 que a viv\u00eancia aqui consista tamb\u00e9m em \u201ccaminhar, ver, parar\u201d.<\/p>\n<p>Por ser uma casa de f\u00e9rias, os arquitectos quiseram trazer a sensa\u00e7\u00e3o de hotel. El\u00f3i conta que a estrutura original da casa n\u00e3o tinha um corredor, ent\u00e3o optaram por \u201cdesenhar um corredor muito comprido, de forma generosa e com uma geometria org\u00e2nica\u201d.<\/p>\n<p>O espa\u00e7o original contava com \u201cdivis\u00f5es muito humildes\u201d, mas El\u00f3i garante que neste projecto conseguiram juntar \u201co melhor de dois mundos: o ninho, o quarto que \u00e9 um compartimento comprimido de pedra e o espa\u00e7o da casa que tem quase a propor\u00e7\u00e3o de uma pequena igreja onde se podem fazer as jantaradas que o cliente queria\u201d.<\/p>\n<p>A estrutura conta ainda com um amplo alpendre e uma zona de churrasco que convidam \u00e0 partilha e conviv\u00eancia. \u201cA casa est\u00e1 no meio de casas antigas, mas est\u00e1 l\u00e1, silenciosa, sempre pertenceu \u00e0quele l\u00e9xico\u201d, conclui.<\/p>\n","protected":false},"excerpt":{"rendered":"O projecto Castel\u00e3o nasceu num terreno sereno em Almoster, Alvai\u00e1zere, no distrito de Leiria. A ideia era criar&hellip;\n","protected":false},"author":2,"featured_media":151555,"comment_status":"","ping_status":"","sticky":false,"template":"","format":"standard","meta":{"footnotes":""},"categories":[144],"tags":[207,205,206,203,201,202,204,114,115,32,33],"class_list":{"0":"post-151554","1":"post","2":"type-post","3":"status-publish","4":"format-standard","5":"has-post-thumbnail","7":"category-arte-e-design","8":"tag-arte","9":"tag-arte-e-design","10":"tag-artedesign","11":"tag-arts","12":"tag-arts-and-design","13":"tag-artsanddesign","14":"tag-design","15":"tag-entertainment","16":"tag-entretenimento","17":"tag-portugal","18":"tag-pt"},"share_on_mastodon":{"url":"https:\/\/pubeurope.com\/@pt\/115547638542308773","error":""},"_links":{"self":[{"href":"https:\/\/www.europesays.com\/pt\/wp-json\/wp\/v2\/posts\/151554","targetHints":{"allow":["GET"]}}],"collection":[{"href":"https:\/\/www.europesays.com\/pt\/wp-json\/wp\/v2\/posts"}],"about":[{"href":"https:\/\/www.europesays.com\/pt\/wp-json\/wp\/v2\/types\/post"}],"author":[{"embeddable":true,"href":"https:\/\/www.europesays.com\/pt\/wp-json\/wp\/v2\/users\/2"}],"replies":[{"embeddable":true,"href":"https:\/\/www.europesays.com\/pt\/wp-json\/wp\/v2\/comments?post=151554"}],"version-history":[{"count":0,"href":"https:\/\/www.europesays.com\/pt\/wp-json\/wp\/v2\/posts\/151554\/revisions"}],"wp:featuredmedia":[{"embeddable":true,"href":"https:\/\/www.europesays.com\/pt\/wp-json\/wp\/v2\/media\/151555"}],"wp:attachment":[{"href":"https:\/\/www.europesays.com\/pt\/wp-json\/wp\/v2\/media?parent=151554"}],"wp:term":[{"taxonomy":"category","embeddable":true,"href":"https:\/\/www.europesays.com\/pt\/wp-json\/wp\/v2\/categories?post=151554"},{"taxonomy":"post_tag","embeddable":true,"href":"https:\/\/www.europesays.com\/pt\/wp-json\/wp\/v2\/tags?post=151554"}],"curies":[{"name":"wp","href":"https:\/\/api.w.org\/{rel}","templated":true}]}}