{"id":151557,"date":"2025-11-14T10:47:15","date_gmt":"2025-11-14T10:47:15","guid":{"rendered":"https:\/\/www.europesays.com\/pt\/151557\/"},"modified":"2025-11-14T10:47:15","modified_gmt":"2025-11-14T10:47:15","slug":"benfica-pensa-contratar-concorrente-para-pavlidis-eis-o-plano","status":"publish","type":"post","link":"https:\/\/www.europesays.com\/pt\/151557\/","title":{"rendered":"Benfica pensa contratar concorrente para Pavlidis: eis o plano"},"content":{"rendered":"<p>&#8211; Advertisement &#8211;<\/p>\n<p><strong>O Benfica quer refor\u00e7ar ataque e Vangelis Pavlidis pode ver chegar mais um avan\u00e7ado. Extremo tamb\u00e9m est\u00e1 nos planos.<\/strong><\/p>\n<p>O Benfica pensa contratar concorrente para Vangelis Pavlidis, garante o jornal O JOGO. A mesma fonte refere que Jos\u00e9 Mourinho tem como prioridade refor\u00e7ar a linha da frente e a ideia \u00e9 contratar, pelo menos, dois jogadores para essa \u00e1rea: um extremo esquerdo (j\u00e1 nos planos da SAD) e um ponta de lan\u00e7a.<\/p>\n<p>De acordo com a fonte, j\u00e1 h\u00e1 uma lista de de potenciais alvos para fazer concorr\u00eancia a Pavlidis. Jos\u00e9 Mourinho quer um avan\u00e7ado forte fisicamente com capacidade para ganhar duelos na grande \u00e1rea e bolas a\u00e9reas. <\/p>\n<p>Com o mercado de janeiro \u00e0 porta, o desempenho do <a href=\"https:\/\/bolanarede.pt\/etiqueta\/benfica\/\" target=\"_blank\" rel=\"noreferrer noopener nofollow\">Benfica <\/a>ter\u00e1 peso, isto pois a SAD encarnada acredita que este esfor\u00e7o financeiro s\u00f3 far\u00e1 sentido se o clube estiver \u00abvivo\u00bb na Primeira Liga e na Champions League. Franjo Ivanovic e Henrique Ara\u00fajo perderam espa\u00e7o, apesar de a SAD manter confian\u00e7a em ambos os jogadores.<\/p>\n","protected":false},"excerpt":{"rendered":"&#8211; Advertisement &#8211; O Benfica quer refor\u00e7ar ataque e Vangelis Pavlidis pode ver chegar mais um avan\u00e7ado. Extremo&hellip;\n","protected":false},"author":2,"featured_media":151558,"comment_status":"","ping_status":"","sticky":false,"template":"","format":"standard","meta":{"footnotes":""},"categories":[87],"tags":[260,51,135,478,32,33,134,262],"class_list":{"0":"post-151557","1":"post","2":"type-post","3":"status-publish","4":"format-standard","5":"has-post-thumbnail","7":"category-desporto","8":"tag-atualidade","9":"tag-benfica","10":"tag-desporto","11":"tag-destaques-bnr","12":"tag-portugal","13":"tag-pt","14":"tag-sports","15":"tag-vangelis-pavlidis"},"share_on_mastodon":{"url":"https:\/\/pubeurope.com\/@pt\/115547658228878453","error":""},"_links":{"self":[{"href":"https:\/\/www.europesays.com\/pt\/wp-json\/wp\/v2\/posts\/151557","targetHints":{"allow":["GET"]}}],"collection":[{"href":"https:\/\/www.europesays.com\/pt\/wp-json\/wp\/v2\/posts"}],"about":[{"href":"https:\/\/www.europesays.com\/pt\/wp-json\/wp\/v2\/types\/post"}],"author":[{"embeddable":true,"href":"https:\/\/www.europesays.com\/pt\/wp-json\/wp\/v2\/users\/2"}],"replies":[{"embeddable":true,"href":"https:\/\/www.europesays.com\/pt\/wp-json\/wp\/v2\/comments?post=151557"}],"version-history":[{"count":0,"href":"https:\/\/www.europesays.com\/pt\/wp-json\/wp\/v2\/posts\/151557\/revisions"}],"wp:featuredmedia":[{"embeddable":true,"href":"https:\/\/www.europesays.com\/pt\/wp-json\/wp\/v2\/media\/151558"}],"wp:attachment":[{"href":"https:\/\/www.europesays.com\/pt\/wp-json\/wp\/v2\/media?parent=151557"}],"wp:term":[{"taxonomy":"category","embeddable":true,"href":"https:\/\/www.europesays.com\/pt\/wp-json\/wp\/v2\/categories?post=151557"},{"taxonomy":"post_tag","embeddable":true,"href":"https:\/\/www.europesays.com\/pt\/wp-json\/wp\/v2\/tags?post=151557"}],"curies":[{"name":"wp","href":"https:\/\/api.w.org\/{rel}","templated":true}]}}