{"id":151561,"date":"2025-11-14T10:50:09","date_gmt":"2025-11-14T10:50:09","guid":{"rendered":"https:\/\/www.europesays.com\/pt\/151561\/"},"modified":"2025-11-14T10:50:09","modified_gmt":"2025-11-14T10:50:09","slug":"chegou-gpt-5-1-novas-personalidades-da-ia-e-mais-novidades","status":"publish","type":"post","link":"https:\/\/www.europesays.com\/pt\/151561\/","title":{"rendered":"Chegou GPT-5.1! Novas personalidades da IA e mais novidades"},"content":{"rendered":"<p>Ap\u00f3s muita expectativa e alarido, a OpenAI apresentou o GPT-5 em agosto, mas, \u00e0 medida que as ferramentas come\u00e7aram a integrar o modelo mais recente, houve tamb\u00e9m uma rea\u00e7\u00e3o negativa significativa, o que levou a empresa a fazer algumas altera\u00e7\u00f5es. Agora, a criadora do ChatGPT quer reconquistar os utilizadores com o GPT-5.1.<\/p>\n<p><a target=\"_blank\" href=\"https:\/\/pplware.sapo.pt\/wp-content\/uploads\/2025\/11\/openai_gpt_5-1_0.jpg\" onclick=\"refreshIframe()\" class=\"foobox\" rel=\"nofollow noopener\"><img fetchpriority=\"high\" decoding=\"async\" src=\"https:\/\/www.europesays.com\/pt\/wp-content\/uploads\/2025\/11\/openai_gpt_5-1_0-1024x576.jpg\" alt=\"GPT-5.1 OpenAI personalidade IA\" width=\"720\" height=\"405\" class=\"aligncenter size-large wp-image-1088349\"  \/><\/a>\n<\/p>\n<p>Chegou o GPT-5.1 com muitas novidades<\/p>\n<p>Tal como o GPT-5, o modelo GPT-5.1 tamb\u00e9m <a target=\"_blank\" href=\"https:\/\/openai.com\/index\/gpt-5-1\/\" rel=\"nofollow noopener\">est\u00e1 dispon\u00edvel<\/a> em duas vers\u00f5es: Instant e Thinking. O primeiro \u00e9 um modelo mais convencional, bom a seguir instru\u00e7\u00f5es, mas agora foi concebido para ser mais &#8220;afetuoso&#8221; e inteligente. J\u00e1 o GPT-5.1 Thinking \u00e9 um modelo de racioc\u00ednio avan\u00e7ado, reformulado para ser mais r\u00e1pido a compreender e resolver tarefas simples e mais persistente quando se lida com itens complexos.<\/p>\n<p>Por defeito, o GPT-5.1 Instant \u00e9 mais l\u00fadico e conversacional, mas a OpenAI oferece op\u00e7\u00f5es de personaliza\u00e7\u00e3o no ChatGPT para que o modelo se adapte melhor ao seu estilo. O modelo utiliza tamb\u00e9m o &#8220;racioc\u00ednio adaptativo&#8221;, decidindo quando pensar antes de responder a quest\u00f5es complexas, resultando em melhores resultados nas m\u00e9tricas de avalia\u00e7\u00e3o.<\/p>\n<p>Enquanto isso, o GPT-5.1 Thinking \u00e9 um modelo melhor no geral do que a sua variante anterior de racioc\u00ednio avan\u00e7ado, al\u00e9m de ter sido concebido para ser mais acess\u00edvel. Isto porque utiliza menos jarg\u00e3o e sendo mais emp\u00e1tico e acolhedor por defeito.<\/p>\n<p><a target=\"_blank\" href=\"https:\/\/pplware.sapo.pt\/wp-content\/uploads\/2025\/11\/openai_gpt_5-1_1.jpg\" onclick=\"refreshIframe()\" class=\"foobox\" rel=\"nofollow noopener\"><img loading=\"lazy\" decoding=\"async\" src=\"https:\/\/www.europesays.com\/pt\/wp-content\/uploads\/2025\/11\/openai_gpt_5-1_1-1024x576.jpg\" alt=\"GPT-5.1 OpenAI personalidade IA\" width=\"720\" height=\"405\" class=\"aligncenter size-large wp-image-1088351\"  \/><\/a><\/p>\n<p>OpenAI traz mudan\u00e7as \u00e0 personalidade<\/p>\n<p>A OpenAI referiu que o GPT-5.1 Auto ser\u00e1 respons\u00e1vel por decidir para que modelo direcionar os pedidos do utilizador. Em termos de disponibilidade, o modelo mais recente est\u00e1 a ser implementado gradualmente para os planos ChatGPT Pro, Plus, Go e Business, seguido pelos clientes gratuitos. Tamb\u00e9m estar\u00e1 dispon\u00edvel na API ainda esta semana.<\/p>\n<p>Sobre a descontinua\u00e7\u00e3o dos modelos antigos, a OpenAI declarou que o GPT-5 (Instant e Thinking) continuar\u00e1 dispon\u00edvel no ChatGPT no menu suspenso de modelos legados para subscritores pagos durante tr\u00eas meses, para que as pessoas tenham tempo para comparar e adaptar-se ao seu pr\u00f3prio ritmo.<\/p>\n<p><a target=\"_blank\" href=\"https:\/\/pplware.sapo.pt\/wp-content\/uploads\/2025\/11\/openai_gpt_5-1_2.jpg\" onclick=\"refreshIframe()\" class=\"foobox\" rel=\"nofollow noopener\"><img loading=\"lazy\" decoding=\"async\" src=\"https:\/\/www.europesays.com\/pt\/wp-content\/uploads\/2025\/11\/openai_gpt_5-1_2-1024x576.jpg\" alt=\"GPT-5.1 OpenAI personalidade IA\" width=\"720\" height=\"405\" class=\"aligncenter size-large wp-image-1088350\"  \/><\/a><\/p>\n<p>Melhorias na IA e no que oferece<\/p>\n<p>O per\u00edodo de descontinua\u00e7\u00e3o do GPT-5 n\u00e3o afeta a disponibilidade de outros modelos legados. Daqui para a frente, quando introduzirem novos modelos do ChatGPT, a abordagem ser\u00e1 dar \u00e0s pessoas um amplo espa\u00e7o para avaliar as mudan\u00e7as e partilhar feedback, permitindo continuar a inovar os modelos de topo enquanto fazemos a transi\u00e7\u00e3o sem problemas.<\/p>\n<p>Em termos de novas op\u00e7\u00f5es de personaliza\u00e7\u00e3o no ChatGPT, a OpenAI introduz os tons Profissional, Sincero e Inusitado. Estes juntam-se aos tons Standard, Friendly e Efficient j\u00e1 existentes, que tamb\u00e9m receberam algumas atualiza\u00e7\u00f5es. Em breve, o ChatGPT tamb\u00e9m poder\u00e1 perguntar se pretende atualizar as suas prefer\u00eancias de tom caso perceba que solicita respostas num tom diferente.<\/p>\n","protected":false},"excerpt":{"rendered":"Ap\u00f3s muita expectativa e alarido, a OpenAI apresentou o GPT-5 em agosto, mas, \u00e0 medida que as ferramentas&hellip;\n","protected":false},"author":2,"featured_media":151562,"comment_status":"","ping_status":"","sticky":false,"template":"","format":"standard","meta":{"footnotes":""},"categories":[84],"tags":[109,107,108,32869,414,2430,32870,32,33,105,103,104,106,110],"class_list":{"0":"post-151561","1":"post","2":"type-post","3":"status-publish","4":"format-standard","5":"has-post-thumbnail","7":"category-ciencia-e-tecnologia","8":"tag-ciencia","9":"tag-ciencia-e-tecnologia","10":"tag-cienciaetecnologia","11":"tag-gpt-5-1","12":"tag-ia","13":"tag-openai","14":"tag-personalidade","15":"tag-portugal","16":"tag-pt","17":"tag-science","18":"tag-science-and-technology","19":"tag-scienceandtechnology","20":"tag-technology","21":"tag-tecnologia"},"share_on_mastodon":{"url":"https:\/\/pubeurope.com\/@pt\/115547670560738657","error":""},"_links":{"self":[{"href":"https:\/\/www.europesays.com\/pt\/wp-json\/wp\/v2\/posts\/151561","targetHints":{"allow":["GET"]}}],"collection":[{"href":"https:\/\/www.europesays.com\/pt\/wp-json\/wp\/v2\/posts"}],"about":[{"href":"https:\/\/www.europesays.com\/pt\/wp-json\/wp\/v2\/types\/post"}],"author":[{"embeddable":true,"href":"https:\/\/www.europesays.com\/pt\/wp-json\/wp\/v2\/users\/2"}],"replies":[{"embeddable":true,"href":"https:\/\/www.europesays.com\/pt\/wp-json\/wp\/v2\/comments?post=151561"}],"version-history":[{"count":0,"href":"https:\/\/www.europesays.com\/pt\/wp-json\/wp\/v2\/posts\/151561\/revisions"}],"wp:featuredmedia":[{"embeddable":true,"href":"https:\/\/www.europesays.com\/pt\/wp-json\/wp\/v2\/media\/151562"}],"wp:attachment":[{"href":"https:\/\/www.europesays.com\/pt\/wp-json\/wp\/v2\/media?parent=151561"}],"wp:term":[{"taxonomy":"category","embeddable":true,"href":"https:\/\/www.europesays.com\/pt\/wp-json\/wp\/v2\/categories?post=151561"},{"taxonomy":"post_tag","embeddable":true,"href":"https:\/\/www.europesays.com\/pt\/wp-json\/wp\/v2\/tags?post=151561"}],"curies":[{"name":"wp","href":"https:\/\/api.w.org\/{rel}","templated":true}]}}