{"id":151569,"date":"2025-11-14T10:59:14","date_gmt":"2025-11-14T10:59:14","guid":{"rendered":"https:\/\/www.europesays.com\/pt\/151569\/"},"modified":"2025-11-14T10:59:14","modified_gmt":"2025-11-14T10:59:14","slug":"leia-o-discurso-de-karol-g-no-grammy-latino","status":"publish","type":"post","link":"https:\/\/www.europesays.com\/pt\/151569\/","title":{"rendered":"Leia o discurso de Karol G no Grammy Latino"},"content":{"rendered":"<p><strong><a href=\"https:\/\/billboard.com.br\/artistas\/karol-g\/\" data-internallinksmanager029f6b8e52c=\"49\" title=\"Karol G\" rel=\"nofollow noopener\" target=\"_blank\">Karol G<\/a><\/strong> superou o favoritismo de <strong>Bad Bunny <\/strong>nas principais categorias do <strong><a href=\"https:\/\/billboard.com.br\/premiacoes\/grammy-latino\/\" data-internallinksmanager029f6b8e52c=\"209\" title=\"Grammy Latino\" rel=\"nofollow noopener\" target=\"_blank\">Grammy Latino<\/a><\/strong> e venceu como can\u00e7\u00e3o do ano. A vit\u00f3ria se deu pelo sucesso da faixa \u201cSi Antes Te Hubiera Conocido\u201d, que deixou para tr\u00e1s sucessos do bem-sucedido disco do porto-riquenho.<\/p>\n<p>  VEJA TAMB\u00c9M<\/p>\n<p>    <a href=\"https:\/\/billboard.com.br\/dia-do-fa-deezer-promove-experiencia-para-o-maior-ouvinte-de-shakira-do-app\/\" rel=\"nofollow noopener\" target=\"_blank\"><img loading=\"lazy\" decoding=\"async\" width=\"180\" height=\"180\" src=\"data:image\/svg+xml,%3Csvg%20xmlns=\" http:=\"\" class=\"attachment-theissue-thumbnail-x2 size-theissue-thumbnail-x2 wp-post-image\" alt=\"Super f\u00e3 Deezer Anderson\" data-lazy- data-lazy- data-lazy-src=\"https:\/\/www.europesays.com\/pt\/wp-content\/uploads\/2025\/11\/Super-fa-Anderson-Deezer-180x180.jpg\"\/><\/a><\/p>\n<p>Ao aceitar o gramofone, Karol aproveitou o momento para fazer um discurso em que refletiu sobre a fama e como tem sido alvo constante de muitos julgamentos, especialmente depois que passou a ser uma estrela global.<\/p>\n<p>Leia o discurso de Karol G no Grammy Latino<\/p>\n<p>\u201cVou falar do que tem acontecido na minha vida com a chegada do sucesso. Chegam coisas muito bonitas, mas ao mesmo vem confus\u00e3o e muitas d\u00favidas o tempo todo.<\/p>\n<p>Ultimamente, todo mundo tem uma opini\u00e3o.<\/p>\n<p>Muita gente se sente profissional, dando opini\u00e3o sobre o que as pessoas devem ou n\u00e3o fazer. E, de certa forma, eu comecei a pensar que tudo o que eu estava fazendo era tentar ficar bem, e que eu estava perdendo a minha magia, meu encanto. Isso aconteceu comigo este ano, durante um momento estranho da minha vida.<\/p>\n<p><strong>+Leia mais: <a href=\"https:\/\/billboard.com.br\/latin-grammy-veja-a-lista-completa-de-vencedores\/\" rel=\"nofollow noopener\" target=\"_blank\">Latin Grammy: veja a lista completa de vencedores<\/a><\/strong><\/p>\n<p>E a \u00fanica coisa que restou para mim foi voltar para a raiz e retornar ao prop\u00f3sito: estou fazendo isso porque amo, porque gosto e porque nasci para fazer isso.<\/p>\n<p>E este pr\u00eamio est\u00e1 me dando a oportunidade de dizer. N\u00e3o digo por mim; digo porque h\u00e1 muitas pessoas em casa pensando que n\u00e3o s\u00e3o boas o suficiente ou profissionais o suficiente para fazer o que querem. Esque\u00e7am o mundo, esque\u00e7am o barulho. Porque quando a gente esquece a avalia\u00e7\u00e3o do outro, o que sobra \u00e9 o amor e a paix\u00e3o, acima do talento. Paix\u00e3o e obsess\u00e3o.\u201d<\/p>\n<p>Al\u00e9m do discurso poderoso, Karol tamb\u00e9m fez uma performance no <a href=\"https:\/\/billboard.com.br\/premiacoes\/grammy-latino\/\" data-internallinksmanager029f6b8e52c=\"209\" title=\"Grammy Latino\" rel=\"nofollow noopener\" target=\"_blank\">Grammy Latino<\/a>. Ela cantou a faixa \u201cColeccionando Heridas\u201dacompanhada de <strong>Marco Antonio Sol\u00eds.<\/strong><\/p>\n<p><img loading=\"lazy\" decoding=\"async\" class=\"size-full wp-image-163906\" src=\"data:image\/svg+xml,%3Csvg%20xmlns=\" http:=\"\" alt=\"Karol G\" width=\"1200\" height=\"603\" data-lazy- data-lazy- data-lazy-src=\"https:\/\/www.europesays.com\/pt\/wp-content\/uploads\/2025\/11\/Karol-G-vence-categoria-principal-no-Grammy-Latino-2025-Divulgacao_Latin-Grammy.webp.webp\"\/><a href=\"https:\/\/billboard.com.br\/artistas\/karol-g\/\" data-internallinksmanager029f6b8e52c=\"49\" title=\"Karol G\" rel=\"nofollow noopener\" target=\"_blank\">Karol G<\/a> vence categoria principal no <a href=\"https:\/\/billboard.com.br\/premiacoes\/grammy-latino\/\" data-internallinksmanager029f6b8e52c=\"209\" title=\"Grammy Latino\" rel=\"nofollow noopener\" target=\"_blank\">Grammy Latino<\/a> 2025 (Divulga\u00e7\u00e3o\/Latin <a href=\"https:\/\/billboard.com.br\/premiacoes\/grammy\/\" data-internallinksmanager029f6b8e52c=\"210\" title=\"Grammy\" rel=\"nofollow noopener\" target=\"_blank\">Grammy<\/a>)<\/p>\n","protected":false},"excerpt":{"rendered":"Karol G superou o favoritismo de Bad Bunny nas principais categorias do Grammy Latino e venceu como can\u00e7\u00e3o&hellip;\n","protected":false},"author":2,"featured_media":151570,"comment_status":"","ping_status":"","sticky":false,"template":"","format":"standard","meta":{"footnotes":""},"categories":[141],"tags":[114,115,149,150,32,33],"class_list":{"0":"post-151569","1":"post","2":"type-post","3":"status-publish","4":"format-standard","5":"has-post-thumbnail","7":"category-musica","8":"tag-entertainment","9":"tag-entretenimento","10":"tag-music","11":"tag-musica","12":"tag-portugal","13":"tag-pt"},"share_on_mastodon":{"url":"https:\/\/pubeurope.com\/@pt\/115547705575245986","error":""},"_links":{"self":[{"href":"https:\/\/www.europesays.com\/pt\/wp-json\/wp\/v2\/posts\/151569","targetHints":{"allow":["GET"]}}],"collection":[{"href":"https:\/\/www.europesays.com\/pt\/wp-json\/wp\/v2\/posts"}],"about":[{"href":"https:\/\/www.europesays.com\/pt\/wp-json\/wp\/v2\/types\/post"}],"author":[{"embeddable":true,"href":"https:\/\/www.europesays.com\/pt\/wp-json\/wp\/v2\/users\/2"}],"replies":[{"embeddable":true,"href":"https:\/\/www.europesays.com\/pt\/wp-json\/wp\/v2\/comments?post=151569"}],"version-history":[{"count":0,"href":"https:\/\/www.europesays.com\/pt\/wp-json\/wp\/v2\/posts\/151569\/revisions"}],"wp:featuredmedia":[{"embeddable":true,"href":"https:\/\/www.europesays.com\/pt\/wp-json\/wp\/v2\/media\/151570"}],"wp:attachment":[{"href":"https:\/\/www.europesays.com\/pt\/wp-json\/wp\/v2\/media?parent=151569"}],"wp:term":[{"taxonomy":"category","embeddable":true,"href":"https:\/\/www.europesays.com\/pt\/wp-json\/wp\/v2\/categories?post=151569"},{"taxonomy":"post_tag","embeddable":true,"href":"https:\/\/www.europesays.com\/pt\/wp-json\/wp\/v2\/tags?post=151569"}],"curies":[{"name":"wp","href":"https:\/\/api.w.org\/{rel}","templated":true}]}}