{"id":151576,"date":"2025-11-14T11:06:29","date_gmt":"2025-11-14T11:06:29","guid":{"rendered":"https:\/\/www.europesays.com\/pt\/151576\/"},"modified":"2025-11-14T11:06:29","modified_gmt":"2025-11-14T11:06:29","slug":"tesla-planeia-finalmente-adicionar-o-carplay-aos-carros-eletricos","status":"publish","type":"post","link":"https:\/\/www.europesays.com\/pt\/151576\/","title":{"rendered":"Tesla planeia finalmente adicionar o CarPlay aos carros el\u00e9tricos"},"content":{"rendered":"<p>Numa invers\u00e3o significativa, a Tesla est\u00e1 a desenvolver suporte para o Apple CarPlay nos seus ve\u00edculos el\u00e9tricos. Isto marca o fim de anos de resist\u00eancia a uma das funcionalidades mais solicitadas por potenciais clientes, de acordo com um novo relat\u00f3rio divulgado na quinta-feira.<\/p>\n<p><a target=\"_blank\" href=\"https:\/\/pplware.sapo.pt\/wp-content\/uploads\/2025\/11\/tesla_apple_carplay00.jpg\" onclick=\"refreshIframe()\" class=\"foobox\" rel=\"nofollow noopener\"><img fetchpriority=\"high\" decoding=\"async\" src=\"https:\/\/www.europesays.com\/pt\/wp-content\/uploads\/2025\/11\/tesla_apple_carplay00-720x400.jpg\" alt=\"\" width=\"720\" height=\"400\" class=\"aligncenter size-medium wp-image-1088373\"  \/><\/a><\/p>\n<p>Finalmente Apple CarPlay nos Tesla<\/p>\n<p>O fabricante de ve\u00edculos el\u00e9tricos Tesla iniciou testes internos de integra\u00e7\u00e3o do CarPlay, segundo pessoas familiarizadas com o assunto, adiantou a <a target=\"_blank\" href=\"http:\/\/bloomberg.com\/news\/articles\/2025-11-13\/tesla-is-working-to-add-apple-carplay-in-bid-to-boost-vehicle-sales\" rel=\"nofollow noopener\">Bloomberg<\/a>.\u00a0Se avan\u00e7ar, os condutores da Tesla poder\u00e3o finalmente aceder a uma vers\u00e3o da interface do seu iPhone otimizada para o sistema de infotainment do carro.<\/p>\n<p>Trata-se de uma funcionalidade que \u00e9 padr\u00e3o em muitos ve\u00edculos de outros fabricantes h\u00e1 v\u00e1rios anos. Mas outros, como a General Motors, t\u00eam avan\u00e7ado para sistemas pr\u00f3prios com o objetivo de maximizar lucros.<\/p>\n<p>Uma mudan\u00e7a de rumo impressionante<\/p>\n<p>A decis\u00e3o representa uma mudan\u00e7a dram\u00e1tica para o CEO da Tesla, Elon Musk, que durante muito tempo rejeitou os pedidos dos clientes para suporte ao CarPlay.\u00a0Musk tem criticado publicamente a Apple durante anos, especialmente devido \u00e0s pol\u00edticas da App Store. E aparentemente guardava ressentimento pelo facto de a Apple ter recrutado engenheiros da Tesla quando come\u00e7ou a desenvolver o seu pr\u00f3prio projeto autom\u00f3vel.<\/p>\n<p>A Tesla tem dependido exclusivamente do seu sistema propriet\u00e1rio de infotainment, que inclui aplica\u00e7\u00f5es integradas para mensagens, navega\u00e7\u00e3o web e outras funcionalidades.<\/p>\n<p>A empresa resistiu anteriormente em dar \u00e0 Apple um acesso mais profundo aos clientes da Tesla, especialmente numa altura em que a Apple se posicionava como potencial concorrente no mercado de ve\u00edculos el\u00e9tricos.<\/p>\n<p><a target=\"_blank\" href=\"https:\/\/pplware.sapo.pt\/wp-content\/uploads\/2025\/11\/tesla_apple_carplay01.jpg\" onclick=\"refreshIframe()\" class=\"foobox\" rel=\"nofollow noopener\"><img loading=\"lazy\" decoding=\"async\" src=\"https:\/\/www.europesays.com\/pt\/wp-content\/uploads\/2025\/11\/tesla_apple_carplay01-720x400.jpg\" alt=\"\" width=\"720\" height=\"400\" class=\"aligncenter size-medium wp-image-1088375\"  \/><\/a><\/p>\n<p>O que mudou a sorte da Apple<\/p>\n<p>V\u00e1rios fatores parecem ter influenciado a decis\u00e3o da Tesla. O mais significativo foi o cancelamento, pela Apple, do seu projeto autom\u00f3vel <a target=\"_blank\" href=\"https:\/\/pplware.sapo.pt\/tag\/project-titan\/\" rel=\"nofollow noopener\">Project Titan<\/a> em 2024, eliminando assim a amea\u00e7a concorrencial.\u00a0Al\u00e9m disso, Musk depende agora da Apple como um importante parceiro de distribui\u00e7\u00e3o para a sua rede social X e para o servi\u00e7o de IA Grok, segundo o relat\u00f3rio.<\/p>\n<p>Talvez mais importante, as vendas da Tesla t\u00eam enfraquecido, com alguns potenciais compradores a referirem especificamente a aus\u00eancia de CarPlay como fator decisivo para n\u00e3o avan\u00e7arem com a compra.<\/p>\n<p>Um estudo da McKinsey de 2024 revelou que aproximadamente um ter\u00e7o dos compradores de autom\u00f3veis considera a falta de suporte para CarPlay ou Android Auto um motivo determinante para rejeitar um ve\u00edculo.<\/p>\n<p>O que esperar da implementa\u00e7\u00e3o de CarPlay pela Tesla<\/p>\n<p>Segundo fontes, a Tesla planeia apresentar o CarPlay numa janela dentro da interface existente, em vez de permitir que substitua completamente o sistema operativo da Tesla, como acontece noutros ve\u00edculos. A implementa\u00e7\u00e3o suportar\u00e1 conectividade sem fios, permitindo aos utilizadores de iPhone ligar-se sem cabos.<\/p>\n<p>O CarPlay dar\u00e1 acesso \u00e0s <strong>aplica\u00e7\u00f5es Mensagens, M\u00fasica e Mapas da Apple<\/strong>, juntamente com a assistente de voz Siri e aplica\u00e7\u00f5es populares de terceiros, como o Google Maps e o Spotify. No entanto, n\u00e3o se integrar\u00e1 com funcionalidades espec\u00edficas da Tesla, como o modo Full Self-Driving, que continuar\u00e1 a exigir o uso do sistema de navega\u00e7\u00e3o nativo da Tesla.<\/p>\n<p>A Tesla pretende implementar a vers\u00e3o padr\u00e3o do CarPlay e n\u00e3o o novo <a target=\"_blank\" href=\"https:\/\/pplware.sapo.pt\/apple\/apple-carplay-ultra-lancado-oficialmente-nos-veiculos-da-aston-martin-video\/\" rel=\"nofollow noopener\">CarPlay Ultra<\/a>. Este \u00faltimo oferece um controlo mais extenso sobre fun\u00e7\u00f5es do ve\u00edculo, como pain\u00e9is de instrumentos, climatiza\u00e7\u00e3o e bancos.<\/p>\n<p>A vers\u00e3o padr\u00e3o foi atualizada no iOS 26 para incluir novas funcionalidades, como widgets de meteorologia e compromissos de calend\u00e1rio.<\/p>\n<p><a target=\"_blank\" href=\"https:\/\/pplware.sapo.pt\/wp-content\/uploads\/2025\/11\/tesla_apple_carplay02.jpg\" onclick=\"refreshIframe()\" class=\"foobox\" rel=\"nofollow noopener\"><img loading=\"lazy\" decoding=\"async\" src=\"https:\/\/www.europesays.com\/pt\/wp-content\/uploads\/2025\/11\/tesla_apple_carplay02-720x400.jpg\" alt=\"\" width=\"720\" height=\"400\" class=\"aligncenter size-medium wp-image-1088376\"  \/><\/a><\/p>\n<p>Tesla vai adicionar CarPlay: cronograma continua incerto<\/p>\n<p>Embora a Tesla tenha discutido lan\u00e7ar o CarPlay nos pr\u00f3ximos meses, a empresa ainda n\u00e3o finalizou os seus planos. O lan\u00e7amento pode ser adiado. A Tesla tem um hist\u00f3rico de cancelar ou adiar funcionalidades mesmo ap\u00f3s longos per\u00edodos de desenvolvimento.<\/p>\n<p>De notar que a Tesla n\u00e3o est\u00e1 atualmente a desenvolver suporte para o <a target=\"_blank\" href=\"https:\/\/pplware.sapo.pt\/tag\/android-auto\/\" rel=\"nofollow noopener\">Android Auto<\/a>, a plataforma concorrente da Google para dispositivos Android.<\/p>\n<p>Para a Apple, conseguir a integra\u00e7\u00e3o do CarPlay nos ve\u00edculos da Tesla, que dominam o mercado de ve\u00edculos el\u00e9tricos nos EUA, representa uma vit\u00f3ria significativa para manter os utilizadores dentro do seu ecossistema.<\/p>\n<p>Isto acontece numa altura em que alguns fabricantes, incluindo a <a target=\"_blank\" href=\"https:\/\/pplware.sapo.pt\/tag\/general-motors\/\" rel=\"nofollow noopener\">General Motors<\/a>, t\u00eam seguido o <strong>caminho inverso ao removerem o CarPlay<\/strong> para se concentrarem nas suas pr\u00f3prias solu\u00e7\u00f5es de infoentretenimento.<\/p>\n","protected":false},"excerpt":{"rendered":"Numa invers\u00e3o significativa, a Tesla est\u00e1 a desenvolver suporte para o Apple CarPlay nos seus ve\u00edculos el\u00e9tricos. Isto&hellip;\n","protected":false},"author":2,"featured_media":151577,"comment_status":"","ping_status":"","sticky":false,"template":"","format":"standard","meta":{"footnotes":""},"categories":[83],"tags":[32871,88,89,90,32,33,296],"class_list":{"0":"post-151576","1":"post","2":"type-post","3":"status-publish","4":"format-standard","5":"has-post-thumbnail","7":"category-empresas","8":"tag-apple-carplay","9":"tag-business","10":"tag-economy","11":"tag-empresas","12":"tag-portugal","13":"tag-pt","14":"tag-tesla"},"share_on_mastodon":{"url":"https:\/\/pubeurope.com\/@pt\/115547733180640224","error":""},"_links":{"self":[{"href":"https:\/\/www.europesays.com\/pt\/wp-json\/wp\/v2\/posts\/151576","targetHints":{"allow":["GET"]}}],"collection":[{"href":"https:\/\/www.europesays.com\/pt\/wp-json\/wp\/v2\/posts"}],"about":[{"href":"https:\/\/www.europesays.com\/pt\/wp-json\/wp\/v2\/types\/post"}],"author":[{"embeddable":true,"href":"https:\/\/www.europesays.com\/pt\/wp-json\/wp\/v2\/users\/2"}],"replies":[{"embeddable":true,"href":"https:\/\/www.europesays.com\/pt\/wp-json\/wp\/v2\/comments?post=151576"}],"version-history":[{"count":0,"href":"https:\/\/www.europesays.com\/pt\/wp-json\/wp\/v2\/posts\/151576\/revisions"}],"wp:featuredmedia":[{"embeddable":true,"href":"https:\/\/www.europesays.com\/pt\/wp-json\/wp\/v2\/media\/151577"}],"wp:attachment":[{"href":"https:\/\/www.europesays.com\/pt\/wp-json\/wp\/v2\/media?parent=151576"}],"wp:term":[{"taxonomy":"category","embeddable":true,"href":"https:\/\/www.europesays.com\/pt\/wp-json\/wp\/v2\/categories?post=151576"},{"taxonomy":"post_tag","embeddable":true,"href":"https:\/\/www.europesays.com\/pt\/wp-json\/wp\/v2\/tags?post=151576"}],"curies":[{"name":"wp","href":"https:\/\/api.w.org\/{rel}","templated":true}]}}