{"id":151578,"date":"2025-11-14T11:08:15","date_gmt":"2025-11-14T11:08:15","guid":{"rendered":"https:\/\/www.europesays.com\/pt\/151578\/"},"modified":"2025-11-14T11:08:15","modified_gmt":"2025-11-14T11:08:15","slug":"o-mirante-tentou-atropelar-policias-e-acabou-interceptado-na-a1-em-aveiras-de-cima","status":"publish","type":"post","link":"https:\/\/www.europesays.com\/pt\/151578\/","title":{"rendered":"O MIRANTE | Tentou atropelar pol\u00edcias e acabou interceptado na A1 em Aveiras de Cima"},"content":{"rendered":"<p> Um homem que conduzia de forma perigosa e sob influ\u00eancia de \u00e1lcool e drogas tentou atropelar v\u00e1rios pol\u00edcias que o abordaram no IC19 e a persegui\u00e7\u00e3o policial s\u00f3 acabou na \u00e1rea de servi\u00e7o da Auto-Estrada do Norte (A1) em Aveiras de Cima, concelho de Azambuja. O caso aconteceu a 10 de Novembro, durante uma ac\u00e7\u00e3o de fiscaliza\u00e7\u00e3o rodovi\u00e1ria em que os policias verificaram um ve\u00edculo a circular de forma irregular no IC19 e, ao tentarem proceder \u00e0 sua abordagem, o condutor desobedeceu \u00e0s sucessivas ordens de paragem, iniciando uma fuga em alta velocidade. &#8220;Na tentativa de evadir-se \u00e0 fiscaliza\u00e7\u00e3o praticou diversas manobras perigosas, provocou colis\u00f5es com infraestruturas rodovi\u00e1rias e com um outro ve\u00edculo, colocando em risco os restantes utentes da via&#8221;, refere a PSP em comunicado. <\/p>\n<p> Insistindo com uma condu\u00e7\u00e3o err\u00e1tica, os pol\u00edcias optaram por realizar um seguimento discreto at\u00e9 estarem reunidas as condi\u00e7\u00f5es para proceder \u00e0 abordagem do suspeito. Dada a suspeita da viatura ser furtada, foram feitas dilig\u00eancias para se apurar a propriedade da mesma, conseguindo apurar-se que o carro pertencia a uma empresa de aluguer de viaturas e tinha dispositivo de localiza\u00e7\u00e3o, o qual permitiu que os agentes fizessem um seguimento com uma maior dist\u00e2ncia do ve\u00edculo em fuga. <\/p>\n<p> &#8220;Este seguimento prolongou-se ao longo de v\u00e1rias vias r\u00e1pidas e urbanas, at\u00e9 que, j\u00e1 em zona urbana estreita, numa primeira tentativa de abordar o suspeito, este arrancou violentamente na direc\u00e7\u00e3o dos pol\u00edcias, com o intuito de os atropelar, vindo a embater num deles, prosseguindo a fuga. Ap\u00f3s esta situa\u00e7\u00e3o, de novo atrav\u00e9s da localiza\u00e7\u00e3o GPS, foi poss\u00edvel continuar o seguimento \u00e0 viatura, sem que o suspeito se apercebesse&#8221;, explica a PSP. <\/p>\n<p> O ve\u00edculo acabou por ser interceptado na \u00e1rea de servi\u00e7o da A1 em Aveiras de Cima, tendo o condutor resistido de forma activa \u00e0 deten\u00e7\u00e3o, agredindo os pol\u00edcias &#8220;com mordeduras e empurr\u00f5es&#8221;, o que obrigou ao uso da for\u00e7a para a sua imobiliza\u00e7\u00e3o. Aquando da abordagem, confirma a PSP, dois pol\u00edcias sofreram ferimentos havendo a necessidade de receberem assist\u00eancia hospitalar. Foi ainda identificado um passageiro no interior do ve\u00edculo que n\u00e3o ofereceu resist\u00eancia. O suspeito, explica a pol\u00edcia, foi submetido a teste de alcoolemia, apresentando uma taxa de 0,94 g\/l, tendo sido solicitada contraprova por an\u00e1lise sangu\u00ednea, cujo resultado se aguarda. &#8220;No decurso da busca ao ve\u00edculo foram apreendidos 645 euros em numer\u00e1rio, v\u00e1rias doses individuais de haxixe e uma botija de \u00f3xido nitroso, subst\u00e2ncia que o suspeito se encontrava a consumir durante a primeira tentativa de abordagem&#8221;, refere o comunicado. <\/p>\n<p> O condutor tentou tamb\u00e9m ocultar a sua identidade, apresentando dados falsos, tendo as dilig\u00eancias policiais permitido apurar a sua verdadeira identifica\u00e7\u00e3o e verificar que pendiam sobre si v\u00e1rios pedidos externos processuais, de diferentes for\u00e7as e servi\u00e7os de seguran\u00e7a. O ve\u00edculo utilizado foi apreendido. Acabou por ser constitu\u00eddo arguido e vai aguardar julgamento em pris\u00e3o preventiva suspeito da pr\u00e1tica de crimes contra a vida (por tentativa de atropelamento), crimes contra a integridade f\u00edsica qualificada, crime de condu\u00e7\u00e3o sem habilita\u00e7\u00e3o legal, crime de condu\u00e7\u00e3o perigosa, crimes contra a propriedade p\u00fablica (danos contra viatura policial), crime de resist\u00eancia e coa\u00e7\u00e3o sobre funcion\u00e1rio e crime de falsas declara\u00e7\u00f5es perante autoridade p\u00fablica (mediante a tentativa de usurpa\u00e7\u00e3o de identidade). <\/p>\n","protected":false},"excerpt":{"rendered":"Um homem que conduzia de forma perigosa e sob influ\u00eancia de \u00e1lcool e drogas tentou atropelar v\u00e1rios pol\u00edcias&hellip;\n","protected":false},"author":2,"featured_media":151579,"comment_status":"","ping_status":"","sticky":false,"template":"","format":"standard","meta":{"footnotes":""},"categories":[10],"tags":[27,28,15,16,14,6569,6568,25,26,21,22,12,13,19,20,32,23,24,33,3551,5314,17,18,29,30,31],"class_list":{"0":"post-151578","1":"post","2":"type-post","3":"status-publish","4":"format-standard","5":"has-post-thumbnail","7":"category-portugal","8":"tag-breaking-news","9":"tag-breakingnews","10":"tag-featured-news","11":"tag-featurednews","12":"tag-headlines","13":"tag-jornal-regional","14":"tag-jornalismo-de-proximidade","15":"tag-latest-news","16":"tag-latestnews","17":"tag-main-news","18":"tag-mainnews","19":"tag-news","20":"tag-noticias","21":"tag-noticias-principais","22":"tag-noticiasprincipais","23":"tag-portugal","24":"tag-principais-noticias","25":"tag-principaisnoticias","26":"tag-pt","27":"tag-regiao","28":"tag-ribatejo","29":"tag-top-stories","30":"tag-topstories","31":"tag-ultimas","32":"tag-ultimas-noticias","33":"tag-ultimasnoticias"},"share_on_mastodon":{"url":"https:\/\/pubeurope.com\/@pt\/115547740781405427","error":""},"_links":{"self":[{"href":"https:\/\/www.europesays.com\/pt\/wp-json\/wp\/v2\/posts\/151578","targetHints":{"allow":["GET"]}}],"collection":[{"href":"https:\/\/www.europesays.com\/pt\/wp-json\/wp\/v2\/posts"}],"about":[{"href":"https:\/\/www.europesays.com\/pt\/wp-json\/wp\/v2\/types\/post"}],"author":[{"embeddable":true,"href":"https:\/\/www.europesays.com\/pt\/wp-json\/wp\/v2\/users\/2"}],"replies":[{"embeddable":true,"href":"https:\/\/www.europesays.com\/pt\/wp-json\/wp\/v2\/comments?post=151578"}],"version-history":[{"count":0,"href":"https:\/\/www.europesays.com\/pt\/wp-json\/wp\/v2\/posts\/151578\/revisions"}],"wp:featuredmedia":[{"embeddable":true,"href":"https:\/\/www.europesays.com\/pt\/wp-json\/wp\/v2\/media\/151579"}],"wp:attachment":[{"href":"https:\/\/www.europesays.com\/pt\/wp-json\/wp\/v2\/media?parent=151578"}],"wp:term":[{"taxonomy":"category","embeddable":true,"href":"https:\/\/www.europesays.com\/pt\/wp-json\/wp\/v2\/categories?post=151578"},{"taxonomy":"post_tag","embeddable":true,"href":"https:\/\/www.europesays.com\/pt\/wp-json\/wp\/v2\/tags?post=151578"}],"curies":[{"name":"wp","href":"https:\/\/api.w.org\/{rel}","templated":true}]}}