{"id":15158,"date":"2025-08-04T07:19:17","date_gmt":"2025-08-04T07:19:17","guid":{"rendered":"https:\/\/www.europesays.com\/pt\/15158\/"},"modified":"2025-08-04T07:19:17","modified_gmt":"2025-08-04T07:19:17","slug":"nova-versao-chega-esta-semana-openai-prepara-lancamento-do-gpt-5-com-novidades-na-autonomia-e-multimodalidade","status":"publish","type":"post","link":"https:\/\/www.europesays.com\/pt\/15158\/","title":{"rendered":"Nova vers\u00e3o chega esta semana: OpenAI prepara lan\u00e7amento do GPT-5 com novidades na autonomia e multimodalidade"},"content":{"rendered":"<p>  <a href=\"https:\/\/www.euromaster.pt\/\" target=\"_blank\" rel=\"noopener noreferrer nofollow\">&#13;<br \/>\n    <img decoding=\"async\" src=\"https:\/\/www.europesays.com\/pt\/wp-content\/uploads\/2025\/08\/1754229851_556_Automonitor_900x150-1.jpg\" alt=\"Euromaster\" style=\"max-width: 900px; width: 100%; height: auto; display: block; margin: 0 auto;\"\/>&#13;<br \/>\n  <\/a><\/p>\n<p>A OpenAI dever\u00e1 apresentar esta semana a aguardada nova gera\u00e7\u00e3o do seu modelo de intelig\u00eancia artificial, o GPT-5, segundo informa\u00e7\u00f5es avan\u00e7adas por fontes pr\u00f3ximas \u00e0 empresa e j\u00e1 amplamente comentadas nas redes sociais. O lan\u00e7amento poder\u00e1 ocorrer nos primeiros dias de agosto e marcar\u00e1 um novo salto tecnol\u00f3gico na evolu\u00e7\u00e3o dos sistemas conversacionais da empresa liderada por Sam Altman.<\/p>\n<p>O novo modelo n\u00e3o ser\u00e1 apenas mais uma itera\u00e7\u00e3o: o GPT-5 est\u00e1 a ser descrito como o sistema mais completo e poderoso j\u00e1 desenvolvido pela OpenAI, combinando os pontos fortes dos modelos GPT-4 e o3 num \u00fanico ecossistema unificado.<\/p>\n<p>At\u00e9 agora, os utilizadores do ChatGPT \u2014 especialmente os subscritores da vers\u00e3o paga \u2014 precisavam alternar entre modelos como o GPT-4, mais robusto em tarefas estruturadas como programa\u00e7\u00e3o e c\u00e1lculo, e o o3, conhecido pelo seu racioc\u00ednio l\u00f3gico mais apurado. Com o GPT-5, essa fragmenta\u00e7\u00e3o dever\u00e1 desaparecer.<\/p>\n<p>Segundo Altman, trata-se de \u201cum sistema que integra muita da nossa tecnologia\u201d. Em entrevista recente no podcast This Past Weekend, com Theo Von, o CEO da OpenAI chegou mesmo a testar ao vivo uma pergunta que ele pr\u00f3prio n\u00e3o conseguiu resolver \u2014 e foi o GPT-5 quem deu a resposta certa. \u201cSenti-me in\u00fatil em compara\u00e7\u00e3o com a IA\u201d, confessou Altman.<\/p>\n<p><strong>Suporte multimodal alargado<\/strong><br \/>O GPT-4o j\u00e1 tinha introduzido funcionalidades multimodais \u2014 texto, imagem e voz \u2014 num \u00fanico modelo. O GPT-5, por\u00e9m, dever\u00e1 ir ainda mais longe, com suporte poss\u00edvel para processamento de v\u00eddeo e transi\u00e7\u00e3o mais fluida entre diferentes tipos de input. A promessa \u00e9 de uma IA mais integrada, que se comporta n\u00e3o apenas como uma ferramenta, mas como um verdadeiro co-piloto digital.<\/p>\n<p>Outro avan\u00e7o esperado \u00e9 a expans\u00e3o da janela de contexto. Se o GPT-4o j\u00e1 impressionava com os seus 128 mil tokens, o GPT-5 poder\u00e1 ultrapassar os 256 mil, permitindo conversas muito mais longas, encadeadas e coerentes. Esta melhoria dever\u00e1 ser particularmente relevante para utilizadores profissionais e empresas que gerem projetos complexos com m\u00faltiplas intera\u00e7\u00f5es ao longo do tempo.<\/p>\n<p>Talvez o elemento mais ambicioso do GPT-5 seja o potencial de operar como uma IA aut\u00f3noma. Rumores indicam que o modelo ser\u00e1 capaz de realizar tarefas digitais completas com pouca ou nenhuma interven\u00e7\u00e3o humana \u2014 desde interagir com APIs at\u00e9 navegar por plataformas de forma independente. Trata-se de um avan\u00e7o significativo na dire\u00e7\u00e3o de agentes inteligentes capazes de executar objetivos no mundo digital.<\/p>\n<p>Fontes apontam que o lan\u00e7amento incluir\u00e1 v\u00e1rias vers\u00f5es do GPT-5, incluindo variantes \u201cmini\u201d e \u201cnano\u201d mais leves, voltadas para cargas de trabalho espec\u00edficas. A vers\u00e3o principal dever\u00e1 estar dispon\u00edvel tanto via ChatGPT como atrav\u00e9s da API, enquanto a vers\u00e3o nano poder\u00e1 ser exclusiva para integra\u00e7\u00e3o em produtos de terceiros.<\/p>\n","protected":false},"excerpt":{"rendered":"&#13; &#13; A OpenAI dever\u00e1 apresentar esta semana a aguardada nova gera\u00e7\u00e3o do seu modelo de intelig\u00eancia artificial,&hellip;\n","protected":false},"author":2,"featured_media":15159,"comment_status":"","ping_status":"","sticky":false,"template":"","format":"standard","meta":{"footnotes":""},"categories":[84],"tags":[109,107,108,32,33,105,103,104,106,110],"class_list":{"0":"post-15158","1":"post","2":"type-post","3":"status-publish","4":"format-standard","5":"has-post-thumbnail","7":"category-ciencia-e-tecnologia","8":"tag-ciencia","9":"tag-ciencia-e-tecnologia","10":"tag-cienciaetecnologia","11":"tag-portugal","12":"tag-pt","13":"tag-science","14":"tag-science-and-technology","15":"tag-scienceandtechnology","16":"tag-technology","17":"tag-tecnologia"},"share_on_mastodon":{"url":"","error":""},"_links":{"self":[{"href":"https:\/\/www.europesays.com\/pt\/wp-json\/wp\/v2\/posts\/15158","targetHints":{"allow":["GET"]}}],"collection":[{"href":"https:\/\/www.europesays.com\/pt\/wp-json\/wp\/v2\/posts"}],"about":[{"href":"https:\/\/www.europesays.com\/pt\/wp-json\/wp\/v2\/types\/post"}],"author":[{"embeddable":true,"href":"https:\/\/www.europesays.com\/pt\/wp-json\/wp\/v2\/users\/2"}],"replies":[{"embeddable":true,"href":"https:\/\/www.europesays.com\/pt\/wp-json\/wp\/v2\/comments?post=15158"}],"version-history":[{"count":0,"href":"https:\/\/www.europesays.com\/pt\/wp-json\/wp\/v2\/posts\/15158\/revisions"}],"wp:featuredmedia":[{"embeddable":true,"href":"https:\/\/www.europesays.com\/pt\/wp-json\/wp\/v2\/media\/15159"}],"wp:attachment":[{"href":"https:\/\/www.europesays.com\/pt\/wp-json\/wp\/v2\/media?parent=15158"}],"wp:term":[{"taxonomy":"category","embeddable":true,"href":"https:\/\/www.europesays.com\/pt\/wp-json\/wp\/v2\/categories?post=15158"},{"taxonomy":"post_tag","embeddable":true,"href":"https:\/\/www.europesays.com\/pt\/wp-json\/wp\/v2\/tags?post=15158"}],"curies":[{"name":"wp","href":"https:\/\/api.w.org\/{rel}","templated":true}]}}