{"id":151580,"date":"2025-11-14T11:10:15","date_gmt":"2025-11-14T11:10:15","guid":{"rendered":"https:\/\/www.europesays.com\/pt\/151580\/"},"modified":"2025-11-14T11:10:15","modified_gmt":"2025-11-14T11:10:15","slug":"revista-poe-wagner-moura-como-favorito-para-levar-oscar-de-melhor-ator","status":"publish","type":"post","link":"https:\/\/www.europesays.com\/pt\/151580\/","title":{"rendered":"revista p\u00f5e Wagner Moura como favorito para levar Oscar de Melhor Ator"},"content":{"rendered":"\n<p class=\" content-text__container theme-color-primary-first-letter\" data-track-category=\"Link no Texto\" data-track-links=\"\"> A revista americana The Hollywood Reporter, especializada em entretenimento, listou o brasileiro <a class=\"\" href=\"https:\/\/oglobo.globo.com\/tudo-sobre\/personalidade\/wagner-moura\" rel=\"nofollow noopener\" target=\"_blank\">Wagner Moura<\/a> como favorito a vencer o Oscar de Melhor ator por seu papel no filme &#8220;O agente secreto&#8221;. A publica\u00e7\u00e3o p\u00f5e o ator \u00e0 frente de nomes como Timoth\u00e9e Chalamet (estrela do longa &#8220;Marty Supreme&#8221;), Leonardo DiCaprio (&#8220;Uma batalha ap\u00f3s a outra&#8221;), Michael B. Jordan (&#8220;Pecadores&#8221;) e George Clooney (&#8220;Jay Kelly&#8221;). <\/p>\n<p class=\" content-text__container \" data-track-category=\"Link no Texto\" data-track-links=\"\"> O ranking (que &#8220;elege&#8221; favoritos para todas as premia\u00e7\u00f5es) \u00e9 elaborado pelo editor-chefe de cobertura de premia\u00e7\u00f5es da publica\u00e7\u00e3o, Scott Feinberg, que citou outras chances de premia\u00e7\u00f5es ao filme brasileiro. Segundo o especialista, &#8220;O agente secreto&#8221; surge tamb\u00e9m como quarto na corrida pelo pr\u00eamio de Melhor Filme Internacional e s\u00e9timo na corrida pelo de Melhor Roteiro Original. <\/p>\n<p class=\" content-text__container \" data-track-category=\"Link no Texto\" data-track-links=\"\"> O longa figura ainda como 13\u00b0 na lista de concorrentes pelo pr\u00eamio de Melhor Diretor (para o brasileiro Kleber Mendon\u00e7a Filho), 17\u00b0 para Melhor Foto e 23\u00b0 para fotografia. <\/p>\n<p>    Equipe de &#8216;Ainda estou aqui&#8217; no tapete vermelho do Oscar 2025         <\/p>\n<p>Equipe de mais de 20 pessoas est\u00e1 na cerim\u00f4nia<\/p>\n<p class=\" content-text__container \" data-track-category=\"Link no Texto\" data-track-links=\"\"> Ap\u00f3s conquistar pr\u00eamios em Cannes e ser selecionado para representar o Brasil na disputa pelo Oscar 2026, \u201cO agente secreto\u201d, filme de Kleber Mendon\u00e7a Filho, estreou nas telonas no in\u00edcio deste m\u00eas. Estrelado por Wagner Moura, o longa se passa no ano de 1977, em plena ditadura militar, per\u00edodo do Brasil marcado por tens\u00f5es ideol\u00f3gicas, instabilidade, conspira\u00e7\u00f5es e segredos alarmantes da Ditadura Militar. <\/p>\n<p class=\" content-text__container \" data-track-category=\"Link no Texto\" data-track-links=\"\"> Ambientada na d\u00e9cada de 1970, a trama de \u201cO Agente Secreto\u201d acompanha Wagner Moura na pele de Marcelo, um especialista em tecnologia que, ap\u00f3s anos fora, retorna a Recife em busca de um pouco de paz, apenas para descobrir que sua cidade natal esconde perigos e segredos inquietantes. <\/p>\n<p class=\" content-text__container \" data-track-category=\"Link no Texto\" data-track-links=\"\"> Al\u00e9m de Wagner, diversos outros talentos conhecidos comp\u00f5em o elenco, como Maria Fernanda C\u00e2ndido, Gabriel Leone, Carlos Francisco, Roberio Diogenes, Hermila Guedes, T\u00e2nia Maria, Isab\u00e9l Zuaa e Alice Carvalho. <\/p>\n","protected":false},"excerpt":{"rendered":"A revista americana The Hollywood Reporter, especializada em entretenimento, listou o brasileiro Wagner Moura como favorito a vencer&hellip;\n","protected":false},"author":2,"featured_media":151581,"comment_status":"","ping_status":"","sticky":false,"template":"","format":"standard","meta":{"footnotes":""},"categories":[145],"tags":[1244,211,210,114,115,319,32,33,318,12348],"class_list":{"0":"post-151580","1":"post","2":"type-post","3":"status-publish","4":"format-standard","5":"has-post-thumbnail","7":"category-celebridades","8":"tag-ator","9":"tag-celebridades","10":"tag-celebrities","11":"tag-entertainment","12":"tag-entretenimento","13":"tag-hard-news","14":"tag-portugal","15":"tag-pt","16":"tag-radar","17":"tag-wagner-moura"},"share_on_mastodon":{"url":"https:\/\/pubeurope.com\/@pt\/115547748848933804","error":""},"_links":{"self":[{"href":"https:\/\/www.europesays.com\/pt\/wp-json\/wp\/v2\/posts\/151580","targetHints":{"allow":["GET"]}}],"collection":[{"href":"https:\/\/www.europesays.com\/pt\/wp-json\/wp\/v2\/posts"}],"about":[{"href":"https:\/\/www.europesays.com\/pt\/wp-json\/wp\/v2\/types\/post"}],"author":[{"embeddable":true,"href":"https:\/\/www.europesays.com\/pt\/wp-json\/wp\/v2\/users\/2"}],"replies":[{"embeddable":true,"href":"https:\/\/www.europesays.com\/pt\/wp-json\/wp\/v2\/comments?post=151580"}],"version-history":[{"count":0,"href":"https:\/\/www.europesays.com\/pt\/wp-json\/wp\/v2\/posts\/151580\/revisions"}],"wp:featuredmedia":[{"embeddable":true,"href":"https:\/\/www.europesays.com\/pt\/wp-json\/wp\/v2\/media\/151581"}],"wp:attachment":[{"href":"https:\/\/www.europesays.com\/pt\/wp-json\/wp\/v2\/media?parent=151580"}],"wp:term":[{"taxonomy":"category","embeddable":true,"href":"https:\/\/www.europesays.com\/pt\/wp-json\/wp\/v2\/categories?post=151580"},{"taxonomy":"post_tag","embeddable":true,"href":"https:\/\/www.europesays.com\/pt\/wp-json\/wp\/v2\/tags?post=151580"}],"curies":[{"name":"wp","href":"https:\/\/api.w.org\/{rel}","templated":true}]}}