{"id":151582,"date":"2025-11-14T11:11:13","date_gmt":"2025-11-14T11:11:13","guid":{"rendered":"https:\/\/www.europesays.com\/pt\/151582\/"},"modified":"2025-11-14T11:11:13","modified_gmt":"2025-11-14T11:11:13","slug":"igreja-demorou-mais-de-140-anos-para-ser-construida-com-arquitetura-neo-gotica-e-modernista-tem-mais-de-1725-metros-de-altura-e-encanta-todo-mundo-que-conhece","status":"publish","type":"post","link":"https:\/\/www.europesays.com\/pt\/151582\/","title":{"rendered":"Igreja demorou mais de 140 anos para ser constru\u00edda, com arquitetura neo-g\u00f3tica e modernista, tem mais de 172,5 metros de altura e encanta todo mundo que conhece"},"content":{"rendered":"<p>                                S\u00edmbolo m\u00e1ximo do legado de Antoni Gaud\u00ed, o templo come\u00e7ou a ser constru\u00eddo em 1882 e, mesmo ap\u00f3s mais de 140 anos de obras, continua inacabado<\/p>\n<p>                  <img decoding=\"async\" width=\"1900\" height=\"800\" src=\"https:\/\/www.europesays.com\/pt\/wp-content\/uploads\/2025\/11\/home-hero-dk-1.jpg\" class=\"img-fluid animate__animated animate__fadeIn skip-lazy wp-post-image\" alt=\"Igreja demorou mais de 140 anos para ser constru\u00edda, com arquitetura neo-g\u00f3tica e modernista, tem mais de 172,5 metros de altura e encanta todo mundo que conhece\" fetchpriority=\"high\"  \/>                  (Foto: Divulga\u00e7\u00e3o)<\/p>\n<p>Barcelona guarda muitas obras-primas arquitet\u00f4nicas, mas nenhuma provoca tanto fasc\u00ednio quanto a Bas\u00edlica da Sagrada Fam\u00edlia.<\/p>\n<p>S\u00edmbolo m\u00e1ximo do legado de Antoni Gaud\u00ed, o templo come\u00e7ou a ser constru\u00eddo em 1882 e, mesmo ap\u00f3s mais de 140 anos de obras, continua inacabado \u2014 algo que, paradoxalmente, se tornou parte de sua identidade e magnetismo.<\/p>\n<p>A grandiosidade da Sagrada Fam\u00edlia impressiona logo \u00e0 primeira vista. Com <a href=\"https:\/\/portal6.com.br\/2025\/11\/10\/signos-que-estao-enfrentando-provacoes-em-2025-mas-vao-encerrar-o-ano-em-grande-estilo\/\" target=\"_blank\" rel=\"noopener nofollow\">estilo<\/a> que mistura o neo-g\u00f3tico a elementos modernistas, a igreja re\u00fane formas org\u00e2nicas, esculturas detalhadas e uma simbologia religiosa presente em cada torre, fachada e vitral.<\/p>\n<p>Quando conclu\u00edda, dever\u00e1 alcan\u00e7ar 172,5 metros de altura, tornando-se o edif\u00edcio religioso mais alto da Europa.<\/p>\n<p>Atualmente, a bas\u00edlica est\u00e1 em ritmo acelerado de finaliza\u00e7\u00e3o das \u00faltimas torres, entre elas a dedicada a Jesus Cristo, que ser\u00e1 a mais alta.<\/p>\n<p>Mudan\u00e7as hist\u00f3ricas e interrup\u00e7\u00f5es \u2014 como a Guerra Civil Espanhola e a pandemia de Covid-19 \u2014 atrasaram o projeto diversas vezes, mas a obra segue avan\u00e7ando.<\/p>\n<p>Desde a morte de Gaud\u00ed, em 1926, sua equipe e sucessores v\u00eam seguindo os desenhos, modelos e c\u00e1lculos deixados por ele.<\/p>\n<p>Mesmo com as incertezas sobre a data de conclus\u00e3o, a Sagrada Fam\u00edlia recebe mais de 4 milh\u00f5es de visitantes por ano, que se encantam com sua luz interna, simbologia e beleza monumental.<\/p>\n<p>Mais do que um ponto tur\u00edstico, a Sagrada Fam\u00edlia \u00e9 um testemunho do tempo, da persist\u00eancia humana e da genialidade de um dos maiores arquitetos da hist\u00f3ria.<\/p>\n<p>Cada etapa conclu\u00edda refor\u00e7a a sensa\u00e7\u00e3o de que, quando finalmente estiver pronta, o mundo ver\u00e1 uma das maiores obras arquitet\u00f4nicas j\u00e1 constru\u00eddas.<\/p>\n<blockquote class=\"instagram-media\" style=\"background: #FFF; border: 0; border-radius: 3px; box-shadow: 0 0 1px 0 rgba(0,0,0,0.5),0 1px 10px 0 rgba(0,0,0,0.15); margin: 1px; max-width: 540px; min-width: 326px; padding: 0; width: calc(100% - 2px);\" data-instgrm-permalink=\"https:\/\/www.instagram.com\/reel\/DN62JJzDnxJ\/?utm_source=ig_embed&amp;utm_campaign=loading\" data-instgrm-version=\"14\">\n<\/blockquote>\n<p>Siga o <strong>Portal 6<\/strong> no\u00a0<a href=\"https:\/\/news.google.com\/publications\/CAAqKQgKIiNDQklTRkFnTWFoQUtEbkJ2Y25SaGJEWXVZMjl0TG1KeUtBQVAB\/sections\/CAQifkNCSVNXRG9pWjJGeVlXMXZibVJmY0hWaWJHbHphR1Z5WDNObFkzUnBiMjVmWldScGRHbHZia0lhWjJGeVlXMXZibVJmY0hWaWJHbHphR1Z5WDNObFkzUnBiMjV5RmdvVUNoSkhRVkpCVFU5T1JGOUdWVXhNWDA1QlRVVW9BQSotCAAqKQgKIiNDQklTRkFnTWFoQUtEbkJ2Y25SaGJEWXVZMjl0TG1KeUtBQVABUAE?ceid=BR:pt-419&amp;oc=3&amp;hl=pt-BR&amp;gl=BR\" rel=\"nofollow noopener\" target=\"_blank\">Google News<\/a>\u00a0fique por dentro de tudo!<\/p>\n<p>                              <script async src=\"\/\/www.instagram.com\/embed.js\"><\/script><\/p>\n","protected":false},"excerpt":{"rendered":"S\u00edmbolo m\u00e1ximo do legado de Antoni Gaud\u00ed, o templo come\u00e7ou a ser constru\u00eddo em 1882 e, mesmo ap\u00f3s&hellip;\n","protected":false},"author":2,"featured_media":151583,"comment_status":"","ping_status":"","sticky":false,"template":"","format":"standard","meta":{"footnotes":""},"categories":[144],"tags":[207,205,206,203,201,202,204,114,115,32,33],"class_list":{"0":"post-151582","1":"post","2":"type-post","3":"status-publish","4":"format-standard","5":"has-post-thumbnail","7":"category-arte-e-design","8":"tag-arte","9":"tag-arte-e-design","10":"tag-artedesign","11":"tag-arts","12":"tag-arts-and-design","13":"tag-artsanddesign","14":"tag-design","15":"tag-entertainment","16":"tag-entretenimento","17":"tag-portugal","18":"tag-pt"},"share_on_mastodon":{"url":"https:\/\/pubeurope.com\/@pt\/115547752801120672","error":""},"_links":{"self":[{"href":"https:\/\/www.europesays.com\/pt\/wp-json\/wp\/v2\/posts\/151582","targetHints":{"allow":["GET"]}}],"collection":[{"href":"https:\/\/www.europesays.com\/pt\/wp-json\/wp\/v2\/posts"}],"about":[{"href":"https:\/\/www.europesays.com\/pt\/wp-json\/wp\/v2\/types\/post"}],"author":[{"embeddable":true,"href":"https:\/\/www.europesays.com\/pt\/wp-json\/wp\/v2\/users\/2"}],"replies":[{"embeddable":true,"href":"https:\/\/www.europesays.com\/pt\/wp-json\/wp\/v2\/comments?post=151582"}],"version-history":[{"count":0,"href":"https:\/\/www.europesays.com\/pt\/wp-json\/wp\/v2\/posts\/151582\/revisions"}],"wp:featuredmedia":[{"embeddable":true,"href":"https:\/\/www.europesays.com\/pt\/wp-json\/wp\/v2\/media\/151583"}],"wp:attachment":[{"href":"https:\/\/www.europesays.com\/pt\/wp-json\/wp\/v2\/media?parent=151582"}],"wp:term":[{"taxonomy":"category","embeddable":true,"href":"https:\/\/www.europesays.com\/pt\/wp-json\/wp\/v2\/categories?post=151582"},{"taxonomy":"post_tag","embeddable":true,"href":"https:\/\/www.europesays.com\/pt\/wp-json\/wp\/v2\/tags?post=151582"}],"curies":[{"name":"wp","href":"https:\/\/api.w.org\/{rel}","templated":true}]}}