{"id":151584,"date":"2025-11-14T11:13:09","date_gmt":"2025-11-14T11:13:09","guid":{"rendered":"https:\/\/www.europesays.com\/pt\/151584\/"},"modified":"2025-11-14T11:13:09","modified_gmt":"2025-11-14T11:13:09","slug":"assista-a-integra-do-jornal-da-record-2","status":"publish","type":"post","link":"https:\/\/www.europesays.com\/pt\/151584\/","title":{"rendered":"Assista \u00e0 \u00edntegra do Jornal da Record"},"content":{"rendered":"<p class=\"jarvics:base-text-neutral-high-400 base-text-[calc(theme(fontSize.xs)_*_var(--font-size,_1))] base-font-normal base-font-primary base-text-neutral-low-500 base-text-left\">Confira na edi\u00e7\u00e3o do Jornal da Record desta segunda (13): Pol\u00edcia Federal prende o ex-presidente do INSS e outros sete suspeitos de fraudes na previd\u00eancia. Investiga\u00e7\u00e3o revela que Alessandro Stefanutto recebia R$ 250 mil por m\u00eas em propina. Funcion\u00e1rios de banco s\u00e3o suspeitos de desviar dinheiro do FGTS de jogadores e treinadores de futebol. Na COP30, Brasil e OMS apresentam plano de diretrizes globais para prote\u00e7\u00e3o \u00e0 sa\u00fade de popula\u00e7\u00f5es afetadas por mudan\u00e7as clim\u00e1ticas. Estados Unidos retomam atividades essenciais depois de mais de 40 dias de paralisa\u00e7\u00e3o. Atacante do Flamengo Bruno Henrique se livra de suspens\u00e3o e vai pagar multa por beneficiar apostadores.<\/p>\n","protected":false},"excerpt":{"rendered":"Confira na edi\u00e7\u00e3o do Jornal da Record desta segunda (13): Pol\u00edcia Federal prende o ex-presidente do INSS e&hellip;\n","protected":false},"author":2,"featured_media":151585,"comment_status":"","ping_status":"","sticky":false,"template":"","format":"standard","meta":{"footnotes":""},"categories":[142],"tags":[114,115,4286,32,33,151],"class_list":{"0":"post-151584","1":"post","2":"type-post","3":"status-publish","4":"format-standard","5":"has-post-thumbnail","7":"category-tv","8":"tag-entertainment","9":"tag-entretenimento","10":"tag-jornal-da-record","11":"tag-portugal","12":"tag-pt","13":"tag-tv"},"share_on_mastodon":{"url":"https:\/\/pubeurope.com\/@pt\/115547760624542126","error":""},"_links":{"self":[{"href":"https:\/\/www.europesays.com\/pt\/wp-json\/wp\/v2\/posts\/151584","targetHints":{"allow":["GET"]}}],"collection":[{"href":"https:\/\/www.europesays.com\/pt\/wp-json\/wp\/v2\/posts"}],"about":[{"href":"https:\/\/www.europesays.com\/pt\/wp-json\/wp\/v2\/types\/post"}],"author":[{"embeddable":true,"href":"https:\/\/www.europesays.com\/pt\/wp-json\/wp\/v2\/users\/2"}],"replies":[{"embeddable":true,"href":"https:\/\/www.europesays.com\/pt\/wp-json\/wp\/v2\/comments?post=151584"}],"version-history":[{"count":0,"href":"https:\/\/www.europesays.com\/pt\/wp-json\/wp\/v2\/posts\/151584\/revisions"}],"wp:featuredmedia":[{"embeddable":true,"href":"https:\/\/www.europesays.com\/pt\/wp-json\/wp\/v2\/media\/151585"}],"wp:attachment":[{"href":"https:\/\/www.europesays.com\/pt\/wp-json\/wp\/v2\/media?parent=151584"}],"wp:term":[{"taxonomy":"category","embeddable":true,"href":"https:\/\/www.europesays.com\/pt\/wp-json\/wp\/v2\/categories?post=151584"},{"taxonomy":"post_tag","embeddable":true,"href":"https:\/\/www.europesays.com\/pt\/wp-json\/wp\/v2\/tags?post=151584"}],"curies":[{"name":"wp","href":"https:\/\/api.w.org\/{rel}","templated":true}]}}