{"id":151586,"date":"2025-11-14T11:14:32","date_gmt":"2025-11-14T11:14:32","guid":{"rendered":"https:\/\/www.europesays.com\/pt\/151586\/"},"modified":"2025-11-14T11:14:32","modified_gmt":"2025-11-14T11:14:32","slug":"radio-condestavel-vila-de-rei-chuva-e-vento-provocam-condicionamentos-varios","status":"publish","type":"post","link":"https:\/\/www.europesays.com\/pt\/151586\/","title":{"rendered":"R\u00e1dio Condest\u00e1vel | VILA DE REI: Chuva e vento provocam condicionamentos v\u00e1rios"},"content":{"rendered":"<p>                                                                                &#13;<br \/>\n                                                &#13;<br \/>\n                                                    <img decoding=\"async\" src=\"https:\/\/www.europesays.com\/pt\/wp-content\/uploads\/2025\/11\/mautempo25_1.jpg\" alt=\"VILA DE REI: Chuva e vento provocam condicionamentos v\u00e1rios\" class=\"img-responsive\" stule=\"margin: 0 auto\"\/>&#13;<\/p>\n<p>                                    <img decoding=\"async\" src=\"https:\/\/www.europesays.com\/pt\/wp-content\/uploads\/2025\/11\/1763118872_621_mautempo25_1.jpg\" style=\"display:none\"\/><\/p>\n<p>A chuva e vento forte que se t\u00eam feito sentir no territ\u00f3rio nacional (e que levaram ao aviso meteorol\u00f3gico de Alerta Amarelo para o distrito de Castelo Branco) criaram j\u00e1 condicionamentos e corte de estradas no Concelho de Vila de Rei.<br \/>De momento, encontra-se condicionado\/cortado o tr\u00e2nsito autom\u00f3vel nos seguintes locais:<br \/>&#8211; Penedo<br \/>&#8211; Portela<br \/>&#8211; Ponte da Rua da Fonte Velha<br \/>&#8211; Lameirancha\/ baixa do Vale Galego<br \/>&#8211; Rotunda da Estrada Nacional 2, junto ao Quartel dos Bombeiros<br \/>&#8211; Estrada para Lavadouro<br \/>&#8211; Cruzamento em frente \u00e0 GNR<br \/>&#8211; Rua da Devesa (frente ao caf\u00e9 \u2018O Familiar\u2019)<br \/>&#8211; Entrada do t\u00fanel pelo lado do Vale do Grou<br \/>&#8211; Antiga EN2 , junto a Casais da Pereira<br \/>&#8211; Cruzamento Quinta das Laranjeiras\/Fonte Boa<br \/>O Munic\u00edpio, Prote\u00e7\u00e3o Civil, GNR e Bombeiros Volunt\u00e1rios encontram-se j\u00e1 a trabalhar para resolver estas incid\u00eancias, sendo que, para j\u00e1, a sua travessia pode apresentar perigo para os automobilistas devido \u00e0 queda de barreiras e deslizamento de terras.<\/p>\n<p>                                        &#13;<br \/>\n                                            Mais imagens&#13;<\/p>\n<p>                                                            <a class=\"lightbox\" href=\"https:\/\/radiocondestavel.pt\/media\/28709\/mautempobostelim.jpeg?anchor=center&amp;mode=crop&amp;width=800&amp;rnd=134075046050000000&amp;quality=70\" rel=\"nofollow noopener\" target=\"_blank\">&#13;<br \/>\n                                                                <img decoding=\"async\" class=\"img-fluid image scale-on-hover\" src=\"https:\/\/www.europesays.com\/pt\/wp-content\/uploads\/2025\/11\/mautempobostelim.jpeg\" alt=\"VILA DE REI: Chuva e vento provocam condicionamentos v\u00e1rios\"\/>&#13;<br \/>\n                                                            <\/a><\/p>\n<p>                                            &#13;<\/p>\n","protected":false},"excerpt":{"rendered":"&#13; &#13; &#13; A chuva e vento forte que se t\u00eam feito sentir no territ\u00f3rio nacional (e que&hellip;\n","protected":false},"author":2,"featured_media":151587,"comment_status":"","ping_status":"","sticky":false,"template":"","format":"standard","meta":{"footnotes":""},"categories":[141],"tags":[114,115,149,150,32,33],"class_list":{"0":"post-151586","1":"post","2":"type-post","3":"status-publish","4":"format-standard","5":"has-post-thumbnail","7":"category-musica","8":"tag-entertainment","9":"tag-entretenimento","10":"tag-music","11":"tag-musica","12":"tag-portugal","13":"tag-pt"},"share_on_mastodon":{"url":"https:\/\/pubeurope.com\/@pt\/115547764776887775","error":""},"_links":{"self":[{"href":"https:\/\/www.europesays.com\/pt\/wp-json\/wp\/v2\/posts\/151586","targetHints":{"allow":["GET"]}}],"collection":[{"href":"https:\/\/www.europesays.com\/pt\/wp-json\/wp\/v2\/posts"}],"about":[{"href":"https:\/\/www.europesays.com\/pt\/wp-json\/wp\/v2\/types\/post"}],"author":[{"embeddable":true,"href":"https:\/\/www.europesays.com\/pt\/wp-json\/wp\/v2\/users\/2"}],"replies":[{"embeddable":true,"href":"https:\/\/www.europesays.com\/pt\/wp-json\/wp\/v2\/comments?post=151586"}],"version-history":[{"count":0,"href":"https:\/\/www.europesays.com\/pt\/wp-json\/wp\/v2\/posts\/151586\/revisions"}],"wp:featuredmedia":[{"embeddable":true,"href":"https:\/\/www.europesays.com\/pt\/wp-json\/wp\/v2\/media\/151587"}],"wp:attachment":[{"href":"https:\/\/www.europesays.com\/pt\/wp-json\/wp\/v2\/media?parent=151586"}],"wp:term":[{"taxonomy":"category","embeddable":true,"href":"https:\/\/www.europesays.com\/pt\/wp-json\/wp\/v2\/categories?post=151586"},{"taxonomy":"post_tag","embeddable":true,"href":"https:\/\/www.europesays.com\/pt\/wp-json\/wp\/v2\/tags?post=151586"}],"curies":[{"name":"wp","href":"https:\/\/api.w.org\/{rel}","templated":true}]}}