{"id":151588,"date":"2025-11-14T11:15:09","date_gmt":"2025-11-14T11:15:09","guid":{"rendered":"https:\/\/www.europesays.com\/pt\/151588\/"},"modified":"2025-11-14T11:15:09","modified_gmt":"2025-11-14T11:15:09","slug":"george-clooney-testa-o-preco-da-fama-extrema-no-novo-filme-jay-kelly","status":"publish","type":"post","link":"https:\/\/www.europesays.com\/pt\/151588\/","title":{"rendered":"George Clooney testa o pre\u00e7o da fama extrema no novo filme &#8220;Jay Kelly&#8221;"},"content":{"rendered":"<p>O pre\u00e7o de ser um ator muito famoso em todo o mundo e trocar a fam\u00edlia pelo estrelato \u00e9 o foco do novo filme protagonizado por George Clooney, que interpreta o personagem principal em &#8220;Jay Kelly&#8221;, em estreia hoje nos cinemas norte-americanos.\u00a0<\/p>\n<p>A fama do ator que d\u00e1 nome ao filme \u00e9 similar \u00e0 de George Clooney na vida real, mas o veterano de Hollywood n\u00e3o viu mais nenhum paralelo entre eles, segundo disse numa confer\u00eancia de imprensa em Los Angeles em que a Lusa participou.\u00a0<\/p>\n<p>&#8220;As pessoas dizem-me que \u00e9 como fazer o papel de mim pr\u00f3prio, mas eu n\u00e3o tenho os arrependimentos que este tipo tem&#8221;, afirmou Clooney. &#8220;Os meus filhos ainda gostam de mim&#8221;, apontou, referenciando um dos principais desgostos de Jay Kelly no filme: a dificuldade de conex\u00e3o com as filhas, para as quais foi um pai ausente por causa do trabalho como ator.\u00a0<\/p>\n<p>&#8220;Tenho uma vida muito diferente deste tipo, por isso n\u00e3o me identifico com ele&#8221;, salientou, considerando que o personagem \u00e9 um idiota. &#8220;A \u00fanica coisa que me preocupou durante todo o processo foi: ser\u00e1 que consigo torn\u00e1-lo simp\u00e1tico ao fazer tudo isto?&#8221;<\/p>\n<p>Com argumento e realiza\u00e7\u00e3o de Noah Baumbach para a\u00a0Netflix, &#8220;Jay Kelly&#8221; examina o significado de ser uma superestrela em detrimento de ser um bom pai, bom amigo e at\u00e9 bom patr\u00e3o.\u00a0<\/p>\n<p>O realizador explicou que, quando come\u00e7ou a escrever o filme com Emily Mortimer, a inten\u00e7\u00e3o era explorar o que acontece quando uma pessoa chega a um certo ponto da sua vida e reflete sobre a sua mortalidade.<\/p>\n<p>&#8220;Todos n\u00f3s, quando somos jovens, achamos que temos todo o tempo do mundo e fazemos escolhas com uma negocia\u00e7\u00e3o inconsciente de que faremos outras coisas mais tarde e haver\u00e1 tempo&#8221;, descreveu Baumbach na confer\u00eancia.\u00a0<\/p>\n<p>&#8220;Este filme \u00e9 sobre o momento em que descobrirmos algo que \u00e9 ao mesmo tempo \u00f3bvio e chocante, a consci\u00eancia de que este \u00e9 o \u00fanico tempo que temos para fazer isto&#8221;, acrescentou. O que Jay Kelly se apercebe \u00e9 que n\u00e3o ter\u00e1 outra oportunidade de fazer escolhas e esta \u00e9 a sua vida, quer queira quer n\u00e3o.\u00a0<\/p>\n<p>Mais que um tributo ao mundo do cinema, Baumbach quis examinar os aspetos emocionais e psicol\u00f3gicos de confrontar a mortalidade.\u00a0<\/p>\n<p>Esse questionamento n\u00e3o acontece apenas com Jay Kelly, mas tamb\u00e9m com o seu agente Ron Sukenick (Adam Sandler) e a assessora Liz (Laura Dern), que se perguntam se fizeram as escolhas certas ao dedicarem a sua vida ao ator.\u00a0<\/p>\n<p>&#8220;\u00c9 por isso, em parte, que o filme se chama &#8216;Jay Kelly&#8217;, porque toda a gente gira em torno desta figura&#8221;, salientou Baumbach.\u00a0<\/p>\n<p>O estilo que Laura Dern deu a Liz incluiu uma homenagem \u00e0 sua pr\u00f3pria assessora, Anett Wolf, que tamb\u00e9m anda sempre com um len\u00e7o Herm\u00e8s atado \u00e0 mala.\u00a0<\/p>\n<p>&#8220;Estas pessoas s\u00e3o como fam\u00edlia e mentores, t\u00eam de ser insuportavelmente pacientes&#8221;, descreveu Laura Dern. &#8220;Acho que vi o outro lado de como \u00e9 andar atr\u00e1s de mim&#8221;.\u00a0<\/p>\n<p>Adam Sandler referenciou igualmente a curiosidade de estar do outro lado daquilo que interpreta no filme. &#8220;A minha fala favorita no filme \u00e9 quando digo &#8216;Tu \u00e9s o Jay Kelly, mas eu tamb\u00e9m sou Jay Kelly&#8221;, lembrou. &#8220;Creio que as nossas equipas sentem o mesmo&#8221;.\u00a0<\/p>\n<p>&#8220;Jay Kelly&#8221; estreia-se hoje nos cinemas norte-americanos e chegar\u00e1 ao servi\u00e7o do Netflix em todo o mundo a 05 de dezembro.\u00a0<\/p>\n<p>Leia Tamb\u00e9m: <a href=\"https:\/\/www.noticiasaominuto.com\/fama\/2888302\/lady-gaga-sofreu-surto-psicotico-e-foi-internada-em-hospital-psiquiatrico\" target=\"_blank\" rel=\"noopener noreferrer nofollow\">Lady Gaga sofreu surto psic\u00f3tico e foi internada em hospital psiqui\u00e1trico<\/a><\/p>\n","protected":false},"excerpt":{"rendered":"O pre\u00e7o de ser um ator muito famoso em todo o mundo e trocar a fam\u00edlia pelo estrelato&hellip;\n","protected":false},"author":2,"featured_media":151589,"comment_status":"","ping_status":"","sticky":false,"template":"","format":"standard","meta":{"footnotes":""},"categories":[140],"tags":[114,115,147,148,146,32,33],"class_list":{"0":"post-151588","1":"post","2":"type-post","3":"status-publish","4":"format-standard","5":"has-post-thumbnail","7":"category-filmes","8":"tag-entertainment","9":"tag-entretenimento","10":"tag-film","11":"tag-filmes","12":"tag-movies","13":"tag-portugal","14":"tag-pt"},"share_on_mastodon":{"url":"https:\/\/pubeurope.com\/@pt\/115547768500481174","error":""},"_links":{"self":[{"href":"https:\/\/www.europesays.com\/pt\/wp-json\/wp\/v2\/posts\/151588","targetHints":{"allow":["GET"]}}],"collection":[{"href":"https:\/\/www.europesays.com\/pt\/wp-json\/wp\/v2\/posts"}],"about":[{"href":"https:\/\/www.europesays.com\/pt\/wp-json\/wp\/v2\/types\/post"}],"author":[{"embeddable":true,"href":"https:\/\/www.europesays.com\/pt\/wp-json\/wp\/v2\/users\/2"}],"replies":[{"embeddable":true,"href":"https:\/\/www.europesays.com\/pt\/wp-json\/wp\/v2\/comments?post=151588"}],"version-history":[{"count":0,"href":"https:\/\/www.europesays.com\/pt\/wp-json\/wp\/v2\/posts\/151588\/revisions"}],"wp:featuredmedia":[{"embeddable":true,"href":"https:\/\/www.europesays.com\/pt\/wp-json\/wp\/v2\/media\/151589"}],"wp:attachment":[{"href":"https:\/\/www.europesays.com\/pt\/wp-json\/wp\/v2\/media?parent=151588"}],"wp:term":[{"taxonomy":"category","embeddable":true,"href":"https:\/\/www.europesays.com\/pt\/wp-json\/wp\/v2\/categories?post=151588"},{"taxonomy":"post_tag","embeddable":true,"href":"https:\/\/www.europesays.com\/pt\/wp-json\/wp\/v2\/tags?post=151588"}],"curies":[{"name":"wp","href":"https:\/\/api.w.org\/{rel}","templated":true}]}}