{"id":151592,"date":"2025-11-14T11:17:14","date_gmt":"2025-11-14T11:17:14","guid":{"rendered":"https:\/\/www.europesays.com\/pt\/151592\/"},"modified":"2025-11-14T11:17:14","modified_gmt":"2025-11-14T11:17:14","slug":"taxas-de-hipertensao-arterial-em-menores-de-19-anos-quase-duplicaram-em-20-anos-porque","status":"publish","type":"post","link":"https:\/\/www.europesays.com\/pt\/151592\/","title":{"rendered":"Taxas de hipertens\u00e3o arterial em menores de 19 anos quase duplicaram em 20 anos. Porqu\u00ea?"},"content":{"rendered":"<p>Especialistas afirmaram que 114 milh\u00f5es de crian\u00e7as que desenvolveram hipertens\u00e3o antes mesmo de atingirem a idade adulta enfrentam riscos potencialmente fatais e danos para toda a vida. Entre os principais fatores das conclus\u00f5es est\u00e3o a m\u00e1 alimenta\u00e7\u00e3o, o sedentarismo e a obesidade.<\/p>\n<p><a target=\"_blank\" href=\"https:\/\/pplware.sapo.pt\/wp-content\/uploads\/2025\/11\/crianca_tensao_arterial.jpg\" onclick=\"refreshIframe()\" class=\"foobox\" rel=\"nofollow noopener\"><img fetchpriority=\"high\" decoding=\"async\" src=\"https:\/\/www.europesays.com\/pt\/wp-content\/uploads\/2025\/11\/crianca_tensao_arterial-720x405.jpg\" alt=\"Dois rapazes com aparelho para medi\u00e7\u00e3o da tens\u00e3o arterial\" width=\"720\" height=\"405\" class=\"aligncenter size-medium wp-image-1088253\"  \/><\/a>\n<\/p>\n<p>A preval\u00eancia de hipertens\u00e3o arterial em crian\u00e7as e adolescentes com menos de 19 anos aumentou para 6,2% &#8211; dos anteriores 3,2% &#8211; em apenas 20 anos. As conclus\u00f5es baseiam-se numa <a target=\"_blank\" href=\"https:\/\/www.thelancet.com\/journals\/lanchi\/article\/PIIS2352-4642(25)00281-0\/abstract\" rel=\"nofollow noopener\">meta-an\u00e1lise<\/a> de dados de 96 estudos, que envolveram mais de 400.000 crian\u00e7as, em 21 pa\u00edses, e foram publicadas na revista The Lancet Child and Adolescent Health.<\/p>\n<blockquote>\n<p>O aumento de quase duas vezes na hipertens\u00e3o arterial infantil ao longo de 20 anos deve ser um sinal de alerta para os profissionais de sa\u00fade e cuidadores.<\/p>\n<\/blockquote>\n<p>Disse Igor Rudan, um dos autores do estudo e diretor do Centro de Pesquisa em Sa\u00fade Global do Instituto Usher da Universidade de Edimburgo.<\/p>\n<p>Se em 2000 cerca de 3,2% das crian\u00e7as tinham hipertens\u00e3o, em 2020 a preval\u00eancia aumentou para mais de 6,2% das crian\u00e7as e adolescentes com menos de 19 anos. Nesse ano, afetava 114 milh\u00f5es de jovens em todo o mundo.<\/p>\n<blockquote>\n<p>[Aumento dos casos foi] impulsionado em grande parte por fatores relacionados ao estilo de vida, como dietas pouco saud\u00e1veis, diminui\u00e7\u00e3o da atividade f\u00edsica e o aumento da preval\u00eancia da obesidade infantil.<\/p>\n<\/blockquote>\n<p>Partilhou uma das autoras do estudo, Peige Song, da Faculdade de Medicina da Universidade de Zhejiang.<\/p>\n<p><a target=\"_blank\" href=\"https:\/\/pplware.sapo.pt\/wp-content\/uploads\/2023\/06\/crianca-xbox.jpg\" onclick=\"refreshIframe()\" class=\"foobox\" rel=\"nofollow noopener\"><img loading=\"lazy\" decoding=\"async\" src=\"https:\/\/www.europesays.com\/pt\/wp-content\/uploads\/2025\/11\/crianca-xbox-720x360.jpg\" alt=\"\" width=\"720\" height=\"360\" class=\"aligncenter size-medium wp-image-927344\"  \/><\/a><\/p>\n<p>Obesidade foi um dos fatores para o aumento &#8220;profundamente preocupante&#8221;<\/p>\n<p>Um dos fatores determinantes para este aumento foi, segundo a an\u00e1lise, a obesidade. Quase 19% das pessoas que vivem com obesidade s\u00e3o afetadas pela doen\u00e7a, em compara\u00e7\u00e3o com menos de 3% das crian\u00e7as e adolescentes considerados com peso saud\u00e1vel.<\/p>\n<p>Al\u00e9m disso, o estudo sugere que 8,2% das crian\u00e7as e adolescentes t\u00eam pr\u00e9-hipertens\u00e3o. Ou seja, os n\u00edveis de press\u00e3o arterial est\u00e3o acima do normal, mas ainda n\u00e3o atendem aos crit\u00e9rios para hipertens\u00e3o.<\/p>\n<p>A pr\u00e9-hipertens\u00e3o \u00e9 especialmente prevalente durante a adolesc\u00eancia, com taxas que atingem 11,8% entre os adolescentes, em compara\u00e7\u00e3o com cerca de 7% em crian\u00e7as mais novas.<\/p>\n<p>Importa ressalvar que as crian\u00e7as e os adolescentes com pr\u00e9-hipertens\u00e3o s\u00e3o mais propensos a evoluir para hipertens\u00e3o total.<\/p>\n<p><a target=\"_blank\" href=\"https:\/\/pplware.sapo.pt\/wp-content\/uploads\/2025\/11\/tensao_arterial_medir.jpg\" onclick=\"refreshIframe()\" class=\"foobox\" rel=\"nofollow noopener\"><img loading=\"lazy\" decoding=\"async\" src=\"https:\/\/www.europesays.com\/pt\/wp-content\/uploads\/2025\/11\/tensao_arterial_medir-720x405.jpg\" alt=\"Aparelho para a medi\u00e7\u00e3o da tens\u00e3o arterial \" width=\"720\" height=\"405\" class=\"aligncenter size-medium wp-image-1088254\"  \/><\/a><\/p>\n<p>Conforme citado pelo The Guardian, os m\u00e9dicos perceberam que os n\u00edveis de press\u00e3o arterial aumentaram acentuadamente no in\u00edcio da adolesc\u00eancia, atingindo o pico por volta dos 14 anos, especialmente entre os rapazes.<\/p>\n<p>Para o professor Steve Turner, presidente do Royal College of Paediatrics and Child Health, &#8220;este aumento acentuado da hipertens\u00e3o arterial entre as crian\u00e7as \u00e9 profundamente preocupante e \u00e9 na maioria impulsionado pelo aumento da obesidade infantil, uma condi\u00e7\u00e3o totalmente evit\u00e1vel&#8221;.<\/p>\n<blockquote>\n<p>Estas conclus\u00f5es refletem o que os pediatras est\u00e3o a observar na linha da frente. As crian\u00e7as apresentam n\u00e3o s\u00f3 hipertens\u00e3o, mas, tamb\u00e9m, outras condi\u00e7\u00f5es graves relacionadas com a obesidade, como diabetes tipo 2 &#8211; outrora desconhecida em crian\u00e7as -, asma e problemas de sa\u00fade mental.<\/p>\n<\/blockquote>\n<p>Explicou Steve Turner, acrescentando que os profissionais de sa\u00fade sabem que a hipertens\u00e3o persistente &#8220;\u00e9 um fator de risco para morte prematura devido a danos no sistema cardiovascular e noutros \u00f3rg\u00e3os&#8221;.<\/p>\n<p>Uma vez que &#8220;crian\u00e7as saud\u00e1veis tornam-se adultos saud\u00e1veis&#8221;, tend\u00eancias como estas, &#8220;sem medidas urgentes&#8221;, podem culminar numa &#8220;emerg\u00eancia de sa\u00fade p\u00fablica&#8221;.<\/p>\n<p><a target=\"_blank\" href=\"https:\/\/pplware.sapo.pt\/wp-content\/uploads\/2024\/12\/criancas_brincar-1.jpg\" onclick=\"refreshIframe()\" class=\"foobox\" rel=\"nofollow noopener\"><img loading=\"lazy\" decoding=\"async\" src=\"https:\/\/www.europesays.com\/pt\/wp-content\/uploads\/2025\/09\/criancas_brincar-1-720x405.jpg\" alt=\"\" width=\"720\" height=\"405\" class=\"aligncenter size-medium wp-image-1033287\"  \/><\/a><\/p>\n<p>Papel dos pais e dos governos<\/p>\n<p>Na perspetiva de Peige Song, os pais t\u00eam um papel fundamental na preven\u00e7\u00e3o e no controlo da hipertens\u00e3o em crian\u00e7as. Estes devem &#8220;promover h\u00e1bitos saud\u00e1veis, como uma dieta equilibrada rica em frutas, vegetais e gr\u00e3os integrais, minimizando a ingest\u00e3o de sal e a\u00e7\u00facar&#8221;.<\/p>\n<p>Uma vez que estes h\u00e1bitos podem &#8220;reduzir substancialmente o risco de hipertens\u00e3o&#8221;, \u00e9 crucial, tamb\u00e9m, &#8220;incentivar a atividade f\u00edsica regular e limitar comportamentos sedent\u00e1rios, como o tempo excessivo diante dos ecr\u00e3s&#8221;.<\/p>\n<p>Segundo o professor Bryan Williams, diretor cient\u00edfico e m\u00e9dico da British Heart Foundation, que n\u00e3o participou na meta-an\u00e1lise, a hipertens\u00e3o relacionada com a obesidade pode ser revertida.<\/p>\n<p>Contudo, s\u00e3o necess\u00e1rias medidas ousadas por parte dos governos, por forma a evitar que tantas crian\u00e7as desenvolvam obesidade, desde &#8220;alargar as restri\u00e7\u00f5es \u00e0 comercializa\u00e7\u00e3o de produtos n\u00e3o saud\u00e1veis&#8221; at\u00e9 &#8220;explorar outras medidas para incentivar a ind\u00fastria alimentar a tornar os nossos alimentos do dia a dia mais saud\u00e1veis&#8221;.<\/p>\n","protected":false},"excerpt":{"rendered":"Especialistas afirmaram que 114 milh\u00f5es de crian\u00e7as que desenvolveram hipertens\u00e3o antes mesmo de atingirem a idade adulta enfrentam&hellip;\n","protected":false},"author":2,"featured_media":151593,"comment_status":"","ping_status":"","sticky":false,"template":"","format":"standard","meta":{"footnotes":""},"categories":[86],"tags":[950,1347,116,3158,3176,32,33,117],"class_list":{"0":"post-151592","1":"post","2":"type-post","3":"status-publish","4":"format-standard","5":"has-post-thumbnail","7":"category-saude","8":"tag-crianca","9":"tag-estudo","10":"tag-health","11":"tag-hipertensao","12":"tag-jovens","13":"tag-portugal","14":"tag-pt","15":"tag-saude"},"share_on_mastodon":{"url":"https:\/\/pubeurope.com\/@pt\/115547776507383801","error":""},"_links":{"self":[{"href":"https:\/\/www.europesays.com\/pt\/wp-json\/wp\/v2\/posts\/151592","targetHints":{"allow":["GET"]}}],"collection":[{"href":"https:\/\/www.europesays.com\/pt\/wp-json\/wp\/v2\/posts"}],"about":[{"href":"https:\/\/www.europesays.com\/pt\/wp-json\/wp\/v2\/types\/post"}],"author":[{"embeddable":true,"href":"https:\/\/www.europesays.com\/pt\/wp-json\/wp\/v2\/users\/2"}],"replies":[{"embeddable":true,"href":"https:\/\/www.europesays.com\/pt\/wp-json\/wp\/v2\/comments?post=151592"}],"version-history":[{"count":0,"href":"https:\/\/www.europesays.com\/pt\/wp-json\/wp\/v2\/posts\/151592\/revisions"}],"wp:featuredmedia":[{"embeddable":true,"href":"https:\/\/www.europesays.com\/pt\/wp-json\/wp\/v2\/media\/151593"}],"wp:attachment":[{"href":"https:\/\/www.europesays.com\/pt\/wp-json\/wp\/v2\/media?parent=151592"}],"wp:term":[{"taxonomy":"category","embeddable":true,"href":"https:\/\/www.europesays.com\/pt\/wp-json\/wp\/v2\/categories?post=151592"},{"taxonomy":"post_tag","embeddable":true,"href":"https:\/\/www.europesays.com\/pt\/wp-json\/wp\/v2\/tags?post=151592"}],"curies":[{"name":"wp","href":"https:\/\/api.w.org\/{rel}","templated":true}]}}