{"id":151602,"date":"2025-11-14T11:25:23","date_gmt":"2025-11-14T11:25:23","guid":{"rendered":"https:\/\/www.europesays.com\/pt\/151602\/"},"modified":"2025-11-14T11:25:23","modified_gmt":"2025-11-14T11:25:23","slug":"castro-almeida-fecha-web-summit-com-afonso-henriques-observador","status":"publish","type":"post","link":"https:\/\/www.europesays.com\/pt\/151602\/","title":{"rendered":"Castro Almeida fecha Web Summit com Afonso Henriques \u2013 Observador"},"content":{"rendered":"<p>Teve de esperar alguns segundos para receber um aplauso dos poucos milhares de participantes que ainda restavam na Web Summit na tarde desta quinta-feira. Quando subiu ao palco principal para a pen\u00faltima sess\u00e3o do evento, o ministro da Economia trouxe os habituais apelos aos empreendedores, para que invistam e \u201cvenham viver\u201d para Portugal. Antes, Manuel Castro Almeida contou a hist\u00f3ria de um \u201cjovem pr\u00edncipe rebelde e empreendedor\u201d chamado Afonso Henriques.<\/p>\n<p>\u201cEle tinha talento, teve ambi\u00e7\u00e3o, teve um projeto, teve uma vis\u00e3o clara do futuro. Tinha 34 anos quando criou um estado soberano, Portugal. O nosso primeiro rei foi tamb\u00e9m o nosso primeiro empreendedor\u201d, come\u00e7ou Castro Almeida, dirigindo-se em ingl\u00eas aos empreendedores internacionais, que responderam com mais um aplauso t\u00edmido. \u201cOito s\u00e9culos depois ainda estamos aqui\u201d. Castro Almeida prosseguiu a contar que Portugal \u201cliderou a grande aventura das descobertas mar\u00edtimas\u201d. \u201cNos s\u00e9culos XV e XVI, os nossos navegadores lideraram a globaliza\u00e7\u00e3o. Estes homens tamb\u00e9m foram, no seu tempo, empreendedores. Agora \u00e9 tempo de perguntar: onde \u00e9 que estas ideias podem ser implementadas?\u201d. A resposta? \u201cAqui, em Portugal\u201d, com novos empregos.<\/p>\n<p>O ministro da Economia falou de um pa\u00eds \u201cem transforma\u00e7\u00e3o\u201d, que \u00e9 \u201cum grande pa\u00eds\u201d. \u201cEm dimens\u00e3o podemos ser pequenos, mas o nosso mar \u00e9 enorme\u201d. Sublinhou que em Portugal os investimentos encontram \u201cestabilidade\u201d e um ambiente econ\u00f3mico \u201cforte\u201d. \u201c\u00c9 um pa\u00eds onde podem trabalhar com motiva\u00e7\u00e3o, com prazer, onde o talento \u00e9 celebrado, o m\u00e9rito \u00e9 reconhecido e o risco \u00e9 compreendido\u201d e onde \u201co Governo n\u00e3o controla a inova\u00e7\u00e3o mas impulsiona a inova\u00e7\u00e3o\u201d.<\/p>\n<p>Os investimentos da Start Campus e da Microsoft em Sines voltaram a ser lembrados por Castro Almeida, como exemplo da \u201cposi\u00e7\u00e3o relevante de Portugal na IA\u201d. O ministro tamb\u00e9m refor\u00e7ou a inten\u00e7\u00e3o do Governo em trazer para Portugal uma das gigaf\u00e1bricas que a Comiss\u00e3o Europeia vai apoiar.<\/p>\n<p>Sublinhou que a inova\u00e7\u00e3o em Portugal \u201cn\u00e3o \u00e9 um privil\u00e9gio de grandes cidades\u201d, e que \u201c\u00e9 poss\u00edvel viver em seguran\u00e7a e liberdade\u201d no pa\u00eds, \u201ccom hist\u00f3ria e natureza, com sol e mar\u201d.<\/p>\n<p>O ministro despediu-se dos empreendedores com um convite: \u201cInvistam em Portugal, inovem em Portugal, trabalhem com Portugal. Aqui v\u00e3o encontrar estabilidade, talento e oportunidades. Portugal tem um passado rico e ter\u00e1 certamente um futuro brilhante. Aqui v\u00e3o ser sempre bem vindos. Voltem a Portugal, voltem a um futuro novo\u201d.<\/p>\n<p>Antes de subir ao palco principal para uma das \u00faltimas interven\u00e7\u00f5es na Web Summit 2025, Castro Almeida visitou, nos pavilh\u00f5es da FIL, os stands da Startup Portugal e do Banco Portugu\u00eas de Fomento. Em declara\u00e7\u00f5es aos jornalistas, o ministro real\u00e7ou que esta \u201c\u00e9 uma semana muito importante para a economia do pa\u00eds e para os empreendedores portugueses\u201d. Em linha com o que t\u00eam sido as declara\u00e7\u00f5es dos governantes na Web Summit, tamb\u00e9m Castro Almeida disse que este \u00e9 o momento para Portugal \u201cafirmar que est\u00e1 na linha na frente da IA e que tem vontade de estar cada vez mais pr\u00f3ximo da frente\u201d.<\/p>\n<p>\u201cPortugal \u00e9 um pa\u00eds antigo, com uma grande hist\u00f3ria, mas tem um grande futuro e uma grande ambi\u00e7\u00e3o. E o futuro vai passar muito pela IA. E Lisboa est\u00e1 transformada no centro do mundo da IA. Toda a gente que conta est\u00e1 c\u00e1\u201d, sublinhou. O ministro acredita que \u201cn\u00e3o tem de haver uma escolha entre apostar na tecnologia ou nas empresas tradicionais\u201d. Ao inv\u00e9s, as devem as empresas tradicionais usar \u201co m\u00e1ximo de tecnologia para melhorarem a sua produtividade para no final pagarmos melhores sal\u00e1rios\u201d.<\/p>\n<p>Castro Almeida adiantou que o Governo est\u00e1 a trabalhar com o IAPMEI para lan\u00e7ar um programa de \u201cgrande divulga\u00e7\u00e3o de IA junto das PME\u201d, em que a CIP tamb\u00e9m participar\u00e1. O objetivo \u00e9 chegar \u201cao maior n\u00famero poss\u00edvel de PME para acelerar este processo\u201d.<\/p>\n<p>Sobre a continua\u00e7\u00e3o da Web Summit em Lisboa ap\u00f3s 2028, ano em que termina o contrato, o ministro da Economia disse apenas que \u201co tempo pr\u00f3prio para avaliar isso \u00e9 mais para a frente\u201d.<\/p>\n<p>Castro Almeida foi ainda questionado sobre a greve geral convocada para 11 de dezembro, mas remeteu essas perguntas para o primeiro-ministro e para a ministra do Trabalho. \u201cEles sabem tudo sobre essa mat\u00e9ria\u201d.<\/p>\n","protected":false},"excerpt":{"rendered":"Teve de esperar alguns segundos para receber um aplauso dos poucos milhares de participantes que ainda restavam na&hellip;\n","protected":false},"author":2,"featured_media":151603,"comment_status":"","ping_status":"","sticky":false,"template":"","format":"standard","meta":{"footnotes":""},"categories":[10],"tags":[27,28,15,16,14,25,26,797,21,22,12,13,19,20,57,32,23,24,33,58,17,18,29,30,31,18123],"class_list":{"0":"post-151602","1":"post","2":"type-post","3":"status-publish","4":"format-standard","5":"has-post-thumbnail","7":"category-portugal","8":"tag-breaking-news","9":"tag-breakingnews","10":"tag-featured-news","11":"tag-featurednews","12":"tag-headlines","13":"tag-latest-news","14":"tag-latestnews","15":"tag-lisboa","16":"tag-main-news","17":"tag-mainnews","18":"tag-news","19":"tag-noticias","20":"tag-noticias-principais","21":"tag-noticiasprincipais","22":"tag-pau00eds","23":"tag-portugal","24":"tag-principais-noticias","25":"tag-principaisnoticias","26":"tag-pt","27":"tag-sociedade","28":"tag-top-stories","29":"tag-topstories","30":"tag-ultimas","31":"tag-ultimas-noticias","32":"tag-ultimasnoticias","33":"tag-web-summit"},"share_on_mastodon":{"url":"https:\/\/pubeurope.com\/@pt\/115547807803435012","error":""},"_links":{"self":[{"href":"https:\/\/www.europesays.com\/pt\/wp-json\/wp\/v2\/posts\/151602","targetHints":{"allow":["GET"]}}],"collection":[{"href":"https:\/\/www.europesays.com\/pt\/wp-json\/wp\/v2\/posts"}],"about":[{"href":"https:\/\/www.europesays.com\/pt\/wp-json\/wp\/v2\/types\/post"}],"author":[{"embeddable":true,"href":"https:\/\/www.europesays.com\/pt\/wp-json\/wp\/v2\/users\/2"}],"replies":[{"embeddable":true,"href":"https:\/\/www.europesays.com\/pt\/wp-json\/wp\/v2\/comments?post=151602"}],"version-history":[{"count":0,"href":"https:\/\/www.europesays.com\/pt\/wp-json\/wp\/v2\/posts\/151602\/revisions"}],"wp:featuredmedia":[{"embeddable":true,"href":"https:\/\/www.europesays.com\/pt\/wp-json\/wp\/v2\/media\/151603"}],"wp:attachment":[{"href":"https:\/\/www.europesays.com\/pt\/wp-json\/wp\/v2\/media?parent=151602"}],"wp:term":[{"taxonomy":"category","embeddable":true,"href":"https:\/\/www.europesays.com\/pt\/wp-json\/wp\/v2\/categories?post=151602"},{"taxonomy":"post_tag","embeddable":true,"href":"https:\/\/www.europesays.com\/pt\/wp-json\/wp\/v2\/tags?post=151602"}],"curies":[{"name":"wp","href":"https:\/\/api.w.org\/{rel}","templated":true}]}}