{"id":151604,"date":"2025-11-14T11:26:10","date_gmt":"2025-11-14T11:26:10","guid":{"rendered":"https:\/\/www.europesays.com\/pt\/151604\/"},"modified":"2025-11-14T11:26:10","modified_gmt":"2025-11-14T11:26:10","slug":"cristiano-ronaldo-dispensado-da-selecao-nacional","status":"publish","type":"post","link":"https:\/\/www.europesays.com\/pt\/151604\/","title":{"rendered":"Cristiano Ronaldo dispensado da Sele\u00e7\u00e3o Nacional"},"content":{"rendered":"<p>Cristiano Ronaldo foi dispensado da Sele\u00e7\u00e3o Nacional.<\/p>\n<p>O capit\u00e3o foi expulso na derrota de Portugal <a href=\"https:\/\/maisfutebol.iol.pt\/jogo\/aominuto\/republica-da-irlanda\/portugal\/13820863\" rel=\"nofollow noopener\" target=\"_blank\">frente \u00e0 Irlanda (2-0)<\/a>, em Dublin,\u00a0 e n\u00e3o vai defrontar a Arm\u00e9nia, no domingo, no Est\u00e1dio do Drag\u00e3o, no Porto.<\/p>\n<p>Desta forma, Ronaldo foi dispensado da Sele\u00e7\u00e3o e n\u00e3o segue com o resto da comitiva no regresso a Portugal.<\/p>\n<p>O cart\u00e3o vermelho frente \u00e0 Irlanda foi <a href=\"https:\/\/maisfutebol.iol.pt\/cristiano-ronaldo\/ronaldo\/video-a-expulsao-de-cristiano-ronaldo-com-recurso-ao-var\" rel=\"nofollow noopener\" target=\"_blank\">o primeiro de sempre de Cristiano Ronaldo em 225 internacionaliza\u00e7\u00f5es pela Sele\u00e7\u00e3o<\/a>.<\/p>\n<p>Apesar da derrota na Irlanda, na noite de quinta-feira, a Sele\u00e7\u00e3o Nacional continua a liderar o Grupo pode garantir o apuramento direto para o Mundial, no pr\u00f3ximo domingo, no Est\u00e1dio do Drag\u00e3o, <a href=\"https:\/\/maisfutebol.iol.pt\/jogo\/portugal\/armenia\/13820845\" rel=\"nofollow noopener\" target=\"_blank\">na rece\u00e7\u00e3o \u00e0 Arm\u00e9nia, num jogo que pode acompanhar AO MINUTO no <strong>Maisfutebol<\/strong><\/a>.<\/p>\n","protected":false},"excerpt":{"rendered":"Cristiano Ronaldo foi dispensado da Sele\u00e7\u00e3o Nacional. O capit\u00e3o foi expulso na derrota de Portugal frente \u00e0 Irlanda&hellip;\n","protected":false},"author":2,"featured_media":151605,"comment_status":"","ping_status":"","sticky":false,"template":"","format":"standard","meta":{"footnotes":""},"categories":[8],"tags":[8240,27,28,667,32872,15,16,14,25,26,21,22,46,12632,12,13,19,20,32,23,24,33,47,669,4338,17,18,29,30,31],"class_list":{"0":"post-151604","1":"post","2":"type-post","3":"status-publish","4":"format-standard","5":"has-post-thumbnail","7":"category-principais-noticias","8":"tag-armenia","9":"tag-breaking-news","10":"tag-breakingnews","11":"tag-cristiano-ronaldo","12":"tag-dispensado","13":"tag-featured-news","14":"tag-featurednews","15":"tag-headlines","16":"tag-latest-news","17":"tag-latestnews","18":"tag-main-news","19":"tag-mainnews","20":"tag-maisfutebol","21":"tag-mundial-2026","22":"tag-news","23":"tag-noticias","24":"tag-noticias-principais","25":"tag-noticiasprincipais","26":"tag-portugal","27":"tag-principais-noticias","28":"tag-principaisnoticias","29":"tag-pt","30":"tag-pura-paixao","31":"tag-ronaldo","32":"tag-selecao","33":"tag-top-stories","34":"tag-topstories","35":"tag-ultimas","36":"tag-ultimas-noticias","37":"tag-ultimasnoticias"},"share_on_mastodon":{"url":"https:\/\/pubeurope.com\/@pt\/115547811776840148","error":""},"_links":{"self":[{"href":"https:\/\/www.europesays.com\/pt\/wp-json\/wp\/v2\/posts\/151604","targetHints":{"allow":["GET"]}}],"collection":[{"href":"https:\/\/www.europesays.com\/pt\/wp-json\/wp\/v2\/posts"}],"about":[{"href":"https:\/\/www.europesays.com\/pt\/wp-json\/wp\/v2\/types\/post"}],"author":[{"embeddable":true,"href":"https:\/\/www.europesays.com\/pt\/wp-json\/wp\/v2\/users\/2"}],"replies":[{"embeddable":true,"href":"https:\/\/www.europesays.com\/pt\/wp-json\/wp\/v2\/comments?post=151604"}],"version-history":[{"count":0,"href":"https:\/\/www.europesays.com\/pt\/wp-json\/wp\/v2\/posts\/151604\/revisions"}],"wp:featuredmedia":[{"embeddable":true,"href":"https:\/\/www.europesays.com\/pt\/wp-json\/wp\/v2\/media\/151605"}],"wp:attachment":[{"href":"https:\/\/www.europesays.com\/pt\/wp-json\/wp\/v2\/media?parent=151604"}],"wp:term":[{"taxonomy":"category","embeddable":true,"href":"https:\/\/www.europesays.com\/pt\/wp-json\/wp\/v2\/categories?post=151604"},{"taxonomy":"post_tag","embeddable":true,"href":"https:\/\/www.europesays.com\/pt\/wp-json\/wp\/v2\/tags?post=151604"}],"curies":[{"name":"wp","href":"https:\/\/api.w.org\/{rel}","templated":true}]}}