{"id":151610,"date":"2025-11-14T11:33:20","date_gmt":"2025-11-14T11:33:20","guid":{"rendered":"https:\/\/www.europesays.com\/pt\/151610\/"},"modified":"2025-11-14T11:33:20","modified_gmt":"2025-11-14T11:33:20","slug":"trailer-do-filme-sobre-michael-jackson-ja-e-o-mais-visto-da-historia-continua-rei-so-noticia-boa","status":"publish","type":"post","link":"https:\/\/www.europesays.com\/pt\/151610\/","title":{"rendered":"Trailer do filme sobre Michael Jackson j\u00e1 \u00e9 o mais visto da hist\u00f3ria; continua rei &#8211; S\u00f3 Not\u00edcia Boa"},"content":{"rendered":"<ol>\n<li><a href=\"https:\/\/news.google.com\/rss\/articles\/CBMiqAFBVV95cUxQdWVVcEFNOEo5bEN6TG91OHlfQ1hHUV8yMGQzTnNKMzhiY05TX3FtUGRWTzBOWU9veVhLcTAydVRaTjQzdXh5enBEQ1UzS1d4R08yT25PR1dIOThqYUNDRFBvTlVabW4wZXZEN2ZsdFZ5UjhOVVhfWjJMTk4yQVB2OEZDXzJJbV9EZlVHOTVqdFBLVVJCWjYtQm5OSGgxWDN5Q2U2S3ZkY2U?oc=5\" target=\"_blank\" rel=\"nofollow noopener\">Trailer do filme sobre Michael Jackson j\u00e1 \u00e9 o mais visto da hist\u00f3ria; continua rei<\/a>&nbsp;&nbsp;S\u00f3 Not\u00edcia Boa<\/li>\n<li><a href=\"https:\/\/news.google.com\/rss\/articles\/CBMiiwJBVV95cUxNYm13bVNtMEtjTzRVY1NhYzF3ZWJ0bFc3bGV5cFlGZjFCc0FkenJ2aTFrUFgxeWJ0NXl0UVA3ZXk1U013MG80aklfeGFFblg1Z3ktaXpTbHpJSmFfSGxhY25mR1Zrd2NEZ1prZHVWRTFkZXU3dm4tWC1lVlhUN24xV1J4cFdQdnZFVXEzcFdjV0tsVUlCSnlOa3NyRFMwRG10ZUNrT0RFVnBSUmdiTDREbDNyTnNfZWZDQkdQLWY1ZFhvZ3JDV0Y1b0R6TTJIcHRVZk13U2FuNUF2Rk1ZVnlldkI4UTR3RThqMWkyUE9ua2U5LTQ1aTZob1NfbFU5NkxhU0g3U082NUN1a3M?oc=5\" target=\"_blank\" rel=\"nofollow noopener\">Cinebiografia de Michael Jackson est\u00e1 envolvida em acusa\u00e7\u00f5es e esc\u00e2ndalos<\/a>&nbsp;&nbsp;Terra<\/li>\n<li><a href=\"https:\/\/news.google.com\/rss\/articles\/CBMiigFBVV95cUxOT2xfeFFhaDVIcVdSTnU1ZExzWDlNR2xsWGJkVmVYTlVDR0NlV3lQNWlJQ0pSMHhRdDlobDh5MnJYWWFQQXFtNDBCODRBSmZ4d3dIVE42ZmlENG0tVUJXb3VDenZvb0VISFlNczJkd2hnV1BMQnBPYjZpejhodkFHOTNCNzFJYVp2Z2c?oc=5\" target=\"_blank\" rel=\"nofollow noopener\">\u201cMichael\u201d quebra recorde com trailer mais visto da hist\u00f3ria das cinebiografias<\/a>&nbsp;&nbsp;MEON<\/li>\n<li><a href=\"https:\/\/news.google.com\/rss\/articles\/CBMijgFBVV95cUxQenJNUjlLR0tyeFNRYmNZdE1jenJXMEhKcUtjREU5VEYydTRfLUJ5emEyWXdUZ1FVNGJJc0tmUllmR05IU2hSdTczam1BWVNfVnpoY252YklwNUJQVDZGNUpuY3NqMExLcVA0NTR2eVcwQ2xVN0xQLTZCV2JVMTg1LTVZM2lhSnl0ek9uaDZ3?oc=5\" target=\"_blank\" rel=\"nofollow noopener\">Trailer de \u2018Michael\u2019, cinebiografia do Rei do Pop, revisita momentos da carreira do artista; veja<\/a>&nbsp;&nbsp;Ingresso.com<\/li>\n<li><a href=\"https:\/\/news.google.com\/rss\/articles\/CBMi2wFBVV95cUxPdV9oclV1OXc0YUVJem9BelVtNG8xZXdoUkQwTVRIcmZQNm5LeC1NMHRNbzJKYWpHUTlCelpNazljazBxSHhrN1ZGa1A1NEpMTjgzTU1ySkthakpzdG14anU0S05YSXpjUkNyMmFJNTZTdS1UR0tkUXhqQ2FNME9uSndmUmtLRWF2ejkyb0REeFRrbjk0QTV0aEc3eUVWM25Cb1V2MmtNOExkMGUxOWRoSU40RnI0NmU4QVROWDBFc3ZoZXQwendMV1BYQmpEOENoU3ZxZk5xMDY2dE3SAeABQVVfeXFMUGMzdnN6bXJxYzllU0ljQ3EwSi05LWZqaENyNHFWZjI2YUtWSVRYaFdHT213S3JvMnhYOG1Wc1dFWEdrRnpTYkM3UFNyMWhCYXhMZ1RBMDZzQW83NDg0YkQ4Q2tEaEc2Q2pEaXNDTlRhZ1hLc2k2Q0tlLTF6VW5LaUlrT1V5MWd5aEN0a2FPVlhENG1QLS1xUk8wenduTW5LQVU0NHhuTFhmbXlMM1ZGeEV2Z2JHNDZFcUZ0dC0xTVlSLWNSbmh5NEVyb2piX0xXeG1zOTNMU3NiMlhkekZ1dFQ?oc=5\" target=\"_blank\" rel=\"nofollow noopener\">Filho de Michael Jackson comemora lan\u00e7amento de trailer da cinebiografia do cantor estrelada pelo primo<\/a>&nbsp;&nbsp;Jornal O Sul<\/li>\n<\/ol>\n","protected":false},"excerpt":{"rendered":"Trailer do filme sobre Michael Jackson j\u00e1 \u00e9 o mais visto da hist\u00f3ria; continua rei&nbsp;&nbsp;S\u00f3 Not\u00edcia Boa Cinebiografia&hellip;\n","protected":false},"author":2,"featured_media":151611,"comment_status":"","ping_status":"","sticky":false,"template":"","format":"standard","meta":{"footnotes":""},"categories":[140],"tags":[114,115,147,148,146,32,33],"class_list":{"0":"post-151610","1":"post","2":"type-post","3":"status-publish","4":"format-standard","5":"has-post-thumbnail","7":"category-filmes","8":"tag-entertainment","9":"tag-entretenimento","10":"tag-film","11":"tag-filmes","12":"tag-movies","13":"tag-portugal","14":"tag-pt"},"share_on_mastodon":{"url":"https:\/\/pubeurope.com\/@pt\/115547839300391490","error":""},"_links":{"self":[{"href":"https:\/\/www.europesays.com\/pt\/wp-json\/wp\/v2\/posts\/151610","targetHints":{"allow":["GET"]}}],"collection":[{"href":"https:\/\/www.europesays.com\/pt\/wp-json\/wp\/v2\/posts"}],"about":[{"href":"https:\/\/www.europesays.com\/pt\/wp-json\/wp\/v2\/types\/post"}],"author":[{"embeddable":true,"href":"https:\/\/www.europesays.com\/pt\/wp-json\/wp\/v2\/users\/2"}],"replies":[{"embeddable":true,"href":"https:\/\/www.europesays.com\/pt\/wp-json\/wp\/v2\/comments?post=151610"}],"version-history":[{"count":0,"href":"https:\/\/www.europesays.com\/pt\/wp-json\/wp\/v2\/posts\/151610\/revisions"}],"wp:featuredmedia":[{"embeddable":true,"href":"https:\/\/www.europesays.com\/pt\/wp-json\/wp\/v2\/media\/151611"}],"wp:attachment":[{"href":"https:\/\/www.europesays.com\/pt\/wp-json\/wp\/v2\/media?parent=151610"}],"wp:term":[{"taxonomy":"category","embeddable":true,"href":"https:\/\/www.europesays.com\/pt\/wp-json\/wp\/v2\/categories?post=151610"},{"taxonomy":"post_tag","embeddable":true,"href":"https:\/\/www.europesays.com\/pt\/wp-json\/wp\/v2\/tags?post=151610"}],"curies":[{"name":"wp","href":"https:\/\/api.w.org\/{rel}","templated":true}]}}