{"id":151617,"date":"2025-11-14T11:38:24","date_gmt":"2025-11-14T11:38:24","guid":{"rendered":"https:\/\/www.europesays.com\/pt\/151617\/"},"modified":"2025-11-14T11:38:24","modified_gmt":"2025-11-14T11:38:24","slug":"china-pressiona-e-espera-ajuda-da-alemanha-nao-tera-muita-sorte","status":"publish","type":"post","link":"https:\/\/www.europesays.com\/pt\/151617\/","title":{"rendered":"China pressiona e espera ajuda da Alemanha; n\u00e3o ter\u00e1 muita sorte"},"content":{"rendered":"<p class=\"wp-caption-text top\">Juan Carlos Torrejon \/ EPA<\/p>\n<p><img decoding=\"async\" loading=\"lazy\" class=\"size-kopa-image-size-3 wp-image-711380\" src=\"https:\/\/www.europesays.com\/pt\/wp-content\/uploads\/2025\/11\/2a39249b0627d9de0d1aeb035665e2cc-783x450.jpg\" alt=\"\" width=\"700\" height=\"402\"  \/><\/p>\n<p class=\"wp-caption-text bot\">Johann Wadephul, ministro dos Neg\u00f3cios Estrangeiros da Alemanha<\/p>\n<p><strong>Ainda a quest\u00e3o dos semicondutores, da Nexperia, e do confronto com o Governo holand\u00eas. Mas houve uma \u201cafronta\u201d que Berlim n\u00e3o gostou.<\/strong><\/p>\n<p><strong>China<\/strong> e <strong>Pa\u00edses Baixos<\/strong> est\u00e3o numa disputa econ\u00f3mica s\u00e9ria, que est\u00e1 a criar uma <strong>crise<\/strong> global no fornecimento de <strong>semicondutores.<\/strong><\/p>\n<p>O governo dos Pa\u00edses Baixos praticamente declarou uma \u201cguerra\u201d \u00e0 China, ao assumir o controlo da <strong>Nexperia<\/strong> \u2013 uma empresa de semicondutores sediada nos Pa\u00edses Baixos, mas com propriedade chinesa, do grupo Wingtech.<\/p>\n<p>Mas a Wingtech foi <a href=\"https:\/\/zap.aeiou.pt\/bosch-layoff-semicondutores-china-paises-baixos-709831\" data-wpel-link=\"internal\" rel=\"nofollow noopener\" target=\"_blank\">confiscada<\/a> pelo governo holand\u00eas, que alegou \u201cgraves defici\u00eancias\u201d na gest\u00e3o do grupo; e, assim, o Minist\u00e9rio das Finan\u00e7as holand\u00eas assumiu o controlo das opera\u00e7\u00f5es da Nexperia.<\/p>\n<p>O Governo dos Pa\u00edses Baixos considera que estava em causa \u201cuma amea\u00e7a \u00e0 continuidade e \u00e0 salvaguarda de know-how e capacidades tecnol\u00f3gicas cruciais na Holanda e na Europa\u201d e, por isso, aplicou a denominada Lei de Disponibilidade de Ativos.<\/p>\n<p>O Governo de Pequim suspendeu as exporta\u00e7\u00f5es dos chips da Nexperia (70% s\u00e3o feitos na China) e registam-se paragens de produ\u00e7\u00e3o um pouco por todo o mundo.<\/p>\n<p>Agora, a <strong>China tenta ajuda da Alemanha<\/strong>. Est\u00e1 mesmo a <strong>pressionar<\/strong> a Alemanha para que conven\u00e7a os Pa\u00edses Baixos a revogar a apreens\u00e3o da Nexperia, indica a ag\u00eancia <a href=\"https:\/\/www.reuters.com\/world\/china\/china-hopes-germany-can-urge-dutch-government-revoke-nexperia-seizure-2025-11-11\/\" data-wpel-link=\"external\" target=\"_blank\" rel=\"nofollow external noopener noreferrer\" class=\"ext-link\">Reuters<\/a>.<\/p>\n<p>Os ministros do Com\u00e9rcio dos dois pa\u00edses j\u00e1 falaram ao telefone sobre o assunto.<\/p>\n<p>O Governo de Pequim espera mesmo que a Alemanha tenha um papel activo para que os Pa\u00edses Baixos possam corrigir as suas <strong>\u201cpr\u00e1ticas err\u00f3neas\u201d<\/strong> e promover uma resolu\u00e7\u00e3o r\u00e1pida.<\/p>\n<p>\u201cAfronta\u201d<\/p>\n<p>Mas a China tem adoptado uma postura de maior <strong>confronto com a Europa, <\/strong>especialmente com a Alemanha.<\/p>\n<p>Nos \u00faltimos meses a China <strong>reverteu<\/strong> completamente a sua <strong>postura<\/strong> nas rela\u00e7\u00f5es com a <strong>Alemanha,<\/strong> resume o <a href=\"https:\/\/www.handelsblatt.com\/politik\/deutschland\/aussenpolitik-eklat-um-china-reise-belastet-beziehungen\/100166896.html\" data-wpel-link=\"external\" target=\"_blank\" rel=\"nofollow external noopener noreferrer\" class=\"ext-link\">Handelsblatt<\/a>.<\/p>\n<p>No final de Outubro, Johann Wadephul, ministro dos Neg\u00f3cios Estrangeiros da Alemanha,<strong> cancelou \u00e0 \u00faltima hora<\/strong> uma viagem \u00e0 China que estava planeada h\u00e1 muito tempo.<\/p>\n<p>Cancelou a viagem porque a<strong> China cancelou quase todos os compromissos<\/strong>, tamb\u00e9m em cima da hora \u2013 contrariando a pr\u00e1tica diplom\u00e1tica.<\/p>\n<p>Oficialmente, o Governo indicou que a viagem foi cancelada por motivos de agenda. Mas esta foi uma <strong>\u201cafronta\u201d<\/strong> que o Governo alem\u00e3o n\u00e3o estava dispon\u00edvel para tolerar, descreve o jornal.<\/p>\n<p>A China sente-se num n\u00edvel acima da Europa, nomeadamente na r<a href=\"https:\/\/zap.aeiou.pt\/paddy-cosgrave-menina-ouro-polonia-710838\" data-wpel-link=\"internal\" rel=\"nofollow noopener\" target=\"_blank\">evolu\u00e7\u00e3o tecnol\u00f3gica<\/a>. E o Governo de Pequim estar\u00e1 a aproveitar o facto de estar na frente dessa corrida para se mostrar independente, sem necessitar de parceiros europeus; e para apresentar determinadas exig\u00eancias \u2013 ou determinadas sobrancerias, segundo os alem\u00e3es.<\/p>\n<p>    <a href=\"https:\/\/zap.aeiou.pt\/subscrever-newsletter\" data-wpel-link=\"internal\" rel=\"nofollow noopener\" target=\"_blank\">&#13;<br \/>\n        <img loading=\"lazy\" decoding=\"async\" class=\"aligncenter size-full wp-image-575475\" src=\"https:\/\/www.europesays.com\/pt\/wp-content\/uploads\/2025\/11\/2d51fe4a0ba54894421ead1809309ed9-1-450x140.jpg\" alt=\"Subscreva a Newsletter ZAP\" width=\"450\" height=\"140\"\/>&#13;<br \/>\n    <\/a><\/p>\n<p>                <a href=\"https:\/\/whatsapp.com\/channel\/0029VaIC4EE2f3EJZPPSbR34\" data-wpel-link=\"external\" target=\"_blank\" rel=\"nofollow external noopener noreferrer\" class=\"ext-link\">&#13;<br \/>\n                    <img loading=\"lazy\" decoding=\"async\" class=\"aligncenter size-full wp-image-575475\" src=\"https:\/\/www.europesays.com\/pt\/wp-content\/uploads\/2025\/11\/c68c559d956d4ca20f435ed74a6e71e6.png\" alt=\"Siga-nos no WhatsApp\" width=\"175\" height=\"64\"\/>&#13;<br \/>\n                <\/a><\/p>\n<p>                <a href=\"https:\/\/news.google.com\/publications\/CAAiEHRwZondIV71PDjWNoqMduEqFAgKIhB0cGaJ3SFe9Tw41jaKjHbh?hl=en-US&amp;gl=US&amp;ceid=US%3Aen\" data-wpel-link=\"external\" target=\"_blank\" rel=\"nofollow external noopener noreferrer\" class=\"ext-link\">&#13;<br \/>\n                    <img loading=\"lazy\" decoding=\"async\" class=\"aligncenter size-full wp-image-575475\" src=\"https:\/\/www.europesays.com\/pt\/wp-content\/uploads\/2025\/11\/5123dd8b087b644fdb8f8603acd1bad4.png\" alt=\"Siga-nos no Google News\" width=\"176\" height=\"64\"\/>&#13;<br \/>\n                <\/a><\/p>\n","protected":false},"excerpt":{"rendered":"Juan Carlos Torrejon \/ EPA Johann Wadephul, ministro dos Neg\u00f3cios Estrangeiros da Alemanha Ainda a quest\u00e3o dos semicondutores,&hellip;\n","protected":false},"author":2,"featured_media":151618,"comment_status":"","ping_status":"","sticky":false,"template":"","format":"standard","meta":{"footnotes":""},"categories":[83],"tags":[1305,88,358,3398,637,476,89,90,3914,4007,32,33],"class_list":{"0":"post-151617","1":"post","2":"type-post","3":"status-publish","4":"format-standard","5":"has-post-thumbnail","7":"category-empresas","8":"tag-alemanha","9":"tag-business","10":"tag-china","11":"tag-comercio","12":"tag-diplomacia","13":"tag-economia","14":"tag-economy","15":"tag-empresas","16":"tag-paises-baixos","17":"tag-politica-internacional","18":"tag-portugal","19":"tag-pt"},"share_on_mastodon":{"url":"https:\/\/pubeurope.com\/@pt\/115547858984732461","error":""},"_links":{"self":[{"href":"https:\/\/www.europesays.com\/pt\/wp-json\/wp\/v2\/posts\/151617","targetHints":{"allow":["GET"]}}],"collection":[{"href":"https:\/\/www.europesays.com\/pt\/wp-json\/wp\/v2\/posts"}],"about":[{"href":"https:\/\/www.europesays.com\/pt\/wp-json\/wp\/v2\/types\/post"}],"author":[{"embeddable":true,"href":"https:\/\/www.europesays.com\/pt\/wp-json\/wp\/v2\/users\/2"}],"replies":[{"embeddable":true,"href":"https:\/\/www.europesays.com\/pt\/wp-json\/wp\/v2\/comments?post=151617"}],"version-history":[{"count":0,"href":"https:\/\/www.europesays.com\/pt\/wp-json\/wp\/v2\/posts\/151617\/revisions"}],"wp:featuredmedia":[{"embeddable":true,"href":"https:\/\/www.europesays.com\/pt\/wp-json\/wp\/v2\/media\/151618"}],"wp:attachment":[{"href":"https:\/\/www.europesays.com\/pt\/wp-json\/wp\/v2\/media?parent=151617"}],"wp:term":[{"taxonomy":"category","embeddable":true,"href":"https:\/\/www.europesays.com\/pt\/wp-json\/wp\/v2\/categories?post=151617"},{"taxonomy":"post_tag","embeddable":true,"href":"https:\/\/www.europesays.com\/pt\/wp-json\/wp\/v2\/tags?post=151617"}],"curies":[{"name":"wp","href":"https:\/\/api.w.org\/{rel}","templated":true}]}}