{"id":151637,"date":"2025-11-14T12:06:11","date_gmt":"2025-11-14T12:06:11","guid":{"rendered":"https:\/\/www.europesays.com\/pt\/151637\/"},"modified":"2025-11-14T12:06:11","modified_gmt":"2025-11-14T12:06:11","slug":"terra-forte-casamento-de-sammy-e-maria-de-fatima-chega-ao-fim-tvi-player","status":"publish","type":"post","link":"https:\/\/www.europesays.com\/pt\/151637\/","title":{"rendered":"Terra Forte: Casamento de Sammy e Maria de F\u00e1tima chega ao fim? &#8211; TVI Player"},"content":{"rendered":"<ol>\n<li><a href=\"https:\/\/news.google.com\/rss\/articles\/CBMijgFBVV95cUxQQnJ4UXpEQ19LeGRxQjZiT0lHSTZyOHh4SVlMRTVGZktaanZrZ0NiQ21YQjNNbHJzQUJ5a0VNWFQ4aEI3RVI3N01JMjk1ZEYwYnhvanRUV2s2cTlOdWxUQzFHT1hjWG5zb3EwcmpsMVpuS2VIVFBXOEh3R1RCekhyano4akM2dHU0VU51UHJn?oc=5\" target=\"_blank\" rel=\"nofollow noopener\">Terra Forte: Casamento de Sammy e Maria de F\u00e1tima chega ao fim?<\/a>&nbsp;&nbsp;TVI Player<\/li>\n<li><a href=\"https:\/\/news.google.com\/rss\/articles\/CBMiswFBVV95cUxQLTZ6eTZHMlFmakd1eFowREpLNEpsOGFMQXFmOWlWOWliOXdOS09QQXQzenA0a3EyMlVPczFPSFpLMmVWNU92bzJpNE9TN2tfYjhHSUxSZTYzUTdmeFhVMDk5RnljOENfbWVZMkpMZFQ1X1FYMzMxMVhiZm5DTTZtMDJrcTcxNmtIcDhNTmRqdjBOampjN1ZmOEZnQXdQck80ckRrYWlDQnpCWnR4amxOT3ZPbw?oc=5\" target=\"_blank\" rel=\"nofollow noopener\">Terra Forte: Dudu e Dani s\u00e3o filhos de Manuel e de Maria de F\u00e1tima?<\/a>&nbsp;&nbsp;Maria.pt<\/li>\n<li><a href=\"https:\/\/news.google.com\/rss\/articles\/CBMimwFBVV95cUxOcHBWd1NIckFDWEk2VnNOMEp0RGFxMlRtMXR0T2UycGJ0dHVGM3BHdWhlbkx5anBsTTc4bkNmZ3ItWml1Q0RqUVoyZlNfU0NkQjFsMF9udUMwczBKWlVGcWdWLTFqcTRLZG9iOVFBdEpaWFp6U3pROWZCMElvMmt2aDRVa1lpLURSQnlWQ3VyY0dXWTZ6anlBWjFMVQ?oc=5\" target=\"_blank\" rel=\"nofollow noopener\">&#8216;Terra Forte&#8217;: Assassino! Pai dos g\u00e9meos de Maria de F\u00e1tima \u00e9 Ant\u00f3nio Capelo?<\/a>&nbsp;&nbsp;Dioguinho<\/li>\n<li><a href=\"https:\/\/news.google.com\/rss\/articles\/CBMiwAFBVV95cUxOdmxzNW13RFlvWlJSVXFta2l4UFlHQklQdjRRM1lEcUFXbWJPd1F1UEI5b0tCN0hnS0tSWkNHSG85MGhieGdGRVNPYWt5eUkwRGFKOUhsZ2lBNU5mWDk1YzlVWi1JLTZOYTd6aTFFMHdkaExpYURUcXJTT3RIaFJqRUZmQWZUNXF5d2NENlE2MHVMZlQ3cWszb21UV3hsLVRzQ2JMbkRFSnFkSkY3czVSamtJZ05zendsdW9yZWlta3I?oc=5\" target=\"_blank\" rel=\"nofollow noopener\">Exclusivo \u00abTerra Forte\u00bb: Cobra e Maria de F\u00e1tima planeiam matar Vivi<\/a>&nbsp;&nbsp;TVI<\/li>\n<li><a href=\"https:\/\/news.google.com\/rss\/articles\/CBMiqwFBVV95cUxQblRHQWtFMlE1T2p4dVh5N3lCUXJYQmk0dE5veXMtWW5mLXdTdHdWUW5ZLW1DUWVhMldhLTVRbVpsTmV6NmdKMjJsQjRvazlwRzJkVDAwdl9ielpLUXJKMGJZRTNKTTNES1pLcmFCMXpEUTAxS3paQm1aenpWVXZIOEJ4N1o2c3lSTnNWRVdTaEVrUDk2ZXp4bVFKVUJwSDJwbkRfVEsxb1liSW8?oc=5\" target=\"_blank\" rel=\"nofollow noopener\">Terra Forte: Maria de F\u00e1tima engravidou de Manuel?<\/a>&nbsp;&nbsp;TVI<\/li>\n<\/ol>\n","protected":false},"excerpt":{"rendered":"Terra Forte: Casamento de Sammy e Maria de F\u00e1tima chega ao fim?&nbsp;&nbsp;TVI Player Terra Forte: Dudu e Dani&hellip;\n","protected":false},"author":2,"featured_media":151638,"comment_status":"","ping_status":"","sticky":false,"template":"","format":"standard","meta":{"footnotes":""},"categories":[142],"tags":[114,115,32,33,18614,151],"class_list":{"0":"post-151637","1":"post","2":"type-post","3":"status-publish","4":"format-standard","5":"has-post-thumbnail","7":"category-tv","8":"tag-entertainment","9":"tag-entretenimento","10":"tag-portugal","11":"tag-pt","12":"tag-terra-forte","13":"tag-tv"},"share_on_mastodon":{"url":"https:\/\/pubeurope.com\/@pt\/115547969152908900","error":""},"_links":{"self":[{"href":"https:\/\/www.europesays.com\/pt\/wp-json\/wp\/v2\/posts\/151637","targetHints":{"allow":["GET"]}}],"collection":[{"href":"https:\/\/www.europesays.com\/pt\/wp-json\/wp\/v2\/posts"}],"about":[{"href":"https:\/\/www.europesays.com\/pt\/wp-json\/wp\/v2\/types\/post"}],"author":[{"embeddable":true,"href":"https:\/\/www.europesays.com\/pt\/wp-json\/wp\/v2\/users\/2"}],"replies":[{"embeddable":true,"href":"https:\/\/www.europesays.com\/pt\/wp-json\/wp\/v2\/comments?post=151637"}],"version-history":[{"count":0,"href":"https:\/\/www.europesays.com\/pt\/wp-json\/wp\/v2\/posts\/151637\/revisions"}],"wp:featuredmedia":[{"embeddable":true,"href":"https:\/\/www.europesays.com\/pt\/wp-json\/wp\/v2\/media\/151638"}],"wp:attachment":[{"href":"https:\/\/www.europesays.com\/pt\/wp-json\/wp\/v2\/media?parent=151637"}],"wp:term":[{"taxonomy":"category","embeddable":true,"href":"https:\/\/www.europesays.com\/pt\/wp-json\/wp\/v2\/categories?post=151637"},{"taxonomy":"post_tag","embeddable":true,"href":"https:\/\/www.europesays.com\/pt\/wp-json\/wp\/v2\/tags?post=151637"}],"curies":[{"name":"wp","href":"https:\/\/api.w.org\/{rel}","templated":true}]}}