{"id":151642,"date":"2025-11-14T12:17:14","date_gmt":"2025-11-14T12:17:14","guid":{"rendered":"https:\/\/www.europesays.com\/pt\/151642\/"},"modified":"2025-11-14T12:17:14","modified_gmt":"2025-11-14T12:17:14","slug":"black-friday-oportunidades-na-worten","status":"publish","type":"post","link":"https:\/\/www.europesays.com\/pt\/151642\/","title":{"rendered":"Black Friday: oportunidades na Worten"},"content":{"rendered":"<p>Esperou pela Black Friday para aproveitar as melhores oportunidades? A DECO PROteste j\u00e1 o habituou a comparar pre\u00e7os\u00a0para saber onde est\u00e3o as maiores descidas. Num m\u00eas de descontos especiais, reuniu alguns produtos de &#8220;boa qualidade&#8221; nos testes comparativos, dispon\u00edveis em lojas que a DECO PROteste avalia com 4 e 5 estrelas. De momento, encontra-os a pre\u00e7os mais baixos na Worten.<\/p>\n<p>Os produtos foram selecionados com base nos pre\u00e7os verificados \u00e0 data de publica\u00e7\u00e3o. Estes pre\u00e7os podem sofrer altera\u00e7\u00f5es em fun\u00e7\u00e3o da pol\u00edtica comercial das lojas.<\/p>\n<p>TV HISENSE 65E8Q<\/p>\n<p>A qualidade de imagem \u00e9 o ponto mais forte deste modelo. Com sinais HD, a imagem surge n\u00edtida, com cores naturais e bem equilibradas, e uma fluidez de movimento satisfat\u00f3ria. O televisor est\u00e1 bem equipado com v\u00e1rias liga\u00e7\u00f5es e funcionalidades, como caixas descodificadoras ou discos r\u00edgidos externos (inclui quatro entradas HDMI e duas USB).\u00a0 <\/p>\n<p>O ecr\u00e3 LCD tem uma resolu\u00e7\u00e3o Ultra-HD (4K) e uma diagonal de imagem de 65&#8243; (165 cm). Para um ecr\u00e3 t\u00e3o grande, \u00e9 necess\u00e1rio dispor de 3,5 metros, pelo menos, at\u00e9 ao sof\u00e1, o que n\u00e3o \u00e9 poss\u00edvel em muitas salas.<\/p>\n<p>Este modelo\u00a0incorpora o sistema Vidaa OS. Vale sempre a pena verificar se as apps que vai utilizar est\u00e3o dispon\u00edveis para o sistema operativo. As mais populares, como o Youtube e as plataformas de streaming, costumam sempre estar. <\/p>\n<p>Como \u00e9 habitual nos televisores mais recentes, este tamb\u00e9m permite uma liga\u00e7\u00e3o \u00e0 rede Wi-Fi, podendo assim dispensar o uso de um cabo de rede.<\/p>\n<p style=\"text-align: center;\"><a src=\"https:\/\/www.deco.proteste.pt\/-\/media\/edideco\/images\/home\/familia-consumo\/orcamento familiar\/news\/2025\/worten-black-friday\/wortenzenbook.jpg?la=pt-pt&amp;rev=82cce455-ad0f-40db-b515-a9c0ac83eaa2&amp;mw=660\" alt=\"Asus zenbook\" href=\"\/-\/media\/edideco\/images\/home\/familia-consumo\/orcamento familiar\/news\/2025\/worten-black-friday\/wortenhpenvyx360.jpg?rev=4b4f202e-817e-42e8-9fae-60421b73d7d9&amp;hash=978B53A06A71057F221C4A314FA7CCF3\"\/><a alt=\"Asus zenbook\" src=\"https:\/\/www.deco.proteste.pt\/-\/media\/edideco\/images\/home\/familia-consumo\/orcamento familiar\/news\/2025\/worten-black-friday\/wortenzenbook.jpg?la=pt-pt&amp;rev=82cce455-ad0f-40db-b515-a9c0ac83eaa2&amp;mw=660\" href=\"\/-\/media\/edideco\/images\/home\/familia-consumo\/orcamento familiar\/news\/2025\/worten-black-friday\/wortenhpenvyx360.jpg?rev=4b4f202e-817e-42e8-9fae-60421b73d7d9&amp;hash=978B53A06A71057F221C4A314FA7CCF3\"><img decoding=\"async\" alt=\"tv hisense\" src=\"https:\/\/www.europesays.com\/pt\/wp-content\/uploads\/2025\/11\/wortentvhisense.jpg\"\/><\/a><br \/><a role=\"button\" href=\"https:\/\/www.worten.pt\/produtos\/tv-hisense-65e8q-mini-led-144-hz-65-164-cm-4k-ultra-hd-smart-tv-8407356?sv1=affiliate&amp;sv1=affiliate&amp;sv_campaign_id=852257&amp;sv_campaign_id=852257&amp;awc=99897_1763029739_58ed333a0e3c736ec357a83a5ac94339&amp;utm_source=awin&amp;utm_id=852257_&amp;utm_campaign=affiliate\" class=\"btn btn--primary btn--large\" target=\"_blank\">Aproveitar a oferta<\/a><\/p>\n<p style=\"text-align: center;\">\u00a0<\/p>\n<p>AUSCULTADORES SONY LINKBUDS OPEN (WF-L910)<\/p>\n<p>Estes auscultadores sem fios, em que os dois auriculares s\u00e3o pe\u00e7as independentes, integram um microfone e a\u00a0possibilidade de controlo de chamadas. A qualidade sonora \u00e9 boa. S\u00e3o bastante resistentes, com potencial para elevada longevidade. <\/p>\n<p>Contam tamb\u00e9m com um sistema de redu\u00e7\u00e3o ativa de ru\u00eddo, mas, infelizmente, com efic\u00e1cia muito reduzida. A autonomia da bateria \u00e9 boa, s\u00f3 se esgotando ap\u00f3s 516 minutos.<\/p>\n<p style=\"text-align: center;\"><img decoding=\"async\" alt=\"link buds\" src=\"https:\/\/www.europesays.com\/pt\/wp-content\/uploads\/2025\/11\/wortenlinkbuds.jpg\"\/><\/p>\n<p style=\"text-align: center;\"><a role=\"button\" href=\"https:\/\/www.awin1.com\/cread.php?awinmid=99897&amp;awinaffid=852257&amp;ued=https:\/\/www.worten.pt\/produtos\/auriculares-bluetooth-true-wireless-sony-linkbuds-open-wf-l910-in-ear-microfone-branco-8118804\" class=\"btn btn--primary btn--large\" style=\"text-align: center;\" target=\"_blank\">Aproveitar a oferta<\/a><\/p>\n<p style=\"text-align: center;\">\u00a0<\/p>\n<p>AUSCULTADORES SENNHEISER ACCENTUM TRUE WIRELESS<\/p>\n<p>A qualidade sonora destes auscultadores \u00e9 excelente, mostrando um desempenho consideravelmente superior \u00e0 generalidade dos auscultadores deste formato. Os dois auriculares n\u00e3o t\u00eam qualquer liga\u00e7\u00e3o f\u00edsica entre eles, usualmente designados de &#8220;true wireless&#8221;. <\/p>\n<p>A inclus\u00e3o de um microfone e do controlo de chamadas e, principalmente, a do sistema de redu\u00e7\u00e3o ativa de ru\u00eddo s\u00e3o mais valias a considerar. \u00c9 poss\u00edvel tamb\u00e9m fazer a integra\u00e7\u00e3o com assistentes de voz do telem\u00f3vel emparelhado. Os\u00a0auscultadores pesam 11 gramas. A autonomia da bateria \u00e9 mediana, esgotando-se ap\u00f3s 442 minutos.\u00a0<\/p>\n<p>\u00a0<\/p>\n<p style=\"text-align: center;\"><img decoding=\"async\" alt=\"\" src=\"https:\/\/www.europesays.com\/pt\/wp-content\/uploads\/2025\/11\/wortenauscultadoressennheiser.jpg\"\/><\/p>\n<p style=\"text-align: center;\"><a role=\"button\" href=\"https:\/\/www.worten.pt\/produtos\/auriculares-sem-fio-sennheiser-accentum-open-in-ear-true-wireless-bluetooth-preto-8477218?sv1=affiliate&amp;sv1=affiliate&amp;sv_campaign_id=852257&amp;sv_campaign_id=852257&amp;awc=99897_1763030724_06e8ce01465370cb2ddef883e390c32d&amp;utm_source=awin&amp;utm_id=852257_&amp;utm_campaign=affiliate\" class=\"btn btn--primary btn--large\" style=\"text-align: center;\" target=\"_blank\">Aproveitar a oferta<\/a><\/p>\n<p style=\"text-align: center;\">\u00a0<\/p>\n<p>APPLE IPHONE 16 PRO 1TB<\/p>\n<p>Com 6,3 polegadas, o ecr\u00e3 deste telefone \u00e9 muito bom, tanto em termos de responsividade da fun\u00e7\u00e3o t\u00e1til como no brilho. A bateria do aparelho tem uma dura\u00e7\u00e3o razo\u00e1vel: no cen\u00e1rio de utiliza\u00e7\u00e3o dos testes, os seus 3582 mAh permitem que atinja 37 horas, valor que est\u00e1 dentro da m\u00e9dia. <\/p>\n<p>O iPhone 16 PRO 1TB apresenta um conjunto de tr\u00eas c\u00e2maras traseiras, com diferentes dist\u00e2ncias focais, e uma boa versatilidade fotogr\u00e1fica. Destas, a c\u00e2mara principal tem 48 Mpixel, que permite excelentes fotografias, continuando a oferecer resultados de elevada qualidade, mesmo em locais com luz muito fraca. Este telefone disp\u00f5e de uma \u00fanica c\u00e2mara frontal de 12 Mpixel, que permite obter imagens de boa qualidade. Por isso, \u00e9 certamente poss\u00edvel tirar boas selfies.<\/p>\n<p style=\"text-align: center;\"><img decoding=\"async\" alt=\"iphone 16\" src=\"https:\/\/www.europesays.com\/pt\/wp-content\/uploads\/2025\/11\/worteniphone16pro.jpg\"\/><\/p>\n<p style=\"text-align: center;\"><a role=\"button\" href=\"https:\/\/www.awin1.com\/cread.php?awinmid=99897&amp;awinaffid=852257&amp;ued=https:\/\/www.worten.pt\/produtos\/iphone-16-pro-apple-6-3-1-tb-titanio-branco-8155730\" class=\"btn btn--primary btn--large\" style=\"text-align: center;\" target=\"_blank\">Aproveitar a oferta<\/a><\/p>\n<p style=\"text-align: center;\">\u00a0<\/p>\n<p>APPLE IPHONE 16 PRO MAX 1TB<\/p>\n<p>Com 6,9 polegadas, o ecr\u00e3 deste telefone \u00e9 muito bom, tanto em termos de responsividade da fun\u00e7\u00e3o t\u00e1til como no brilho. Apresenta uma boa dura\u00e7\u00e3o da bateria: nos testes, a capacidade de 4685 mAh permitiu atingir um tempo de 49 horas, um valor acima da m\u00e9dia. <\/p>\n<p>Este aparelho tem um conjunto de tr\u00eas c\u00e2maras traseiras, com diferentes dist\u00e2ncias focais, apresentando uma boa versatilidade fotogr\u00e1fica. Destas, a c\u00e2mara principal tem 48 Mpixel, o que permite excelentes fotografias, continuando a oferecer resultados de elevada qualidade, mesmo em locais com luz muito fraca. Este telefone tem apenas uma \u00fanica c\u00e2mara frontal de 12 Mpixel, permitindo obter imagens de boa qualidade para selfies.<\/p>\n<p style=\"text-align: center;\"><img decoding=\"async\" alt=\"iphone 16\" src=\"https:\/\/www.europesays.com\/pt\/wp-content\/uploads\/2025\/11\/worteniphone16promax.jpg\"\/><\/p>\n<p style=\"text-align: center;\"><a role=\"button\" href=\"https:\/\/www.awin1.com\/cread.php?awinmid=99897&amp;awinaffid=852257&amp;ued=https:\/\/www.worten.pt\/produtos\/iphone-16-pro-max-apple-6-9-1-tb-titanio-branco-8155714\" class=\"btn btn--primary btn--large\" style=\"text-align: center;\" target=\"_blank\">Aproveitar a oferta<\/a><\/p>\n<p style=\"text-align: center;\">\u00a0<\/p>\n<p>PULSEIRA FITNESS\u00a0GARMIN V\u00cdVOSMART 5 S\/M<\/p>\n<p>A pulseira fitness Garmin V\u00edvosmart 5 tem muito a oferecer aos corredores e f\u00e3s de fitness ao ar livre. \u00c9 leve, confort\u00e1vel e f\u00e1cil de usar, e a dura\u00e7\u00e3o da bateria \u00e9 impressionante devido ao seu tamanho (a pulseira mede 10,5 x 18,5 mm). Tamb\u00e9m \u00e9 uma pulseira precisa na monitoriza\u00e7\u00e3o da frequ\u00eancia card\u00edaca. <\/p>\n<p>No que respeita \u00e0s caracter\u00edsticas, tem\u00a0um ecr\u00e3 sens\u00edvel ao toque OLED, com resolu\u00e7\u00e3o de 88 x 154 p\u00edxeis, que se controla tocando ou deslizando \u2013 n\u00e3o h\u00e1 bot\u00f5es em nenhum dos lados. O ecr\u00e3 \u00e9 monocrom\u00e1tico, enquanto a pulseira de silicone \u00e9 branca ou verde menta. <\/p>\n<p>Como este modelo n\u00e3o possui GPS integrado, recorre ao contador de passos para calcular a dist\u00e2ncia percorrida. N\u00e3o \u00e9 muito preciso neste rastreamento, com uma margem de erro de quase 17%, embora seja um pouco melhor para descobrir a dist\u00e2ncia que andou. Para medi\u00e7\u00f5es mais precisas, pode usar o recurso GPS do seu smartphone.<\/p>\n<p style=\"text-align: center;\"><img decoding=\"async\" alt=\"Garmin\" src=\"https:\/\/www.europesays.com\/pt\/wp-content\/uploads\/2025\/11\/wortengarmin-vivosmart.jpg\"\/><\/p>\n<p style=\"text-align: center;\"><a role=\"button\" href=\"https:\/\/www.worten.pt\/produtos\/bracelete-desportiva-garmin-vivosmart-5-verde-8050606?sv1=affiliate&amp;sv1=affiliate&amp;sv_campaign_id=852257&amp;sv_campaign_id=852257&amp;awc=99897_1763030757_710a821fbaf6f45e28fad9c616a063d2&amp;utm_source=awin&amp;utm_id=852257_&amp;utm_campaign=affiliate\" class=\"btn btn--primary btn--large\" style=\"text-align: center;\" target=\"_blank\">Aproveitar a oferta<\/a><\/p>\n<p style=\"text-align: center;\">\u00a0<\/p>\n<p>FRIGOR\u00cdFICO SAMSUNG RB38C600CS9<\/p>\n<p>Este \u00e9 um modelo de\u00a0frigor\u00edfico combinado que, em termos globais, obt\u00e9m uma boa qualidade nos testes da DECO PROteste.<\/p>\n<p style=\"text-align: center;\"><img decoding=\"async\" alt=\"frigorifico samsung\" src=\"https:\/\/www.europesays.com\/pt\/wp-content\/uploads\/2025\/11\/wortenfrigorificosamsung.jpg\"\/><\/p>\n<p style=\"text-align: center;\"><a role=\"button\" href=\"https:\/\/www.awin1.com\/cread.php?awinmid=99897&amp;awinaffid=852257&amp;ued=https:\/\/www.worten.pt\/produtos\/frigorifico-combinado-samsung-rb38c600cs9-c-no-frost-203-cm-390-l-inox-7968252\" class=\"btn btn--primary btn--large\" target=\"_blank\">Aproveitar a oferta<\/a><\/p>\n<p style=\"text-align: center;\">\u00a0<\/p>\n<p>Durante a Black Friday, aumentam consideravelmente os esquemas de <a href=\"https:\/\/www.deco.proteste.pt\/dinheiro\/contas-ordem\/dicas\/phishing-que-e-como-se-deve-proteger\" rel=\"nofollow noopener\" target=\"_blank\">phishing<\/a>\u00a0e de pharming. N\u00e3o se deixe enganar por e-mails falsos, mensagens de SMS ou an\u00fancios nas redes sociais que tentam roubar os seus dados pessoais e banc\u00e1rios. Use as\u00a0<a href=\"https:\/\/www.deco.proteste.pt\/black-friday\" rel=\"nofollow noopener\" target=\"_blank\">ferramentas da DECO PROteste<\/a>\u00a0para saber como comprar em seguran\u00e7a.<\/p>\n<p><strong>Nota: <\/strong>Pelas compras em estabelecimentos afiliados, a DECO PROteste pode receber uma comiss\u00e3o da loja, que usa para financiar testes comparativos, sem que tal agrave o pre\u00e7o cobrado ao consumidor.<\/p>\n","protected":false},"excerpt":{"rendered":"Esperou pela Black Friday para aproveitar as melhores oportunidades? A DECO PROteste j\u00e1 o habituou a comparar pre\u00e7os\u00a0para&hellip;\n","protected":false},"author":2,"featured_media":151643,"comment_status":"","ping_status":"","sticky":false,"template":"","format":"standard","meta":{"footnotes":""},"categories":[83],"tags":[32873,88,89,90,32,33],"class_list":{"0":"post-151642","1":"post","2":"type-post","3":"status-publish","4":"format-standard","5":"has-post-thumbnail","7":"category-empresas","8":"tag-black-friday-eletrodomesticos-worten-fnac-amazon-promocoes-descontos","9":"tag-business","10":"tag-economy","11":"tag-empresas","12":"tag-portugal","13":"tag-pt"},"share_on_mastodon":{"url":"https:\/\/pubeurope.com\/@pt\/115548012520742684","error":""},"_links":{"self":[{"href":"https:\/\/www.europesays.com\/pt\/wp-json\/wp\/v2\/posts\/151642","targetHints":{"allow":["GET"]}}],"collection":[{"href":"https:\/\/www.europesays.com\/pt\/wp-json\/wp\/v2\/posts"}],"about":[{"href":"https:\/\/www.europesays.com\/pt\/wp-json\/wp\/v2\/types\/post"}],"author":[{"embeddable":true,"href":"https:\/\/www.europesays.com\/pt\/wp-json\/wp\/v2\/users\/2"}],"replies":[{"embeddable":true,"href":"https:\/\/www.europesays.com\/pt\/wp-json\/wp\/v2\/comments?post=151642"}],"version-history":[{"count":0,"href":"https:\/\/www.europesays.com\/pt\/wp-json\/wp\/v2\/posts\/151642\/revisions"}],"wp:featuredmedia":[{"embeddable":true,"href":"https:\/\/www.europesays.com\/pt\/wp-json\/wp\/v2\/media\/151643"}],"wp:attachment":[{"href":"https:\/\/www.europesays.com\/pt\/wp-json\/wp\/v2\/media?parent=151642"}],"wp:term":[{"taxonomy":"category","embeddable":true,"href":"https:\/\/www.europesays.com\/pt\/wp-json\/wp\/v2\/categories?post=151642"},{"taxonomy":"post_tag","embeddable":true,"href":"https:\/\/www.europesays.com\/pt\/wp-json\/wp\/v2\/tags?post=151642"}],"curies":[{"name":"wp","href":"https:\/\/api.w.org\/{rel}","templated":true}]}}