{"id":151646,"date":"2025-11-14T12:26:28","date_gmt":"2025-11-14T12:26:28","guid":{"rendered":"https:\/\/www.europesays.com\/pt\/151646\/"},"modified":"2025-11-14T12:26:28","modified_gmt":"2025-11-14T12:26:28","slug":"lindsay-lohan-e-fernanda-abreu-o-que-ver-na-sexta-feira-13-11-2025-ilustrada","status":"publish","type":"post","link":"https:\/\/www.europesays.com\/pt\/151646\/","title":{"rendered":"Lindsay Lohan e Fernanda Abreu: o que ver na sexta-feira &#8211; 13\/11\/2025 &#8211; Ilustrada"},"content":{"rendered":"<p>Mais de 20 anos depois de trocarem de corpos no cl\u00e1ssico &#8220;<a href=\"https:\/\/www1.folha.uol.com.br\/ilustrada\/2025\/08\/lindsay-lohan-esta-em-seu-melhor-com-sexta-feira-mais-louca-ainda.shtml\" rel=\"nofollow noopener\" target=\"\">Sexta-Feira Muito Louca<\/a>&#8220;, as atrizes Jamie Lee Curtis e Lindsay Lohan voltam a se reunir em &#8220;<a href=\"https:\/\/f5.folha.uol.com.br\/cinema-e-series\/2025\/03\/jamie-lee-curtis-e-lindsay-lohan-voltam-as-telonas-para-interpretar-mae-e-filha.shtml\" rel=\"nofollow noopener\" target=\"\">Uma Sexta-Feira Mais Louca Ainda<\/a>&#8220;. M\u00e3e e filha agora s\u00e3o adultas e t\u00eam dilemas familiares modernos, mas corpos trocados parecem ser parte de uma maldi\u00e7\u00e3o de fam\u00edlia. Dirigido por <a href=\"https:\/\/f5.folha.uol.com.br\/cinema-e-series\/2025\/11\/tenho-muito-mais-para-mostrar-diz-lindsay-lohan-ao-f5-sobre-busca-por-novos-papeis.shtml\" rel=\"nofollow noopener\" target=\"\">Nisha Ganatra<\/a>, o roteiro explora o amadurecimento das personagens a partir do mesmo humor do original.<\/p>\n<p><strong>Onde ver<\/strong>: Disney+, 10 anos<\/p>\n<p>Sem Censura<\/p>\n<p><strong>Onde ver<\/strong>: TV Brasil, 16h, livre<\/p>\n<p><a href=\"https:\/\/www1.folha.uol.com.br\/ilustrada\/2025\/10\/plataformas-de-musica-aprisionaram-a-criatividade-do-pop-diz-fernanda-abreu.shtml\" rel=\"nofollow noopener\" target=\"\">Fernanda Abreu<\/a> est\u00e1 celebrando os 30 anos do \u00e1lbum &#8220;<a href=\"https:\/\/fotografia.folha.uol.com.br\/galerias\/1848678841576382-monica-bergamo\" rel=\"nofollow noopener\" target=\"\">Da Lata<\/a>&#8221; com um document\u00e1rio dirigido por <a href=\"https:\/\/guia.folha.uol.com.br\/shows\/2024\/06\/festival-in-edit-exibe-documentarios-de-musica-de-graca-ou-a-ate-r-10-em-sp-saiba-como-assistir.shtml\" rel=\"nofollow noopener\" target=\"\">Paulo Severo<\/a>, um livro e um LP tem\u00e1ticos. No programa com <a href=\"https:\/\/f5.folha.uol.com.br\/colunistas\/outro-canal\/2025\/08\/record-tenta-mas-cissa-guimaraes-recusa-convite-para-gravar-com-tom-cavalcante.shtml\" rel=\"nofollow noopener\" target=\"\">Cissa Guimar\u00e3es<\/a>, ela estar\u00e1 com os parceiros DJ Mem\u00ea e o compositor <a href=\"https:\/\/www1.folha.uol.com.br\/ilustrissima\/2025\/03\/fausto-fawcett-ensina-a-arte-de-navegar-no-purgatorio-do-caos-da-informacao.shtml\" rel=\"nofollow noopener\" target=\"\">Fausto Fawcett<\/a>.<\/p>\n<p>Merteuil: Jogos de Sedu\u00e7\u00e3o<\/p>\n<p><strong>Onde ver<\/strong>: HBO Max, 16 anos<\/p>\n<p>Inspirado no romance &#8220;Liga\u00e7\u00f5es Perigosas&#8221;, escrito por <a href=\"https:\/\/www1.folha.uol.com.br\/fsp\/negocios\/cn3012200714.htm\" rel=\"nofollow noopener\" target=\"\">Choderlos de Laclos<\/a>, a s\u00e9rie explora a ascens\u00e3o da marquesa de Merteuil, depois de ser tra\u00edda pelo visconde de Valmont, at\u00e9 virar a cortes\u00e3 mais influente de Paris no s\u00e9culo 18. A produ\u00e7\u00e3o com <a href=\"https:\/\/f5.folha.uol.com.br\/celebridades\/2022\/04\/diane-kruger-diz-que-quase-bateu-em-paparazzi-que-fotograva-sua-filha.shtml\" rel=\"nofollow noopener\" target=\"\">Diane Kruger<\/a> e <a href=\"https:\/\/f5.folha.uol.com.br\/cinema-e-series\/2024\/10\/ator-de-emily-in-paris-critica-proprio-personagem-perdido-e-nao-descarta-deixar-serie.shtml\" rel=\"nofollow noopener\" target=\"\">Lucas Bravo<\/a> tem seis epis\u00f3dios.<\/p>\n<p>At\u00e9 o \u00daltimo Samurai<\/p>\n<p><strong>Onde ver<\/strong>: Netflix, 16 anos<\/p>\n<p>A s\u00e9rie japonesa revisita os \u00faltimos dias da era dos samurais e se inspira em fatos do s\u00e9culo 19. Um guerreiro invicto fica dividido entre a lealdade \u00e0s tradi\u00e7\u00f5es e a chegada da modernidade e decide participar de um jogo mortal de sobreviv\u00eancia. Com batalhas grandiosas, a produ\u00e7\u00e3o tamb\u00e9m reflete sobre o conceito de honra.<\/p>\n<p>Estrelas Al\u00e9m do Tempo<\/p>\n<p><strong>Onde ver<\/strong>: TV Globo, 15h25, livre<\/p>\n<p>Na &#8220;<a href=\"https:\/\/www1.folha.uol.com.br\/ilustrada\/2025\/04\/sessao-da-tarde-e-william-bonner-o-que-ver-na-tv-e-no-streaming-nesta-sexta-feira.shtml\" rel=\"nofollow noopener\" target=\"\">Sess\u00e3o da Tarde<\/a>&#8220;, a hist\u00f3ria de tr\u00eas brilhantes matem\u00e1ticas negras cujos c\u00e1lculos impulsionaram os primeiros passos dos Estados Unidos no espa\u00e7o. O drama tem <a href=\"https:\/\/f5.folha.uol.com.br\/cinema-e-series\/2020\/10\/jussie-smollett-voltara-para-serie-empire-diz-taraji-p-henson.shtml\" rel=\"nofollow noopener\" target=\"\">Taraji P. Henson<\/a>, <a href=\"https:\/\/f5.folha.uol.com.br\/celebridades\/2020\/04\/octavia-spencer-doa-monitores-respiratorios-a-hospitais-do-alabama-e-de-nova-york.shtml\" rel=\"nofollow noopener\" target=\"\">Octavia Spencer<\/a> e <a href=\"https:\/\/www1.folha.uol.com.br\/fsp\/ilustrad\/fq1407201009.htm\" rel=\"nofollow noopener\" target=\"\">Janelle Mon\u00e1e<\/a> nos pap\u00e9is centrais como as mulheres desafiaram as barreiras de g\u00eanero e ra\u00e7a na <a href=\"https:\/\/www1.folha.uol.com.br\/folha-topicos\/nasa\/\" rel=\"nofollow noopener\" target=\"\">Nasa <\/a>dos anos 1960.<\/p>\n<p>Especial Viva A Noite<\/p>\n<p><strong>Onde ver<\/strong>: SBT, 23h15, 12 anos<\/p>\n<p>Lu\u00eds Ricardo apresenta a edi\u00e7\u00e3o que relembra quadros, m\u00fasicas e brincadeiras que marcaram o programa de audit\u00f3rio conduzido por <a href=\"https:\/\/www1.folha.uol.com.br\/folha-topicos\/gugu\/\" rel=\"nofollow noopener\" target=\"\">Gugu Liberato<\/a> nos anos 1980 e 1990. Participa\u00e7\u00e3o de <a href=\"https:\/\/www1.folha.uol.com.br\/fsp\/ilustrad\/fq1301200113.htm\" rel=\"nofollow noopener\" target=\"\">Sylvinho Blau-Blau<\/a>, Trem da Alegria, <a href=\"https:\/\/f5.folha.uol.com.br\/celebridades\/2024\/06\/aos-70-anos-eu-tenho-o-direito-de-fazer-tudo-o-que-quero-diz-rita-cadillac.shtml\" rel=\"nofollow noopener\" target=\"\">Rita Cadillac<\/a>, <a href=\"https:\/\/f5.folha.uol.com.br\/celebridades\/2025\/10\/gretchen-faz-mudanca-drastica-no-visual-e-e-comparada-a-ana-castela-acertou-o-cirurgiao.shtml\" rel=\"nofollow noopener\" target=\"\">Gretchen <\/a>e outros.<\/p>\n<p><strong>Onde ver<\/strong>: GloboNews, 23h30, livre<\/p>\n<p>A entrevista com <a href=\"https:\/\/guia.folha.uol.com.br\/teatro\/2025\/10\/claudia-abreu-e-paulo-betti-se-apresentam-juntos-em-os-mambembes-que-estreia-em-sao-paulo.shtml\" rel=\"nofollow noopener\" target=\"\">Paulo Betti <\/a>n\u00e3o foi ao ar na sexta passada por conta da cobertura de um tornado no Paran\u00e1. Ele fala sobre o espet\u00e1culo em cartaz em S\u00e3o Paulo, &#8220;<a href=\"https:\/\/www1.folha.uol.com.br\/blogs\/mise-en-scene\/2025\/06\/os-mambembes-celebra-a-arte-e-a-amizade-no-teatro.shtml\" rel=\"nofollow noopener\" target=\"\">Os Mambembes<\/a>&#8220;, ao lado de <a href=\"https:\/\/www1.folha.uol.com.br\/folha-topicos\/claudia-abreu\/\" rel=\"nofollow noopener\" target=\"\">Cl\u00e1udia Abreu<\/a> e outros artistas.<\/p>\n","protected":false},"excerpt":{"rendered":"Mais de 20 anos depois de trocarem de corpos no cl\u00e1ssico &#8220;Sexta-Feira Muito Louca&#8220;, as atrizes Jamie Lee&hellip;\n","protected":false},"author":2,"featured_media":151647,"comment_status":"","ping_status":"","sticky":false,"template":"","format":"standard","meta":{"footnotes":""},"categories":[145],"tags":[207,13784,211,210,470,4789,767,32875,114,115,24762,236,753,4641,2595,9278,7082,7533,1627,1623,150,716,32874,32,33,941,11550,940,2387,218,3787],"class_list":{"0":"post-151646","1":"post","2":"type-post","3":"status-publish","4":"format-standard","5":"has-post-thumbnail","7":"category-celebridades","8":"tag-arte","9":"tag-artes-cenicas","10":"tag-celebridades","11":"tag-celebrities","12":"tag-cinema","13":"tag-claudia-abreu","14":"tag-comedia","15":"tag-diane-kruger","16":"tag-entertainment","17":"tag-entretenimento","18":"tag-fernanda-abreu","19":"tag-folha","20":"tag-globo","21":"tag-globonews","22":"tag-hollywood","23":"tag-jamie-lee-curtis","24":"tag-lindsay-lohan","25":"tag-mario-sergio-conti","26":"tag-max","27":"tag-multitela","28":"tag-musica","29":"tag-netflix","30":"tag-paulo-betti","31":"tag-portugal","32":"tag-pt","33":"tag-series","34":"tag-sessao-da-tarde","35":"tag-streaming","36":"tag-teatro","37":"tag-televisao","38":"tag-tv-brasil"},"share_on_mastodon":{"url":"https:\/\/pubeurope.com\/@pt\/115548047517561237","error":""},"_links":{"self":[{"href":"https:\/\/www.europesays.com\/pt\/wp-json\/wp\/v2\/posts\/151646","targetHints":{"allow":["GET"]}}],"collection":[{"href":"https:\/\/www.europesays.com\/pt\/wp-json\/wp\/v2\/posts"}],"about":[{"href":"https:\/\/www.europesays.com\/pt\/wp-json\/wp\/v2\/types\/post"}],"author":[{"embeddable":true,"href":"https:\/\/www.europesays.com\/pt\/wp-json\/wp\/v2\/users\/2"}],"replies":[{"embeddable":true,"href":"https:\/\/www.europesays.com\/pt\/wp-json\/wp\/v2\/comments?post=151646"}],"version-history":[{"count":0,"href":"https:\/\/www.europesays.com\/pt\/wp-json\/wp\/v2\/posts\/151646\/revisions"}],"wp:featuredmedia":[{"embeddable":true,"href":"https:\/\/www.europesays.com\/pt\/wp-json\/wp\/v2\/media\/151647"}],"wp:attachment":[{"href":"https:\/\/www.europesays.com\/pt\/wp-json\/wp\/v2\/media?parent=151646"}],"wp:term":[{"taxonomy":"category","embeddable":true,"href":"https:\/\/www.europesays.com\/pt\/wp-json\/wp\/v2\/categories?post=151646"},{"taxonomy":"post_tag","embeddable":true,"href":"https:\/\/www.europesays.com\/pt\/wp-json\/wp\/v2\/tags?post=151646"}],"curies":[{"name":"wp","href":"https:\/\/api.w.org\/{rel}","templated":true}]}}