{"id":151650,"date":"2025-11-14T12:30:29","date_gmt":"2025-11-14T12:30:29","guid":{"rendered":"https:\/\/www.europesays.com\/pt\/151650\/"},"modified":"2025-11-14T12:30:29","modified_gmt":"2025-11-14T12:30:29","slug":"premio-jacaranda-2025-anuncia-os-seus-vencedores","status":"publish","type":"post","link":"https:\/\/www.europesays.com\/pt\/151650\/","title":{"rendered":"Pr\u00eamio Jacarand\u00e1 2025 anuncia os seus vencedores"},"content":{"rendered":"<p>Um dos momentos mais aguardados da vida liter\u00e1ria de Porto Alegre e do Rio Grande do Sul, sempre um dia ap\u00f3s o encerramento da <strong><a href=\"https:\/\/www.correiodopovo.com.br\/arteagenda\/feiradolivro\" rel=\"nofollow noopener\" target=\"_blank\">Feira do Livro<\/a><\/strong>, o <strong><a href=\"https:\/\/www.correiodopovo.com.br\/topicos\/Tag\/Pr%C3%AAmio%20Jacarand%C3%A1\" target=\"_blank\" rel=\"nofollow noopener\">Pr\u00eamio Jacarand\u00e1 2025,<\/a><\/strong> em sua oitava edi\u00e7\u00e3o, j\u00e1 tem os seus vencedores anunciados para a cerim\u00f4nia que ser\u00e1 realizada na segunda-feira, dia 17, \u00e0s 19h30min, no Memorial do Legislativo do RS. A obra vencedora do <strong>Livro do Ano<\/strong> \u00e9 \u201cGaiola de Esperar Tempestades\u201d, de Gabriela Richinitti (Editora Dublinense), enquanto o <strong>Autor Revela\u00e7\u00e3o<\/strong> \u00e9  Matheus Borges por \u201cFrankito em Chamas\u201d (Todavia Livros). Nas categorias especiais o<strong> Projeto do Ano<\/strong> ficou com os 10 anos do projeto Leia Mulheres Porto Alegre, enquanto que a<strong> Personalidade do Ano<\/strong> ser\u00e1 o escritor Alcy Cheuiche. O pr\u00eamio<strong> Especial<\/strong> ser\u00e1 de Erico Verissimo e Luis Fernando Verissimo (in memoriam). <\/p>\n<p>Segundo os pareceres do corpo de jurados do Jacarand\u00e1, formado por jornalistas e editores do Correio do Povo, Ana L\u00e9cia de Oliveira, Leticia Heinzelmann, Mauren Xavier, M\u00e1rcio Gomes e Luiz Gonzaga Lopes, a premia\u00e7\u00e3o tem por objetivo valorizar a literatura produzida no Rio Grande do Sul e distinguir as principais obras e iniciativas liter\u00e1rias no Estado. Sobre o Livro do Ano, os jurados deliberaram desta forma: \u201cUm texto envolvente e uma narrativa que prende o leitor em duas linhas temporais. O romance de estreia de Gabriela Richinniti, \u2018Gaiola de Esperar Tempestades\u2019, j\u00e1 \u00e9 uma obra madura, que nos leva de volta aos anos 90 com a mesma leveza e brutalidade que nos devolve para uma realidade ao mesmo tempo frustrante e reveladora\u201d. <\/p>\n<p>Para a justificativa da vit\u00f3ria do Autor Revela\u00e7\u00e3o, Matheus Borges por Frankito em Chamas, o j\u00fari destacou: \u201cO pr\u00eamio de Autor Revela\u00e7\u00e3o foi concedido a Matheus Borges por seu segundo romance, \u2018Frankito em Chamas\u2019. Ele nos transporta a um ambiente pouco explorado na literatura, ou dois: um set de cinema, em uma pequena praia do Uruguai. L\u00e1, o roteiro assinado pelo narrador Felipe se mistura a narrativas pessoais \u2013 seja desilus\u00f5es amorosas em Porto Alegre, demonstra\u00e7\u00f5es obscuras em S\u00e3o Paulo ou experi\u00eancias kamikaze pela Am\u00e9rica do Sul \u2013, tramando uma nova hist\u00f3ria: \u00fanica e comovente, traduzindo as agruras de jovens adultos, numa fase em que j\u00e1 viveram altos e baixos em carreiras e relacionamentos. Felipe se descobre mero convidado na pr\u00f3pria hist\u00f3ria, quase \u00e0 deriva, buscando inspira\u00e7\u00e3o e prazer em outras fontes para aplacar sua solid\u00e3o, e traduz, assim, uma gera\u00e7\u00e3o, que tenta assumir protagonismo em suas vidas\u201d. <\/p>\n<p>Sobre a premia\u00e7\u00e3o de Projeto do Ano para o Leia Mulheres Porto Alegre, os jurados resumiram desta forma a distin\u00e7\u00e3o: \u201cA valoriza\u00e7\u00e3o da literatura produzida por mulheres ganhou espa\u00e7o e voz no grupo Leia Mulheres &#8211; Porto Alegre, que neste ano completou 10 anos. E os desafios n\u00e3o poucos. Neste per\u00edodo, o grupo enfrentou pandemia e enchente, trocas de locais, mas, mesmo assim, manteve o espa\u00e7o para a reflex\u00e3o e cr\u00edtica liter\u00e1ria, al\u00e9m \u00e9 \u00f3bvio do prazer pela leitura. Assim, o grupo navegou por livros de autoras ga\u00fachas, brasileiras e estrangeiras, com o mesmo apre\u00e7o e dedica\u00e7\u00e3o\u201d. <\/p>\n<p>O pr\u00eamio de Personalidade do Ano para Alcy Cheuiche foi assim definido pelo j\u00fari: <\/p>\n<p>\u201cO escritor Alcy Cheuiche \u00e9 a Personalidade do Ano por sua rica e intensa contribui\u00e7\u00e3o \u00e0 literatura em 2025, a exemplo de toda a trajet\u00f3ria de v\u00e1rias d\u00e9cadas. Entre os trabalhos mais recentes, est\u00e3o a nova edi\u00e7\u00e3o de seu romance \u2018Sep\u00e9 Tiaraju\u2019, sua oficina liter\u00e1ria sobre os 90 anos da ARI e um novo livro de contos\u201d. E a justifica para o pr\u00eamio Especial dedicado aos dois escritores da familia Verissimo, Erico e Luis Fernando (in memoriam) foi a seguinte: \u201cO j\u00fari do Jacarand\u00e1 decidiu conceder o Pr\u00eamio Especial a Erico Verissimo e Luis Fernando Verissimo por suas contribui\u00e7\u00f5es para a literatura e para o jornalismo no pa\u00eds. Erico \u00e9 considerado um dos maiores romancistas brasileiros do S\u00e9culo XX, autor da maior saga de romances do pa\u00eds, a trilogia \u201cO Tempo e o Vento\u201d e neste 2025 s\u00e3o lembrados os seus 120 anos de nascimento e os 50 anos de morte. Luis Fernando Verissimo \u00e9 considerado um dos maiores cronista de humor com intelig\u00eancia e ironia fina dos \u00faltimos 50 anos e morreu neste 30 de agosto de 2025, deixando um legado de grandes textos escritos para a imprensa, cr\u00f4nicas bem-humoradas, sempre contumazes e atuais\u201d.<\/p>\n<p>O Pr\u00eamio Jacarand\u00e1 2025 tem o patroc\u00ednio de Banrisul \u2013 \u201cBanrisul \u00e9 um banco \u00fanico, porque te entende\u201d \u2013,  Conselho de Arquitetura e Urbanismo do Rio Grande do Sul (CAU-RS) e Naturovos &#8211; Leve para sua Vida!<\/p>\n<p>VENCEDORES DO PR\u00caMIO JACARAND\u00c1 2025<\/p>\n<p>LIVRO DO ANO: \u201cGaiola de Esperar Tempestades\u201d, por Gabriela Richinitti<br \/>AUTOR REVELA\u00c7\u00c3O: Matheus Borges por \u201cFrankito em Chamas\u201d<br \/>PROJETO DO ANO: 10 anos do projeto Leia Mulheres Porto Alegre<br \/>ESPECIAL: Erico Verissimo e Luis Fernando Verissimo<br \/>PERSONALIDADE DO ANO: Alcy Cheuiche<\/p>\n<p>OS VENCEDORES DO PR\u00caMIO JACARAND\u00c1 AO LONGO DA HIST\u00d3RIA<br \/><strong>1\u00ba Pr\u00eamio Jacarand\u00e1 \u2013 2018<\/strong><br \/>Banca da \u00e1rea internacional &#8211; Banca da Livraria Francesa.<br \/>Banca do setor infantojuvenil &#8211; Editora FTD.<br \/>Banca da \u00e1rea geral &#8211; Editora Belas Letras.<br \/>Destaque Especial &#8211; N\u00f3ia Kern &#8211; Coordenadora da \u00c1rea de Informa\u00e7\u00f5es da Feira do Livro.<br \/><strong>2\u00ba Pr\u00eamio Jacarand\u00e1 &#8211; 2019<\/strong><br \/>Categoria Infantil e Infantojuvenil &#8211; Editora Cassol.<br \/>Categoria Internacional &#8211; SBS<br \/>Categoria Geral &#8211; Editora da Ufrgs<br \/>Destaques especiais &#8211; Trensurb e a contadora de est\u00f3rias T\u00e2nia M\u00e1rcia Tomaszewski.<br \/><strong>3\u00ba Pr\u00eamio Jacarand\u00e1 \u2013 2020<\/strong><br \/>Livro do Ano &#8211; Jeferson Ten\u00f3rio por \u201cO Avesso da Pele\u201d<br \/>Autor Revela\u00e7\u00e3o &#8211; Jos\u00e9 Falero, de &#8220;Os Supridores&#8221;<br \/>Projeto do Ano &#8211; Livraria Bamboletras<br \/>Personalidade do Livro &#8211; Morgana Marcon, diretora da Biblioteca P\u00fablica do Estado<br \/>Destaque Especial &#8211; Renata Agra Balbueno, benfeitora da Livraria Taverna durante a pandemia.<br \/><strong>4\u00ba Pr\u00eamio Jacarand\u00e1 \u2013 2021<\/strong><br \/>Livro do Ano &#8211; \u201cAs Noivas Fantasmas &amp; Outros Casos\u201d, de Sergio Faraco (L&amp;PM).<br \/>Editora\/Projeto do Ano &#8211; Editora Sulina.<br \/>Personalidade do Livro &#8211; M\u00e9dico e escritor Gilberto Schwartsmann<br \/>Autora Revela\u00e7\u00e3o &#8211; Clara Corleone<br \/><strong>5\u00ba Pr\u00eamio Jacarand\u00e1 \u2013 2022<\/strong><br \/>Livro do Ano &#8211; \u201cJamais serei seu filho e voc\u00ea sempre ser\u00e1 meu pai\u201d, Thiago Souza de Souza<br \/>Personalidade &#8211; Lu\u00eds Augusto Fischer, de \u201cA Ideologia Modernista\u201d<br \/>Revela\u00e7\u00e3o &#8211; Vanessa Passos, com \u201cA Filha Primitiva\u201d<br \/>Livraria\/Editora do Ano: Livraria e Editora Taverna<br \/>Especial &#8211; Vida e Obra: Luiz Osvaldo Leite, de 90 anos (15\/11\/1922)<br \/><strong>6\u00ba Pr\u00eamio Jacarand\u00e1 \u2013 2023<\/strong><br \/>Livro do Ano &#8211; Tailor Diniz com \u201cA Novela Interior\u201d<br \/>Autora Revela\u00e7\u00e3o &#8211; Camila Maccari com \u201cDias de Fazer Sil\u00eancio\u201d<br \/>Personalidade do Ano \u2013 Luiz Antonio de Assis Brasil \u2013 escritor, professor e criador da Oficina de Escrita mais longeva do pa\u00eds,<br \/>Projeto do Ano &#8211; Livraria Paralelo 30<br \/>Especial \u2013 Vida e Obra \u2013 Poeta e ativista negro Oliveira Silveira (In Memoriam)<br \/>Pr\u00eamio Surpresa &#8211; S\u00f4nia Zanchetta, coordenadora da \u00e1rea infantil e juvenil da Feira do Livro<br \/><strong>7\u00ba Pr\u00eamio Jacarand\u00e1 \u2013 2024<\/strong><br \/>Livro do Ano &#8211; Irka Barrios &#8211; \u201cVespeiro\u201d (Darkside Books)<br \/>Autor Revela\u00e7\u00e3o &#8211; Pablito Aguiar &#8211; \u201cConversas com Porto Alegre\u201d (Arquip\u00e9lago)<br \/>Personalidade do Ano &#8211; Rafael Guimaraens<br \/>Pr\u00eamio Especial &#8211; L&amp;PM Editores \u2013 50 anos<br \/>Projeto do Ano &#8211; Campanha Juntos pela Leitura no RS, da Secretaria de Estado da Cultura e TAG Experi\u00eancias Liter\u00e1rias<\/p>\n","protected":false},"excerpt":{"rendered":"Um dos momentos mais aguardados da vida liter\u00e1ria de Porto Alegre e do Rio Grande do Sul, sempre&hellip;\n","protected":false},"author":2,"featured_media":151651,"comment_status":"","ping_status":"","sticky":false,"template":"","format":"standard","meta":{"footnotes":""},"categories":[141],"tags":[3428,114,115,7439,149,150,32,32876,33],"class_list":{"0":"post-151650","1":"post","2":"type-post","3":"status-publish","4":"format-standard","5":"has-post-thumbnail","7":"category-musica","8":"tag-arte-agenda","9":"tag-entertainment","10":"tag-entretenimento","11":"tag-feira-do-livro","12":"tag-music","13":"tag-musica","14":"tag-portugal","15":"tag-premio-jacaranda-correio-do-povo","16":"tag-pt"},"share_on_mastodon":{"url":"https:\/\/pubeurope.com\/@pt\/115548063180738274","error":""},"_links":{"self":[{"href":"https:\/\/www.europesays.com\/pt\/wp-json\/wp\/v2\/posts\/151650","targetHints":{"allow":["GET"]}}],"collection":[{"href":"https:\/\/www.europesays.com\/pt\/wp-json\/wp\/v2\/posts"}],"about":[{"href":"https:\/\/www.europesays.com\/pt\/wp-json\/wp\/v2\/types\/post"}],"author":[{"embeddable":true,"href":"https:\/\/www.europesays.com\/pt\/wp-json\/wp\/v2\/users\/2"}],"replies":[{"embeddable":true,"href":"https:\/\/www.europesays.com\/pt\/wp-json\/wp\/v2\/comments?post=151650"}],"version-history":[{"count":0,"href":"https:\/\/www.europesays.com\/pt\/wp-json\/wp\/v2\/posts\/151650\/revisions"}],"wp:featuredmedia":[{"embeddable":true,"href":"https:\/\/www.europesays.com\/pt\/wp-json\/wp\/v2\/media\/151651"}],"wp:attachment":[{"href":"https:\/\/www.europesays.com\/pt\/wp-json\/wp\/v2\/media?parent=151650"}],"wp:term":[{"taxonomy":"category","embeddable":true,"href":"https:\/\/www.europesays.com\/pt\/wp-json\/wp\/v2\/categories?post=151650"},{"taxonomy":"post_tag","embeddable":true,"href":"https:\/\/www.europesays.com\/pt\/wp-json\/wp\/v2\/tags?post=151650"}],"curies":[{"name":"wp","href":"https:\/\/api.w.org\/{rel}","templated":true}]}}