{"id":151652,"date":"2025-11-14T12:32:26","date_gmt":"2025-11-14T12:32:26","guid":{"rendered":"https:\/\/www.europesays.com\/pt\/151652\/"},"modified":"2025-11-14T12:32:26","modified_gmt":"2025-11-14T12:32:26","slug":"benfica-prepara-se-para-saida-de-jogador-de-renome-no-final-da-temporada","status":"publish","type":"post","link":"https:\/\/www.europesays.com\/pt\/151652\/","title":{"rendered":"Benfica prepara-se para sa\u00edda de jogador de renome no final da temporada"},"content":{"rendered":"<p>&#8211; Advertisement &#8211;<\/p>\n<p>Lucas Ord\u00f3\u00f1ez vai deixar o Benfica no final da temporada, garante o jornal A Bola. A mesma fonte refere que o avan\u00e7ado argentino de 37 anos n\u00e3o vai renovar contrato, este que termina no final da \u00e9poca, e prepara-se assim para sair. <\/p>\n<p>Depois de oito temporadas de \u00e1guia ao peito, Lucas Ord\u00f3\u00f1ez, que chegou proveniente do Barcelona em 2018\/29, encerrar\u00e1 o ciclo no Benfica. At\u00e9 ao momento, registou 297 golos em 304 jogos.<\/p>\n<p>No que diz respeito a t\u00edtulos, Lucas Ord\u00f3\u00f1ez fez parte das conquistas de um campeonato, duas Superta\u00e7as e tr\u00eas Elite Cups. Recordar que, no final da temporada passada, <a href=\"https:\/\/bolanarede.pt\/especial-bola-na-rede\/atualidade\/carlos-nicolia-confirma-saida-do-benfica-comunicaram-me-que-ja-nao-sou-parte-do-meu-clube\/\" target=\"_blank\" rel=\"noreferrer noopener nofollow\">foi Carlos Nicol\u00eda a deixar o Benfica. <\/a><\/p>\n","protected":false},"excerpt":{"rendered":"&#8211; Advertisement &#8211; Lucas Ord\u00f3\u00f1ez vai deixar o Benfica no final da temporada, garante o jornal A Bola.&hellip;\n","protected":false},"author":2,"featured_media":151653,"comment_status":"","ping_status":"","sticky":false,"template":"","format":"standard","meta":{"footnotes":""},"categories":[87],"tags":[260,51,135,478,2695,32877,1830,32,33,134],"class_list":{"0":"post-151652","1":"post","2":"type-post","3":"status-publish","4":"format-standard","5":"has-post-thumbnail","7":"category-desporto","8":"tag-atualidade","9":"tag-benfica","10":"tag-desporto","11":"tag-destaques-bnr","12":"tag-hoquei-em-patins","13":"tag-lucas-ordonez","14":"tag-modalidades","15":"tag-portugal","16":"tag-pt","17":"tag-sports"},"share_on_mastodon":{"url":"https:\/\/pubeurope.com\/@pt\/115548071200524743","error":""},"_links":{"self":[{"href":"https:\/\/www.europesays.com\/pt\/wp-json\/wp\/v2\/posts\/151652","targetHints":{"allow":["GET"]}}],"collection":[{"href":"https:\/\/www.europesays.com\/pt\/wp-json\/wp\/v2\/posts"}],"about":[{"href":"https:\/\/www.europesays.com\/pt\/wp-json\/wp\/v2\/types\/post"}],"author":[{"embeddable":true,"href":"https:\/\/www.europesays.com\/pt\/wp-json\/wp\/v2\/users\/2"}],"replies":[{"embeddable":true,"href":"https:\/\/www.europesays.com\/pt\/wp-json\/wp\/v2\/comments?post=151652"}],"version-history":[{"count":0,"href":"https:\/\/www.europesays.com\/pt\/wp-json\/wp\/v2\/posts\/151652\/revisions"}],"wp:featuredmedia":[{"embeddable":true,"href":"https:\/\/www.europesays.com\/pt\/wp-json\/wp\/v2\/media\/151653"}],"wp:attachment":[{"href":"https:\/\/www.europesays.com\/pt\/wp-json\/wp\/v2\/media?parent=151652"}],"wp:term":[{"taxonomy":"category","embeddable":true,"href":"https:\/\/www.europesays.com\/pt\/wp-json\/wp\/v2\/categories?post=151652"},{"taxonomy":"post_tag","embeddable":true,"href":"https:\/\/www.europesays.com\/pt\/wp-json\/wp\/v2\/tags?post=151652"}],"curies":[{"name":"wp","href":"https:\/\/api.w.org\/{rel}","templated":true}]}}