{"id":151656,"date":"2025-11-14T12:36:09","date_gmt":"2025-11-14T12:36:09","guid":{"rendered":"https:\/\/www.europesays.com\/pt\/151656\/"},"modified":"2025-11-14T12:36:09","modified_gmt":"2025-11-14T12:36:09","slug":"os-precos-dos-combustiveis-na-proxima-semana-a-bola","status":"publish","type":"post","link":"https:\/\/www.europesays.com\/pt\/151656\/","title":{"rendered":"Os pre\u00e7os dos combust\u00edveis na pr\u00f3xima semana : A Bola"},"content":{"rendered":"<p>Os pre\u00e7os dos combust\u00edveis em Portugal continental v\u00e3o voltar a subir na pr\u00f3xima semana, noticiou o ACP, citando fontes do setor.<\/p>\n<p>De acordo com a publica\u00e7\u00e3o, o pre\u00e7o m\u00e9dio da gasolina simples 95 vai aumentar tr\u00eas c\u00eantimos, enquanto o do gas\u00f3leo simples subir\u00e1 meio c\u00eantimo.<\/p>\n<p>Tendo como refer\u00eancia os pre\u00e7os desta sexta-feira, o gas\u00f3leo passar\u00e1 ent\u00e3o a custar em m\u00e9dia 1,609 euros por litro, com a gasolina 95 a fixar-se em 1,735 euros por litro.<\/p>\n<p>\u00c9 a terceira semana seguida de aumentos nos pre\u00e7os dos combust\u00edveis. De acordo com a Dire\u00e7\u00e3o Geral de Energia e Geologia, a 2 de novembro o gas\u00f3leo simples em Portugal continental custava 1,542 euros por litro e a gasolina simples 95 estava em 1,682 euros por litro.<\/p>\n","protected":false},"excerpt":{"rendered":"Os pre\u00e7os dos combust\u00edveis em Portugal continental v\u00e3o voltar a subir na pr\u00f3xima semana, noticiou o ACP, citando&hellip;\n","protected":false},"author":2,"featured_media":133955,"comment_status":"","ping_status":"","sticky":false,"template":"","format":"standard","meta":{"footnotes":""},"categories":[83],"tags":[88,89,90,32,33],"class_list":{"0":"post-151656","1":"post","2":"type-post","3":"status-publish","4":"format-standard","5":"has-post-thumbnail","7":"category-empresas","8":"tag-business","9":"tag-economy","10":"tag-empresas","11":"tag-portugal","12":"tag-pt"},"share_on_mastodon":{"url":"https:\/\/pubeurope.com\/@pt\/115548086879008625","error":""},"_links":{"self":[{"href":"https:\/\/www.europesays.com\/pt\/wp-json\/wp\/v2\/posts\/151656","targetHints":{"allow":["GET"]}}],"collection":[{"href":"https:\/\/www.europesays.com\/pt\/wp-json\/wp\/v2\/posts"}],"about":[{"href":"https:\/\/www.europesays.com\/pt\/wp-json\/wp\/v2\/types\/post"}],"author":[{"embeddable":true,"href":"https:\/\/www.europesays.com\/pt\/wp-json\/wp\/v2\/users\/2"}],"replies":[{"embeddable":true,"href":"https:\/\/www.europesays.com\/pt\/wp-json\/wp\/v2\/comments?post=151656"}],"version-history":[{"count":0,"href":"https:\/\/www.europesays.com\/pt\/wp-json\/wp\/v2\/posts\/151656\/revisions"}],"wp:featuredmedia":[{"embeddable":true,"href":"https:\/\/www.europesays.com\/pt\/wp-json\/wp\/v2\/media\/133955"}],"wp:attachment":[{"href":"https:\/\/www.europesays.com\/pt\/wp-json\/wp\/v2\/media?parent=151656"}],"wp:term":[{"taxonomy":"category","embeddable":true,"href":"https:\/\/www.europesays.com\/pt\/wp-json\/wp\/v2\/categories?post=151656"},{"taxonomy":"post_tag","embeddable":true,"href":"https:\/\/www.europesays.com\/pt\/wp-json\/wp\/v2\/tags?post=151656"}],"curies":[{"name":"wp","href":"https:\/\/api.w.org\/{rel}","templated":true}]}}