{"id":151657,"date":"2025-11-14T12:37:17","date_gmt":"2025-11-14T12:37:17","guid":{"rendered":"https:\/\/www.europesays.com\/pt\/151657\/"},"modified":"2025-11-14T12:37:17","modified_gmt":"2025-11-14T12:37:17","slug":"metade-dos-motoristas-tvde-sao-estrangeiros","status":"publish","type":"post","link":"https:\/\/www.europesays.com\/pt\/151657\/","title":{"rendered":"Metade dos motoristas TVDE s\u00e3o estrangeiros"},"content":{"rendered":"<p>A percentagem de motoristas de nacionalidade portuguesa em transporte de passageiros a partir da plataforma eletr\u00f3nica (TVDE) desceu, nos \u00faltimos seis meses, de 52% para 50%, dando lugar a um aumento de estrangeiros, sobretudo oriundos do Indost\u00e3o. Desde abril, chegaram 937 novos condutores provenientes da \u00cdndia, do Bangladesh e do Paquist\u00e3o, que j\u00e1 representam 22% do bolo total, ou oito mil profissionais.<\/p>\n","protected":false},"excerpt":{"rendered":"A percentagem de motoristas de nacionalidade portuguesa em transporte de passageiros a partir da plataforma eletr\u00f3nica (TVDE) desceu,&hellip;\n","protected":false},"author":2,"featured_media":151658,"comment_status":"","ping_status":"","sticky":false,"template":"","format":"standard","meta":{"footnotes":""},"categories":[50],"tags":[27,28,19409,1738,15,16,14,19465,25,26,21,22,22687,62,619,12,13,19,20,23,24,17,18,19798,29,30,31,63,64,65],"class_list":{"0":"post-151657","1":"post","2":"type-post","3":"status-publish","4":"format-standard","5":"has-post-thumbnail","7":"category-mundo","8":"tag-breaking-news","9":"tag-breakingnews","10":"tag-carros-eletricos","11":"tag-estrangeiros","12":"tag-featured-news","13":"tag-featurednews","14":"tag-headlines","15":"tag-imt","16":"tag-latest-news","17":"tag-latestnews","18":"tag-main-news","19":"tag-mainnews","20":"tag-motoristas","21":"tag-mundo","22":"tag-nacional","23":"tag-news","24":"tag-noticias","25":"tag-noticias-principais","26":"tag-noticiasprincipais","27":"tag-principais-noticias","28":"tag-principaisnoticias","29":"tag-top-stories","30":"tag-topstories","31":"tag-tvde","32":"tag-ultimas","33":"tag-ultimas-noticias","34":"tag-ultimasnoticias","35":"tag-world","36":"tag-world-news","37":"tag-worldnews"},"share_on_mastodon":{"url":"https:\/\/pubeurope.com\/@pt\/115548090894402274","error":""},"_links":{"self":[{"href":"https:\/\/www.europesays.com\/pt\/wp-json\/wp\/v2\/posts\/151657","targetHints":{"allow":["GET"]}}],"collection":[{"href":"https:\/\/www.europesays.com\/pt\/wp-json\/wp\/v2\/posts"}],"about":[{"href":"https:\/\/www.europesays.com\/pt\/wp-json\/wp\/v2\/types\/post"}],"author":[{"embeddable":true,"href":"https:\/\/www.europesays.com\/pt\/wp-json\/wp\/v2\/users\/2"}],"replies":[{"embeddable":true,"href":"https:\/\/www.europesays.com\/pt\/wp-json\/wp\/v2\/comments?post=151657"}],"version-history":[{"count":0,"href":"https:\/\/www.europesays.com\/pt\/wp-json\/wp\/v2\/posts\/151657\/revisions"}],"wp:featuredmedia":[{"embeddable":true,"href":"https:\/\/www.europesays.com\/pt\/wp-json\/wp\/v2\/media\/151658"}],"wp:attachment":[{"href":"https:\/\/www.europesays.com\/pt\/wp-json\/wp\/v2\/media?parent=151657"}],"wp:term":[{"taxonomy":"category","embeddable":true,"href":"https:\/\/www.europesays.com\/pt\/wp-json\/wp\/v2\/categories?post=151657"},{"taxonomy":"post_tag","embeddable":true,"href":"https:\/\/www.europesays.com\/pt\/wp-json\/wp\/v2\/tags?post=151657"}],"curies":[{"name":"wp","href":"https:\/\/api.w.org\/{rel}","templated":true}]}}