{"id":151659,"date":"2025-11-14T12:38:15","date_gmt":"2025-11-14T12:38:15","guid":{"rendered":"https:\/\/www.europesays.com\/pt\/151659\/"},"modified":"2025-11-14T12:38:15","modified_gmt":"2025-11-14T12:38:15","slug":"marcelo-vai-dar-aulas-para-os-eua-depois-de-acabar-o-mandato","status":"publish","type":"post","link":"https:\/\/www.europesays.com\/pt\/151659\/","title":{"rendered":"Marcelo vai dar aulas para os EUA depois de acabar o mandato"},"content":{"rendered":"<p>\t                E vai aproveitar para ir ver desporto<\/p>\n<p>Marcelo Rebelo de Sousa anunciou esta quinta-feira que, ap\u00f3s deixar o cargo de Presidente da Rep\u00fablica, tenciona ser professor convidado numa universidade da Calif\u00f3rnia e aproveitar para assistir aos Jogos Ol\u00edmpicos de 2028 em Los Angeles.<\/p>\n<p>O chefe de Estado, que falava durante um encontro do Comit\u00e9 Ol\u00edmpico de Portugal, num restaurante em Lisboa, em que condecorou atletas medalhados, referiu que em 2028 ser\u00e1 &#8220;um homem livre&#8221; e poder\u00e1 viver a experi\u00eancia dos Jogos Ol\u00edmpicos de outra maneira.<\/p>\n<p>&#8220;Vou ser\u00a0professor convidado na Calif\u00f3rnia e, portanto, junta-se o \u00fatil ao agrad\u00e1vel, que \u00e9 estar\u00a0l\u00e1 a ensinar, convidado, no ano de 2028 e, como imaginam, \u00e9 uma condi\u00e7\u00e3o\u00a0\u00fanica e privilegiada para, com mais tempo, ver mais modalidades e acompanhar mais ainda\u00a0os triunfos dos nossos atletas&#8221;, declarou.\u00a0<\/p>\n<p>No seu discurso, Marcelo Rebelo de Sousa considerou que os Jogos Ol\u00edmpicos de 2028 s\u00e3o &#8220;uma aposta&#8221; do Governo PSD\/CDS-PP e manifestou a expectativa de que quem lhe suceder na chefia do Estado, a partir de 09 de mar\u00e7o do pr\u00f3ximo, assistir\u00e1 a &#8220;um salto enorme na presen\u00e7a\u00a0ol\u00edmpica&#8221; de Portugal.<\/p>\n<p>O chefe de Estado referiu que tem falado deste assunto com o primeiro-ministro nas reuni\u00f5es semanais e apontou\u00a0&#8220;o entusiasmo&#8221;\u00a0de Lu\u00eds Montenegro com &#8220;a aposta nos Jogos Ol\u00edmpicos de 2028&#8221;\u00a0como o sinal &#8220;mais forte&#8221; de que &#8220;quer durar no m\u00ednimo quatro anos&#8221;.<\/p>\n<p>&#8220;Uma aposta, n\u00e3o podemos dizer que \u00e9 a primeira nem que \u00e9 a \u00fanica, outros governos a tiveram,\u00a0para sermos justos. Mas o que \u00e9 facto \u00e9 que \u00e9 uma aposta importante, num momento em que o\u00a0pa\u00eds disp\u00f5e de fundos de que n\u00e3o dispunha no passado&#8221;, acrescentou.<\/p>\n<p>Segundo o Presidente da Rep\u00fablica, o executivo pretende aproveitar esses fundos para, &#8220;nas infraestruturas, nas condi\u00e7\u00f5es proporcionadas aos atletas, no est\u00edmulo\u00a0das federa\u00e7\u00f5es essenciais, no apoio aos clubes, haver passos significativos, muito\u00a0significativos para 2028&#8221;.\u00a0<\/p>\n","protected":false},"excerpt":{"rendered":"E vai aproveitar para ir ver desporto Marcelo Rebelo de Sousa anunciou esta quinta-feira que, ap\u00f3s deixar o&hellip;\n","protected":false},"author":2,"featured_media":151660,"comment_status":"","ping_status":"","sticky":false,"template":"","format":"standard","meta":{"footnotes":""},"categories":[10],"tags":[609,611,454,27,28,8662,1736,607,608,832,610,15,16,301,14,4578,25,26,570,453,21,22,833,588,12,13,19,20,452,4532,4499,3596,52,32,1963,23,24,14755,455,4579,33,17,18,29,30,31,7783],"class_list":{"0":"post-151659","1":"post","2":"type-post","3":"status-publish","4":"format-standard","5":"has-post-thumbnail","7":"category-portugal","8":"tag-alerta","9":"tag-ao-minuto","10":"tag-bloco-de-esquerda","11":"tag-breaking-news","12":"tag-breakingnews","13":"tag-california","14":"tag-chega","15":"tag-cnn","16":"tag-cnn-portugal","17":"tag-costa","18":"tag-direto","19":"tag-featured-news","20":"tag-featurednews","21":"tag-governo","22":"tag-headlines","23":"tag-iniciativa-liberal","24":"tag-latest-news","25":"tag-latestnews","26":"tag-live","27":"tag-livre","28":"tag-main-news","29":"tag-mainnews","30":"tag-marcelo","31":"tag-marcelo-rebelo-de-sousa","32":"tag-news","33":"tag-noticias","34":"tag-noticias-principais","35":"tag-noticiasprincipais","36":"tag-pan","37":"tag-parlamento","38":"tag-partidos","39":"tag-pcp","40":"tag-politica","41":"tag-portugal","42":"tag-presidente-da-republica","43":"tag-principais-noticias","44":"tag-principaisnoticias","45":"tag-professor","46":"tag-ps","47":"tag-psd","48":"tag-pt","49":"tag-top-stories","50":"tag-topstories","51":"tag-ultimas","52":"tag-ultimas-noticias","53":"tag-ultimasnoticias","54":"tag-ventura"},"share_on_mastodon":{"url":"","error":"Validation failed: Text character limit of 500 exceeded"},"_links":{"self":[{"href":"https:\/\/www.europesays.com\/pt\/wp-json\/wp\/v2\/posts\/151659","targetHints":{"allow":["GET"]}}],"collection":[{"href":"https:\/\/www.europesays.com\/pt\/wp-json\/wp\/v2\/posts"}],"about":[{"href":"https:\/\/www.europesays.com\/pt\/wp-json\/wp\/v2\/types\/post"}],"author":[{"embeddable":true,"href":"https:\/\/www.europesays.com\/pt\/wp-json\/wp\/v2\/users\/2"}],"replies":[{"embeddable":true,"href":"https:\/\/www.europesays.com\/pt\/wp-json\/wp\/v2\/comments?post=151659"}],"version-history":[{"count":0,"href":"https:\/\/www.europesays.com\/pt\/wp-json\/wp\/v2\/posts\/151659\/revisions"}],"wp:featuredmedia":[{"embeddable":true,"href":"https:\/\/www.europesays.com\/pt\/wp-json\/wp\/v2\/media\/151660"}],"wp:attachment":[{"href":"https:\/\/www.europesays.com\/pt\/wp-json\/wp\/v2\/media?parent=151659"}],"wp:term":[{"taxonomy":"category","embeddable":true,"href":"https:\/\/www.europesays.com\/pt\/wp-json\/wp\/v2\/categories?post=151659"},{"taxonomy":"post_tag","embeddable":true,"href":"https:\/\/www.europesays.com\/pt\/wp-json\/wp\/v2\/tags?post=151659"}],"curies":[{"name":"wp","href":"https:\/\/api.w.org\/{rel}","templated":true}]}}