{"id":151661,"date":"2025-11-14T12:40:08","date_gmt":"2025-11-14T12:40:08","guid":{"rendered":"https:\/\/www.europesays.com\/pt\/151661\/"},"modified":"2025-11-14T12:40:08","modified_gmt":"2025-11-14T12:40:08","slug":"wagner-moura-encara-rivais-de-peso-e-tera-caminho-disputado-ate-premio-veja-concorrentes","status":"publish","type":"post","link":"https:\/\/www.europesays.com\/pt\/151661\/","title":{"rendered":"Wagner Moura encara rivais de peso e ter\u00e1 caminho disputado at\u00e9 pr\u00eamio; veja concorrentes"},"content":{"rendered":"\n<p class=\" content-text__container theme-color-primary-first-letter\" data-track-category=\"Link no Texto\" data-track-links=\"\"> O ator Wagner Moura entrou em um verdadeiro \u201cgrupo da morte\u201d na corrida ao Oscar 2026 \u2014 e, ainda assim, aparece na lideran\u00e7a. Segundo o The Hollywood Reporter, o brasileiro \u00e9 o favorito \u00e0 estatueta de Melhor Ator, que ser\u00e1 entregue no dia 15 de mar\u00e7o do ano que vem, por sua atua\u00e7\u00e3o em O Agente Secreto, filme dirigido por Kleber Mendon\u00e7a Filho que tamb\u00e9m representa o Brasil na disputa de Melhor Filme Internacional. <\/p>\n<ul class=\"content-unordered-list\">\n<li><strong>Concurso de s\u00f3sias de Wagner Moura <\/strong><a class=\"\" href=\"https:\/\/oglobo.globo.com\/cultura\/noticia\/2025\/11\/09\/concurso-de-sosias-de-wagner-moura-agita-a-avenida-paulista-vencedor-foi-inscrito-pela-namorada.ghtml\" rel=\"nofollow noopener\" target=\"_blank\">agita a Avenida Paulista; vencedor foi inscrito pela namorada<\/a><\/li>\n<li><strong>Estrelado por Wagner Moura<\/strong>,<a class=\"\" href=\"https:\/\/oglobo.globo.com\/blogs\/lauro-jardim\/post\/2025\/11\/estrelado-por-wagner-moura-o-agente-secreto-registra-maior-estreia-nacional-de-2025.ghtml\" rel=\"nofollow noopener\" target=\"_blank\"> &#8216;O Agente Secreto&#8217; registra maior estreia nacional de 2025<\/a><\/li>\n<\/ul>\n<p class=\" content-text__container \" data-track-category=\"Link no Texto\" data-track-links=\"\"> A lista mais recente da coluna Feinberg Forecast, do jornalista Scott Feinberg, coloca Moura \u00e0 frente de gigantes como Leonardo DiCaprio (Uma Batalha Ap\u00f3s a Outra), Timoth\u00e9e Chalamet (Marty Supreme), Michael B. Jordan (Pecadores) e George Clooney (Jay Kelly). Um elenco de peso que transforma a disputa em um embate digno de final de Copa do Mundo. <\/p>\n<p class=\" content-text__container \" data-track-category=\"Link no Texto\" data-track-links=\"\"> Ap\u00f3s sua estreia mundial no Festival de Cannes, O Agente Secreto foi ovacionado por mais de 10 minutos, conquistando os pr\u00eamios de Melhor Diretor e Melhor Ator. Desde ent\u00e3o, o longa vem acumulando elogios da cr\u00edtica internacional, mantendo 100% de aprova\u00e7\u00e3o no Rotten Tomatoes. <\/p>\n<p class=\" content-text__container \" data-track-category=\"Link no Texto\" data-track-links=\"\"> O brasileiro foi premiado no Newport Beach Film Festival, realizado na Calif\u00f3rnia, nos Estados Unidos, no \u00faltimo s\u00e1bado. Esse \u00e9 o quarto pr\u00eamio que o artista ganha pelo novo filme. Moura tamb\u00e9m foi premiado no Festival de Cannes, onde o t\u00edtulo estreou; no Festival de Zurique; e no Festival de Chicago. <\/p>\n","protected":false},"excerpt":{"rendered":"O ator Wagner Moura entrou em um verdadeiro \u201cgrupo da morte\u201d na corrida ao Oscar 2026 \u2014 e,&hellip;\n","protected":false},"author":2,"featured_media":151662,"comment_status":"","ping_status":"","sticky":false,"template":"","format":"standard","meta":{"footnotes":""},"categories":[145],"tags":[211,210,114,115,319,32,33,318],"class_list":{"0":"post-151661","1":"post","2":"type-post","3":"status-publish","4":"format-standard","5":"has-post-thumbnail","7":"category-celebridades","8":"tag-celebridades","9":"tag-celebrities","10":"tag-entertainment","11":"tag-entretenimento","12":"tag-hard-news","13":"tag-portugal","14":"tag-pt","15":"tag-radar"},"share_on_mastodon":{"url":"https:\/\/pubeurope.com\/@pt\/115548102566675736","error":""},"_links":{"self":[{"href":"https:\/\/www.europesays.com\/pt\/wp-json\/wp\/v2\/posts\/151661","targetHints":{"allow":["GET"]}}],"collection":[{"href":"https:\/\/www.europesays.com\/pt\/wp-json\/wp\/v2\/posts"}],"about":[{"href":"https:\/\/www.europesays.com\/pt\/wp-json\/wp\/v2\/types\/post"}],"author":[{"embeddable":true,"href":"https:\/\/www.europesays.com\/pt\/wp-json\/wp\/v2\/users\/2"}],"replies":[{"embeddable":true,"href":"https:\/\/www.europesays.com\/pt\/wp-json\/wp\/v2\/comments?post=151661"}],"version-history":[{"count":0,"href":"https:\/\/www.europesays.com\/pt\/wp-json\/wp\/v2\/posts\/151661\/revisions"}],"wp:featuredmedia":[{"embeddable":true,"href":"https:\/\/www.europesays.com\/pt\/wp-json\/wp\/v2\/media\/151662"}],"wp:attachment":[{"href":"https:\/\/www.europesays.com\/pt\/wp-json\/wp\/v2\/media?parent=151661"}],"wp:term":[{"taxonomy":"category","embeddable":true,"href":"https:\/\/www.europesays.com\/pt\/wp-json\/wp\/v2\/categories?post=151661"},{"taxonomy":"post_tag","embeddable":true,"href":"https:\/\/www.europesays.com\/pt\/wp-json\/wp\/v2\/tags?post=151661"}],"curies":[{"name":"wp","href":"https:\/\/api.w.org\/{rel}","templated":true}]}}