{"id":151665,"date":"2025-11-14T12:44:13","date_gmt":"2025-11-14T12:44:13","guid":{"rendered":"https:\/\/www.europesays.com\/pt\/151665\/"},"modified":"2025-11-14T12:44:13","modified_gmt":"2025-11-14T12:44:13","slug":"jovem-viraliza-apos-mostrar-visita-de-shawn-mendes-em-loja-de-salvador","status":"publish","type":"post","link":"https:\/\/www.europesays.com\/pt\/151665\/","title":{"rendered":"Jovem viraliza ap\u00f3s mostrar visita de Shawn Mendes em loja de Salvador"},"content":{"rendered":"<p><strong>Shawn Mendes<\/strong> segue colecionando momentos inesquec\u00edveis com os f\u00e3s em <strong>Salvador<\/strong>. Depois de ser visto <a href=\"https:\/\/aloalobahia.com\/noticias\/2025\/11\/12\/porto-da-barra-ilha-dos-frades-pelourinho-e-mais-veja-onde-shawn-mendes-ja-esteve-em-salvador\/\" rel=\"nofollow noopener\" target=\"_blank\">caminhando pelo <strong>Pelourinho<\/strong> e curtindo um mergulho no <strong>Porto da<\/strong><\/a><strong> Barra<\/strong>, o cantor canadense surpreendeu uma f\u00e3 ao aparecer em uma floricultura da capital baiana.<\/p>\n<p>O encontro inesperado foi registrado pela jovem, que n\u00e3o perdeu a chance de fotografar o \u00eddolo. No local, Shawn preparou um enorme arranjo de flores e, com a simpatia de sempre, fez quest\u00e3o de posar com a admiradora.<\/p>\n<p>\u201cImagine voc\u00ea estar no trabalho e o Shawn Mendes chega para fazer um buqu\u00ea?\u201d, disse a mo\u00e7a, havia tentado encontrar o artista pela cidade, mas o encontro surgiu quando ela menos esperava. <strong>\u201cEnfim, melhor dia no trabalho\u201d<\/strong>, brincou.<\/p>\n<p>Empolgada, a f\u00e3 tamb\u00e9m compartilhou a rea\u00e7\u00e3o divertida de uma colega que faltou ao expediente. \u201cAi, eu n\u00e3o acredito nisso n\u00e3o. Mulher, quando eu digo a voc\u00ea que eu n\u00e3o dou sorte com nada na vida, \u00e9 disso que estou falando\u201d, disse indignada.<\/p>\n<blockquote class=\"twitter-tweet\">\n<p dir=\"ltr\" lang=\"pt\">Shawn Mendes meu best KKKKKKK<br \/>Imagine t\u00e1 trabalhando e chega Shawn Mendes como cliente <a href=\"https:\/\/twitter.com\/hashtag\/mendesarmy?src=hash&amp;ref_src=twsrc%5Etfw\" rel=\"nofollow noopener\" target=\"_blank\">#mendesarmy<\/a> <a href=\"https:\/\/twitter.com\/hashtag\/shawnmendes?src=hash&amp;ref_src=twsrc%5Etfw\" rel=\"nofollow noopener\" target=\"_blank\">#shawnmendes<\/a> <a href=\"https:\/\/twitter.com\/hashtag\/edit?src=hash&amp;ref_src=twsrc%5Etfw\" rel=\"nofollow noopener\" target=\"_blank\">#edit<\/a> <a href=\"https:\/\/twitter.com\/hashtag\/viral?src=hash&amp;ref_src=twsrc%5Etfw\" rel=\"nofollow noopener\" target=\"_blank\">#viral<\/a> <a href=\"https:\/\/twitter.com\/hashtag\/fypviraltwitter?src=hash&amp;ref_src=twsrc%5Etfw\" rel=\"nofollow noopener\" target=\"_blank\">#fypviraltwitter<\/a> <a href=\"https:\/\/twitter.com\/hashtag\/shawnmendesbrasil?src=hash&amp;ref_src=twsrc%5Etfw\" rel=\"nofollow noopener\" target=\"_blank\">#shawnmendesbrasil<\/a> <a href=\"https:\/\/t.co\/DtqSM1YYO2\" rel=\"nofollow\">pic.twitter.com\/DtqSM1YYO2<\/a><\/p>\n<p>\u2014 Ja\u00edne (@ine_soll) <a href=\"https:\/\/twitter.com\/ine_soll\/status\/1988729075184058539?ref_src=twsrc%5Etfw\" rel=\"nofollow noopener\" target=\"_blank\">November 12, 2025<\/a><\/p>\n<\/blockquote>\n<p>\t\t\t\t<script async src=\"https:\/\/platform.twitter.com\/widgets.js\" charset=\"utf-8\"><\/script><\/p>\n","protected":false},"excerpt":{"rendered":"Shawn Mendes segue colecionando momentos inesquec\u00edveis com os f\u00e3s em Salvador. Depois de ser visto caminhando pelo Pelourinho&hellip;\n","protected":false},"author":2,"featured_media":151666,"comment_status":"","ping_status":"","sticky":false,"template":"","format":"standard","meta":{"footnotes":""},"categories":[141],"tags":[114,115,149,150,32,33],"class_list":{"0":"post-151665","1":"post","2":"type-post","3":"status-publish","4":"format-standard","5":"has-post-thumbnail","7":"category-musica","8":"tag-entertainment","9":"tag-entretenimento","10":"tag-music","11":"tag-musica","12":"tag-portugal","13":"tag-pt"},"share_on_mastodon":{"url":"https:\/\/pubeurope.com\/@pt\/115548118262697185","error":""},"_links":{"self":[{"href":"https:\/\/www.europesays.com\/pt\/wp-json\/wp\/v2\/posts\/151665","targetHints":{"allow":["GET"]}}],"collection":[{"href":"https:\/\/www.europesays.com\/pt\/wp-json\/wp\/v2\/posts"}],"about":[{"href":"https:\/\/www.europesays.com\/pt\/wp-json\/wp\/v2\/types\/post"}],"author":[{"embeddable":true,"href":"https:\/\/www.europesays.com\/pt\/wp-json\/wp\/v2\/users\/2"}],"replies":[{"embeddable":true,"href":"https:\/\/www.europesays.com\/pt\/wp-json\/wp\/v2\/comments?post=151665"}],"version-history":[{"count":0,"href":"https:\/\/www.europesays.com\/pt\/wp-json\/wp\/v2\/posts\/151665\/revisions"}],"wp:featuredmedia":[{"embeddable":true,"href":"https:\/\/www.europesays.com\/pt\/wp-json\/wp\/v2\/media\/151666"}],"wp:attachment":[{"href":"https:\/\/www.europesays.com\/pt\/wp-json\/wp\/v2\/media?parent=151665"}],"wp:term":[{"taxonomy":"category","embeddable":true,"href":"https:\/\/www.europesays.com\/pt\/wp-json\/wp\/v2\/categories?post=151665"},{"taxonomy":"post_tag","embeddable":true,"href":"https:\/\/www.europesays.com\/pt\/wp-json\/wp\/v2\/tags?post=151665"}],"curies":[{"name":"wp","href":"https:\/\/api.w.org\/{rel}","templated":true}]}}