{"id":151673,"date":"2025-11-14T12:51:18","date_gmt":"2025-11-14T12:51:18","guid":{"rendered":"https:\/\/www.europesays.com\/pt\/151673\/"},"modified":"2025-11-14T12:51:18","modified_gmt":"2025-11-14T12:51:18","slug":"pentagono-anuncia-operacao-lanca-do-sul-contra-narcoterroristas-da-america-latina-eua","status":"publish","type":"post","link":"https:\/\/www.europesays.com\/pt\/151673\/","title":{"rendered":"Pent\u00e1gono anuncia opera\u00e7\u00e3o Lan\u00e7a do Sul contra \u201cnarcoterroristas\u201d da Am\u00e9rica Latina | EUA"},"content":{"rendered":"<p>O secret\u00e1rio da Defesa dos Estados Unidos, Pete Hegseth, anunciou esta quinta-feira o lan\u00e7amento de uma opera\u00e7\u00e3o militar contra os \u201cnarcoterroristas do nosso hemisf\u00e9rio\u201d, horas depois de mais um ataque norte-americano contra uma alegada embarca\u00e7\u00e3o de tr\u00e1fico de droga.<\/p>\n<p>\u201cHoje anuncio a opera\u00e7\u00e3o Lan\u00e7a do Sul, que elimina os narcoterroristas do nosso hemisf\u00e9rio e protege a nossa p\u00e1tria das drogas que est\u00e3o a matar o nosso povo. O hemisf\u00e9rio ocidental \u00e9 a vizinhan\u00e7a dos Estados Unidos e iremos proteg\u00ea-lo\u201d, afirmou Hegseth na rede social X, salientando que \u201co Presidente Donald Trump deu ordem para agir e o Departamento de Guerra [designa\u00e7\u00e3o utilizada pela actual Administra\u00e7\u00e3o norte-americana para se referir ao Pent\u00e1gono] est\u00e1 a cumprir\u201d.<\/p>\n<p>Poucas horas antes das declara\u00e7\u00f5es de Hegseth, os EUA tinham levado a cabo o 20.\u00ba <a href=\"https:\/\/www.publico.pt\/2025\/11\/08\/mundo\/noticia\/ataques-eua-caraibas-pacifico-ja-mataram-69-pessoas-2153867\" rel=\"nofollow noopener\" target=\"_blank\">ataque <\/a>nas \u00e1guas das Cara\u00edbas contra uma embarca\u00e7\u00e3o que, alegadamente, transportava drogas com destino aos Estados Unidos e que deixou quatro mortos, confirmou uma fonte do Pent\u00e1gono \u00e0 cadeia de televis\u00e3o CBS e, posteriormente, \u00e0 CNN.<\/p>\n<p>\u201cO ataque ocorreu nas Cara\u00edbas e e quatro narcoterroristas foram mortos, n\u00e3o houve sobreviventes\u201d, afirmou a mesma fonte.<\/p>\n<p>O an\u00fancio de Hegseth surge tr\u00eas dias depois da chegada do porta-avi\u00f5es Gerald Ford, o maior do mundo e o mais moderno da frota norte-americana, \u00e0 \u00e1rea de responsabilidade do Comando Sul dos Estados Unidos na Am\u00e9rica Latina e no Caribe. O navio e o seu respectivo grupo de escolta juntaram-se \u00e0 flotilha j\u00e1 destacada em \u00e1guas internacionais, junto ao limite das \u00e1guas territoriais da <a href=\"https:\/\/www.publico.pt\/2025\/11\/06\/mundo\/noticia\/casa-branca-avalia-riscos-intervencao-militar-venezuela-2153621\" rel=\"nofollow noopener\" target=\"_blank\">Venezuela<\/a>.<\/p>\n<p>Os ataques dos EUA contra embarca\u00e7\u00f5es suspeitas de tr\u00e1fico de droga no Caribe e ao largo das costas do Pac\u00edfico da Am\u00e9rica Latina j\u00e1 causaram pelo menos 79 mortes. A Administra\u00e7\u00e3o do Presidente Donald Trump classifica os alvos como terroristas do narcotr\u00e1fico respons\u00e1veis por milhares de mortes nos Estados Unidos, sem apresentar provas.<\/p>\n<p>At\u00e9 agora, o Governo norte-americano n\u00e3o explicou publicamente a justifica\u00e7\u00e3o legal para a decis\u00e3o de atacar as embarca\u00e7\u00f5es e, na quarta-feira, o secret\u00e1rio de Estado, Marco Rubio, rebateu as cr\u00edticas de alguns aliados dos EUA sobre a legalidade dos ataques, afirmando que os europeus n\u00e3o podem ditar a forma como Washington defende a sua seguran\u00e7a nacional.<\/p>\n","protected":false},"excerpt":{"rendered":"O secret\u00e1rio da Defesa dos Estados Unidos, Pete Hegseth, anunciou esta quinta-feira o lan\u00e7amento de uma opera\u00e7\u00e3o militar&hellip;\n","protected":false},"author":2,"featured_media":151674,"comment_status":"","ping_status":"","sticky":false,"template":"","format":"standard","meta":{"footnotes":""},"categories":[50],"tags":[1028,27,28,9109,413,15,16,14,25,26,21,22,62,7808,12,13,19,20,542,23,24,17,18,29,30,31,3023,63,64,65],"class_list":{"0":"post-151673","1":"post","2":"type-post","3":"status-publish","4":"format-standard","5":"has-post-thumbnail","7":"category-mundo","8":"tag-america-latina","9":"tag-breaking-news","10":"tag-breakingnews","11":"tag-caraibas","12":"tag-eua","13":"tag-featured-news","14":"tag-featurednews","15":"tag-headlines","16":"tag-latest-news","17":"tag-latestnews","18":"tag-main-news","19":"tag-mainnews","20":"tag-mundo","21":"tag-narcotrafico","22":"tag-news","23":"tag-noticias","24":"tag-noticias-principais","25":"tag-noticiasprincipais","26":"tag-para-redes","27":"tag-principais-noticias","28":"tag-principaisnoticias","29":"tag-top-stories","30":"tag-topstories","31":"tag-ultimas","32":"tag-ultimas-noticias","33":"tag-ultimasnoticias","34":"tag-venezuela","35":"tag-world","36":"tag-world-news","37":"tag-worldnews"},"share_on_mastodon":{"url":"https:\/\/pubeurope.com\/@pt\/115548145768758451","error":""},"_links":{"self":[{"href":"https:\/\/www.europesays.com\/pt\/wp-json\/wp\/v2\/posts\/151673","targetHints":{"allow":["GET"]}}],"collection":[{"href":"https:\/\/www.europesays.com\/pt\/wp-json\/wp\/v2\/posts"}],"about":[{"href":"https:\/\/www.europesays.com\/pt\/wp-json\/wp\/v2\/types\/post"}],"author":[{"embeddable":true,"href":"https:\/\/www.europesays.com\/pt\/wp-json\/wp\/v2\/users\/2"}],"replies":[{"embeddable":true,"href":"https:\/\/www.europesays.com\/pt\/wp-json\/wp\/v2\/comments?post=151673"}],"version-history":[{"count":0,"href":"https:\/\/www.europesays.com\/pt\/wp-json\/wp\/v2\/posts\/151673\/revisions"}],"wp:featuredmedia":[{"embeddable":true,"href":"https:\/\/www.europesays.com\/pt\/wp-json\/wp\/v2\/media\/151674"}],"wp:attachment":[{"href":"https:\/\/www.europesays.com\/pt\/wp-json\/wp\/v2\/media?parent=151673"}],"wp:term":[{"taxonomy":"category","embeddable":true,"href":"https:\/\/www.europesays.com\/pt\/wp-json\/wp\/v2\/categories?post=151673"},{"taxonomy":"post_tag","embeddable":true,"href":"https:\/\/www.europesays.com\/pt\/wp-json\/wp\/v2\/tags?post=151673"}],"curies":[{"name":"wp","href":"https:\/\/api.w.org\/{rel}","templated":true}]}}