{"id":151685,"date":"2025-11-14T13:04:29","date_gmt":"2025-11-14T13:04:29","guid":{"rendered":"https:\/\/www.europesays.com\/pt\/151685\/"},"modified":"2025-11-14T13:04:29","modified_gmt":"2025-11-14T13:04:29","slug":"daniela-braga-sera-melhor-estudar-filosofia-do-que-programacao-entrevista","status":"publish","type":"post","link":"https:\/\/www.europesays.com\/pt\/151685\/","title":{"rendered":"Daniela Braga: \u201cSer\u00e1 melhor estudar filosofia do que programa\u00e7\u00e3o\u201d | Entrevista"},"content":{"rendered":"<p>Fundadora e CEO da Defined.ai, a empresa de origem portuguesa mais reconhecida no mundo da intelig\u00eancia artificial, Daniela Braga tem vivido entre Seattle, Lisboa e, mais recentemente, Riade, na Ar\u00e1bia Saudita. Acredita que a <a href=\"https:\/\/www.publico.pt\/inteligencia-artificial\" rel=\"nofollow noopener\" target=\"_blank\">intelig\u00eancia artificial<\/a> (IA) \u00e9 \u201ca nova revolu\u00e7\u00e3o industrial\u201d, que Portugal pode ser relevante neste ecossistema e que a maior mudan\u00e7a de todas ser\u00e1 na educa\u00e7\u00e3o: \u201cO futuro pertencer\u00e1 a quem compreender melhor a componente humana do que a tecnol\u00f3gica. Ser\u00e1 melhor estudar filosofia do que programa\u00e7\u00e3o.\u201d<\/p>\n<p><strong>Como tem evolu\u00eddo a miss\u00e3o da Defined.ai? Ainda s\u00e3o uma plataforma de recolha e processamento de dados para alimentar a <\/strong><strong>IA?<\/strong><br \/>Tenho muito orgulho em dizer que nunca mud\u00e1mos de rumo, apenas renov\u00e1mos a imagem. Continuamos a ser o fornecedor de dados de treino para intelig\u00eancia artificial, de forma respons\u00e1vel e completa, do in\u00edcio ao fim. Antes de se falar em \u201cdados respons\u00e1veis\u201d, j\u00e1 o faz\u00edamos. Fomos pioneiros nessa mat\u00e9ria.<\/p>\n<p>Mesmo antes da entrada em vigor do <a href=\"https:\/\/www.publico.pt\/2018\/05\/24\/sociedade\/perguntaserespostas\/o-que-vao-mudar-nos-dados-pessoais-1830430\" rel=\"nofollow noopener\" target=\"_blank\">RGPD<\/a>, recolh\u00edamos o consentimento dos colaboradores da nossa comunidade, faz\u00edamos a anonimiza\u00e7\u00e3o dos dados e remuner\u00e1vamos todos. S\u00e3o princ\u00edpios que sempre nos distinguiram e que agora est\u00e3o, finalmente, a ser reconhecidos.<\/p>\n<p><strong>Ou seja, a ideia inicial estava certa.<\/strong><br \/>Esteve sempre certa. O que fizemos ao longo dos anos foi aumentar o leque de produtos. Temos mais produtos agora. Dentro da \u00e1rea de dados, mas continuamos a vender dados \u2014 e assim continuaremos.<\/p>\n<p><strong>Aqui na Web Summit, ouvimos o Governo e a Microsoft a anunciarem grandes investimentos em IA em Portugal. A Daniela tamb\u00e9m anunciou que quer investir em Sines. H\u00e1 aqui uma oportunidade real para Portugal ter um papel relevante?<\/strong><br \/>Defendo isso h\u00e1 pelo menos cinco anos. A ideia da <a href=\"https:\/\/www.publico.pt\/2025\/11\/11\/enter\/noticia\/primeira-fabrica-europeia-ia-sera-portugal-2154233\" rel=\"nofollow noopener\" target=\"_blank\">giga factory <\/a>nasceu de uma proposta minha ao ent\u00e3o primeiro-ministro Ant\u00f3nio Costa: criar um centro de excel\u00eancia de IA em Portugal. Mobilizei metade do pa\u00eds para acreditar que Portugal podia ser um player europeu de refer\u00eancia e distinguir-se numa \u00e1rea espec\u00edfica da IA no mundo. \u00c9 bom ver que, \u00e0s vezes, o timing certo n\u00e3o \u00e9 quando queremos, mas quando \u00e9 poss\u00edvel \u2014 e agora \u00e9.<\/p>\n<p>O investimento da <a href=\"https:\/\/www.publico.pt\/microsoft\" rel=\"nofollow noopener\" target=\"_blank\">Microsoft<\/a> valida precisamente essa vis\u00e3o. O nosso cons\u00f3rcio, que ainda est\u00e1 a ser estruturado, ser\u00e1 o \u00fanico centrado em dados \u2014 h\u00e1 muitos a apostar na computa\u00e7\u00e3o, mas poucos na recolha e tratamento dos dados. \u00c9 essa experi\u00eancia que trazemos.<\/p>\n<p><strong>Actualmente, onde est\u00e3o os maiores estrangulamentos no desenvolvimento da IA? Imagino que responda \u201cnos dados\u201d\u2026<\/strong><br \/>Sim, nos dados, naturalmente. Fala-se num funil dos dados p\u00fablicos \u2014 n\u00e3o porque tenham desaparecido, mas porque os que existem foram explorados at\u00e9 \u00e0 exaust\u00e3o. A maioria dos dados est\u00e1 no sector privado, inacess\u00edvel. \u00c9 nesse mercado que actuamos: dados comissionados, de origem humana, com qualidade e legalidade garantidas.<\/p>\n<p><strong>Mas com a evolu\u00e7\u00e3o dos dados sint\u00e9ticos (criados por IA), n\u00e3o h\u00e1 o risco de a Defined.ai se tornar irrelevante?<\/strong><br \/>N\u00e3o, de maneira nenhuma. H\u00e1 tamb\u00e9m espa\u00e7o para dados sint\u00e9ticos, que s\u00e3o \u00fateis para treinar modelos em situa\u00e7\u00f5es raras ou extremas. Mas se os modelos forem treinados apenas com esse tipo de dados, ocorre o chamado model collapse: \u00e9 a fotoc\u00f3pia da fotoc\u00f3pia, a qualidade degrada-se.<\/p>\n<p>O nosso valor est\u00e1 no toque humano \u2014 todos os dados que fornecemos s\u00e3o validados por pessoas. Mesmo quando h\u00e1 gera\u00e7\u00e3o sint\u00e9tica, h\u00e1 sempre supervis\u00e3o humana.<\/p>\n<p><strong>Isso significa que os modelos generativos, como o ChatGPT, baseados na recolha de dados est\u00e3o a atingir o limite? Estamos a viver numa bolha que pode rebentar?<\/strong><br \/>N\u00e3o. Trabalho nesta \u00e1rea h\u00e1 25 anos. J\u00e1 vivi longos \u201cInvernos\u201d e curtos \u201cVer\u00f5es\u201d da IA, mas este \u00e9 diferente: \u00e9 o Ver\u00e3o mais longo \u2014 e est\u00e1 para ficar. N\u00e3o \u00e9 um fen\u00f3meno passageiro como a Web3 ou o Metaverso. \u00c9 uma revolu\u00e7\u00e3o compar\u00e1vel \u00e0 da Internet ou ao smartphone.<\/p>\n<p>A diferen\u00e7a \u00e9 que agora as revolu\u00e7\u00f5es acontecem em intervalos de dez anos, n\u00e3o em s\u00e9culos. \u00c9 o ciclo natural da inova\u00e7\u00e3o.<\/p>\n<p><strong>Essa velocidade de evolu\u00e7\u00e3o pode trazer problemas graves? A minha filha de 16 anos queixa-se de que os colegas usam IA para tudo e acham que j\u00e1 n\u00e3o vale a pena estudar. Cri\u00e1mos uma ferramenta poderosa de mais, sem saber us\u00e1-la?<\/strong><br \/>Partilho da preocupa\u00e7\u00e3o. A minha filha tamb\u00e9m tem 16 anos e vive o mesmo. Esta gera\u00e7\u00e3o questiona o valor da escola e do conhecimento acad\u00e9mico tradicional \u2014 e, de certa forma, com raz\u00e3o. Est\u00e3o mais bem preparados para se adaptarem \u00e0s ferramentas do que n\u00f3s, mas preocupam-me a superficialidade e a falta de esp\u00edrito cr\u00edtico na verifica\u00e7\u00e3o das fontes. Eles seguem a informa\u00e7\u00e3o de acordo com os pares e n\u00e3o tentam ir ao fundo da quest\u00e3o. De perceber: ser\u00e1 que isto \u00e9 uma fonte que eu devo usar?<\/p>\n<p>O modelo de ensino actual n\u00e3o est\u00e1 preparado para esta revolu\u00e7\u00e3o. O conhecimento t\u00e9cnico vai tornar-se rapidamente obsoleto \u2014 o que permanecer\u00e1 relevante \u00e9 o humano.<\/p>\n<p>Acho que, nas gera\u00e7\u00f5es futuras, os que v\u00e3o ter mais sucesso s\u00e3o precisamente aqueles que conseguem entender a componente humana. Esses v\u00e3o ter mais sucesso do que aqueles que vivem s\u00f3 na rela\u00e7\u00e3o com a tecnologia. Por muito controverso que isto seja vindo de algu\u00e9m da tecnologia.<\/p>\n<p><strong>Mas com uma forma\u00e7\u00e3o base que n\u00e3o \u00e9 na tecnologia.<\/strong><br \/>Exactamente. Vai ser a componente humana. \u00c9 por isso que, muitas vezes, quando vejo a minha filha mais centrada na componente social e menos interessada nas dimens\u00f5es acad\u00e9micas, considero que se trata de uma vantagem e n\u00e3o uma fraqueza para o futuro dela.<\/p>\n<p>Os jovens deviam dedicar-se mais ao social, ao pensamento cr\u00edtico, \u00e0 \u00e9tica, \u00e0 empatia e \u00e0 criatividade. \u00c9 isso que os vai diferenciar da IA.<\/p>\n<p><strong>E como se redefine o valor profissional num mundo em que o trabalho t\u00e9cnico pode ser automatizado?<\/strong><br \/>J\u00e1 se sente algum desemprego qualificado, sobretudo nos EUA, entre profissionais de software. Eu, por exemplo, viajo muito entre a Costa Este e a Costa Oeste dos EUA. E, neste ano, tenho notado desemprego de pessoal qualificado. \u00c9 um bocado assustador. V\u00ea-se muita gente que trabalhava em empresas tecnol\u00f3gicas a conduzir ubers.<\/p>\n<p>Os governos t\u00eam de planear esta transi\u00e7\u00e3o, porque o trabalho intelectual ser\u00e1 mais r\u00e1pido e barato feito por IA \u2014 embora nem sempre melhor.<\/p>\n<p>Curiosamente, o trabalho manual pode vir a ser mais bem pago do que o intelectual. \u00c9 quase o oposto da revolu\u00e7\u00e3o industrial. A rob\u00f3tica est\u00e1 a evoluir, mas haver\u00e1 um per\u00edodo em que o trabalho humano voltar\u00e1 a ganhar valor.<\/p>\n<p><strong>Mas os enviesamentos dos modelos de IA n\u00e3o continuam a ser um problema?<\/strong><br \/>Sim, mas hoje h\u00e1 maior consci\u00eancia disso. H\u00e1 dez anos, quando surgiram os primeiros modelos da Google, IBM ou Apple, esse tema quase n\u00e3o existia. Agora, todos t\u00eam essa preocupa\u00e7\u00e3o, embora os modelos ainda estejam longe de ser perfeitos.<\/p>\n<p>\u00c9 essencial definir \u201cleis do modelo\u201d: o que pode e o que n\u00e3o pode fazer. Nem todas as empresas d\u00e3o prioridade a estes princ\u00edpios porque h\u00e1 uma corrida para chegar primeiro. O enviesamento ideol\u00f3gico, em particular, \u00e9 dos mais perigosos. A regula\u00e7\u00e3o \u2014 como o AI Act europeu \u2014 \u00e9 indispens\u00e1vel.<\/p>\n<p><strong>Mas \u00e9 poss\u00edvel regular a tempo esta transforma\u00e7\u00e3o? Temos verificado que os governos t\u00eam dificuldade em acompanhar o ritmo da evolu\u00e7\u00e3o tecnol\u00f3gica.<\/strong><br \/>A humanidade \u00e9 resiliente e adapta-se. Haver\u00e1 sempre danos colaterais, mas aprendemos depressa \u2014 agora em rede, \u00e0 escala global. \u00c9 um privil\u00e9gio viver nesta \u00e9poca, mesmo que por vezes seja assustadora.<\/p>\n<p>        &#13;<\/p>\n<p>&#13;<br \/>\n                &#13;\n            <\/p>\n<p>&#13;<\/p>\n<p><strong>Por falar em global, tem estado a investir na Ar\u00e1bia Saudita. Como tem sido essa experi\u00eancia?<\/strong><br \/>Foi o embaixador portugu\u00eas Nuno Matias quem me convenceu a olhar para a <a href=\"https:\/\/www.publico.pt\/arabia-saudita\" rel=\"nofollow noopener\" target=\"_blank\">Ar\u00e1bia Saudita<\/a> de outra forma. O pa\u00eds quer ser pot\u00eancia mundial em IA at\u00e9 2030 e est\u00e1 a atrair empresas internacionais com uma rapidez impressionante.<\/p>\n<p>Estamos a abrir escrit\u00f3rio, a contratar pessoas locais e a investir. \u00c9 o maior mercado da regi\u00e3o, com 40 milh\u00f5es de habitantes e uma vis\u00e3o muito ambiciosa. Tenho sido bem recebida e admiro o esfor\u00e7o que est\u00e3o a fazer para diversificar a economia.<\/p>\n<p><strong>Enquanto gestora, como usa a IA no seu dia-a-dia?<\/strong><br \/>Uso v\u00e1rios LLM [grandes modelos de linguagem]. S\u00e3o o meu novo motor de busca. Mas continuo cr\u00edtica e acad\u00e9mica: verifico sempre as fontes. A Defined.ai utiliza IA em larga escala \u2014 temos modelos pr\u00f3prios de voz, linguagem natural, anonimiza\u00e7\u00e3o de conte\u00fado e outros. \u00c9 uma ferramenta essencial, at\u00e9 para preparar apresenta\u00e7\u00f5es.<\/p>\n<p><strong>Que conselhos daria a um gestor portugu\u00eas na utiliza\u00e7\u00e3o de IA?<\/strong><br \/>O tecido empresarial portugu\u00eas \u00e9 composto quase s\u00f3 por microempresas. Um gestor com menos de dez pessoas pode usar a IA para gerar conte\u00fados, gerir redes sociais ou automatizar o atendimento. Empresas um pouco maiores j\u00e1 podem criar aplica\u00e7\u00f5es ou optimizar processos.<\/p>\n<p>H\u00e1 exemplos inspiradores: pequenas empresas que desenvolveram as suas pr\u00f3prias apps com IA. Antes, fazer um site era caro e complexo; agora, qualquer pessoa pode criar um website, produzir conte\u00fados e fazer marketing com poucos recursos.<\/p>\n<p>O Sam Altman, da OpenAI, diz que os primeiros bilion\u00e1rios de empresas com menos de dez pessoas est\u00e3o a nascer agora. Na realidade, ainda n\u00e3o vi isso acontecer, mas acredito que seja poss\u00edvel.<\/p>\n","protected":false},"excerpt":{"rendered":"Fundadora e CEO da Defined.ai, a empresa de origem portuguesa mais reconhecida no mundo da intelig\u00eancia artificial, Daniela&hellip;\n","protected":false},"author":2,"featured_media":151686,"comment_status":"","ping_status":"","sticky":false,"template":"","format":"standard","meta":{"footnotes":""},"categories":[83],"tags":[88,89,90,246,2172,933,32,33,110,18123],"class_list":{"0":"post-151685","1":"post","2":"type-post","3":"status-publish","4":"format-standard","5":"has-post-thumbnail","7":"category-empresas","8":"tag-business","9":"tag-economy","10":"tag-empresas","11":"tag-enter","12":"tag-inovacao","13":"tag-inteligencia-artificial","14":"tag-portugal","15":"tag-pt","16":"tag-tecnologia","17":"tag-web-summit"},"share_on_mastodon":{"url":"https:\/\/pubeurope.com\/@pt\/115548197205775939","error":""},"_links":{"self":[{"href":"https:\/\/www.europesays.com\/pt\/wp-json\/wp\/v2\/posts\/151685","targetHints":{"allow":["GET"]}}],"collection":[{"href":"https:\/\/www.europesays.com\/pt\/wp-json\/wp\/v2\/posts"}],"about":[{"href":"https:\/\/www.europesays.com\/pt\/wp-json\/wp\/v2\/types\/post"}],"author":[{"embeddable":true,"href":"https:\/\/www.europesays.com\/pt\/wp-json\/wp\/v2\/users\/2"}],"replies":[{"embeddable":true,"href":"https:\/\/www.europesays.com\/pt\/wp-json\/wp\/v2\/comments?post=151685"}],"version-history":[{"count":0,"href":"https:\/\/www.europesays.com\/pt\/wp-json\/wp\/v2\/posts\/151685\/revisions"}],"wp:featuredmedia":[{"embeddable":true,"href":"https:\/\/www.europesays.com\/pt\/wp-json\/wp\/v2\/media\/151686"}],"wp:attachment":[{"href":"https:\/\/www.europesays.com\/pt\/wp-json\/wp\/v2\/media?parent=151685"}],"wp:term":[{"taxonomy":"category","embeddable":true,"href":"https:\/\/www.europesays.com\/pt\/wp-json\/wp\/v2\/categories?post=151685"},{"taxonomy":"post_tag","embeddable":true,"href":"https:\/\/www.europesays.com\/pt\/wp-json\/wp\/v2\/tags?post=151685"}],"curies":[{"name":"wp","href":"https:\/\/api.w.org\/{rel}","templated":true}]}}