{"id":15169,"date":"2025-08-04T07:41:11","date_gmt":"2025-08-04T07:41:11","guid":{"rendered":"https:\/\/www.europesays.com\/pt\/15169\/"},"modified":"2025-08-04T07:41:11","modified_gmt":"2025-08-04T07:41:11","slug":"big-brother-verao-joao-oliveira-e-expulso-saiba-como-reagiu","status":"publish","type":"post","link":"https:\/\/www.europesays.com\/pt\/15169\/","title":{"rendered":"&#8220;Big Brother Ver\u00e3o&#8221;. Jo\u00e3o Oliveira \u00e9 expulso: saiba como reagiu!"},"content":{"rendered":"<p>Na gala deste domingo, dia 3, Jo\u00e3o Oliveira foi o concorrente expulso do &#8220;<a href=\"https:\/\/tvi.iol.pt\/bigbrother\/\" target=\"_blank\" wbo-id=\"47\" rel=\"nofollow noopener\">Big Brother Ver\u00e3o<\/a>&#8220;.<\/p>\n<p>Em primeiro lugar, Catarina Miranda foi salva com 61% dos votos, seguindo-se Afonso Leit\u00e3o. Entretanto, foi revelado que Jo\u00e3o Oliveira foi o nomeado que reuniu menos votos junto dos espetadores.<\/p>\n<p>Jo\u00e3o Oliveira mostrou-se consolado com o resultado e cumprimentou os colegas.<\/p>\n<p>Veja, agora, algumas das melhores imagens de Jo\u00e3o Oliveira nas galerias de fotografias que prepar\u00e1mos para si.<\/p>\n","protected":false},"excerpt":{"rendered":"Na gala deste domingo, dia 3, Jo\u00e3o Oliveira foi o concorrente expulso do &#8220;Big Brother Ver\u00e3o&#8220;. Em primeiro&hellip;\n","protected":false},"author":2,"featured_media":15170,"comment_status":"","ping_status":"","sticky":false,"template":"","format":"standard","meta":{"footnotes":""},"categories":[142],"tags":[48,114,115,980,435,619,32,33,1014,1012,151,162],"class_list":{"0":"post-15169","1":"post","2":"type-post","3":"status-publish","4":"format-standard","5":"has-post-thumbnail","7":"category-tv","8":"tag-big-brother","9":"tag-entertainment","10":"tag-entretenimento","11":"tag-famosos","12":"tag-joao-oliveira","13":"tag-nacional","14":"tag-portugal","15":"tag-pt","16":"tag-reality-show","17":"tag-selfie","18":"tag-tv","19":"tag-tvi"},"share_on_mastodon":{"url":"","error":""},"_links":{"self":[{"href":"https:\/\/www.europesays.com\/pt\/wp-json\/wp\/v2\/posts\/15169","targetHints":{"allow":["GET"]}}],"collection":[{"href":"https:\/\/www.europesays.com\/pt\/wp-json\/wp\/v2\/posts"}],"about":[{"href":"https:\/\/www.europesays.com\/pt\/wp-json\/wp\/v2\/types\/post"}],"author":[{"embeddable":true,"href":"https:\/\/www.europesays.com\/pt\/wp-json\/wp\/v2\/users\/2"}],"replies":[{"embeddable":true,"href":"https:\/\/www.europesays.com\/pt\/wp-json\/wp\/v2\/comments?post=15169"}],"version-history":[{"count":0,"href":"https:\/\/www.europesays.com\/pt\/wp-json\/wp\/v2\/posts\/15169\/revisions"}],"wp:featuredmedia":[{"embeddable":true,"href":"https:\/\/www.europesays.com\/pt\/wp-json\/wp\/v2\/media\/15170"}],"wp:attachment":[{"href":"https:\/\/www.europesays.com\/pt\/wp-json\/wp\/v2\/media?parent=15169"}],"wp:term":[{"taxonomy":"category","embeddable":true,"href":"https:\/\/www.europesays.com\/pt\/wp-json\/wp\/v2\/categories?post=15169"},{"taxonomy":"post_tag","embeddable":true,"href":"https:\/\/www.europesays.com\/pt\/wp-json\/wp\/v2\/tags?post=15169"}],"curies":[{"name":"wp","href":"https:\/\/api.w.org\/{rel}","templated":true}]}}