{"id":151693,"date":"2025-11-14T13:12:08","date_gmt":"2025-11-14T13:12:08","guid":{"rendered":"https:\/\/www.europesays.com\/pt\/151693\/"},"modified":"2025-11-14T13:12:08","modified_gmt":"2025-11-14T13:12:08","slug":"a-festa-dos-fas-de-katy-perry-em-madrid","status":"publish","type":"post","link":"https:\/\/www.europesays.com\/pt\/151693\/","title":{"rendered":"a festa dos f\u00e3s de Katy Perry em Madrid"},"content":{"rendered":"<p dir=\"ltr\">Para antecipar o concerto no Palco Mundo do Rock in Rio Lisboa, o SAPO viajou at\u00e9 Madrid e mergulhou no universo colorido dos f\u00e3s da cantora norte-americana na Movistar Arena.\u00a0A cantora norte-americana ser\u00e1 a protagonista do dia 20 de julho de 2026 na Cidade do Rock, no Parque Papa Francisco (Parque Tejo).<\/p>\n<p dir=\"ltr\">Para o concerto, os f\u00e3s capricharam nos outfits coloridos e inspirados em todas as eras da carreira de Katy Perry, num ambiente cheio de sorrisos contagiantes e muita criatividade &#8211; um verdadeiro desfile de criatividade que pode muito bem servir de inspira\u00e7\u00e3o para quem j\u00e1 est\u00e1 a pensar no look para o Rock in Rio Lisboa.<\/p>\n<p dir=\"ltr\"><strong>Veja o v\u00eddeo:<\/strong><\/p>\n<p dir=\"ltr\"><strong><br \/>\n<\/strong><\/p>\n<p dir=\"ltr\">* O SAPO viajou at\u00e9 Madrid a convite do Rock in Rio Lisboa.<\/p>\n","protected":false},"excerpt":{"rendered":"Para antecipar o concerto no Palco Mundo do Rock in Rio Lisboa, o SAPO viajou at\u00e9 Madrid e&hellip;\n","protected":false},"author":2,"featured_media":151694,"comment_status":"","ping_status":"","sticky":false,"template":"","format":"standard","meta":{"footnotes":""},"categories":[141],"tags":[114,115,149,150,32,33],"class_list":{"0":"post-151693","1":"post","2":"type-post","3":"status-publish","4":"format-standard","5":"has-post-thumbnail","7":"category-musica","8":"tag-entertainment","9":"tag-entretenimento","10":"tag-music","11":"tag-musica","12":"tag-portugal","13":"tag-pt"},"share_on_mastodon":{"url":"https:\/\/pubeurope.com\/@pt\/115548228407606761","error":""},"_links":{"self":[{"href":"https:\/\/www.europesays.com\/pt\/wp-json\/wp\/v2\/posts\/151693","targetHints":{"allow":["GET"]}}],"collection":[{"href":"https:\/\/www.europesays.com\/pt\/wp-json\/wp\/v2\/posts"}],"about":[{"href":"https:\/\/www.europesays.com\/pt\/wp-json\/wp\/v2\/types\/post"}],"author":[{"embeddable":true,"href":"https:\/\/www.europesays.com\/pt\/wp-json\/wp\/v2\/users\/2"}],"replies":[{"embeddable":true,"href":"https:\/\/www.europesays.com\/pt\/wp-json\/wp\/v2\/comments?post=151693"}],"version-history":[{"count":0,"href":"https:\/\/www.europesays.com\/pt\/wp-json\/wp\/v2\/posts\/151693\/revisions"}],"wp:featuredmedia":[{"embeddable":true,"href":"https:\/\/www.europesays.com\/pt\/wp-json\/wp\/v2\/media\/151694"}],"wp:attachment":[{"href":"https:\/\/www.europesays.com\/pt\/wp-json\/wp\/v2\/media?parent=151693"}],"wp:term":[{"taxonomy":"category","embeddable":true,"href":"https:\/\/www.europesays.com\/pt\/wp-json\/wp\/v2\/categories?post=151693"},{"taxonomy":"post_tag","embeddable":true,"href":"https:\/\/www.europesays.com\/pt\/wp-json\/wp\/v2\/tags?post=151693"}],"curies":[{"name":"wp","href":"https:\/\/api.w.org\/{rel}","templated":true}]}}