{"id":151697,"date":"2025-11-14T13:15:14","date_gmt":"2025-11-14T13:15:14","guid":{"rendered":"https:\/\/www.europesays.com\/pt\/151697\/"},"modified":"2025-11-14T13:15:14","modified_gmt":"2025-11-14T13:15:14","slug":"estudo-pode-ajudar-a-explicar-por-que-o-cancer-colorretal-esta-aumentando-entre-os-jovens-noticias-r7","status":"publish","type":"post","link":"https:\/\/www.europesays.com\/pt\/151697\/","title":{"rendered":"Estudo pode ajudar a explicar por que o c\u00e2ncer colorretal est\u00e1 aumentando entre os jovens \u2013 Noticias R7"},"content":{"rendered":"<p>LEIA AQUI O RESUMO DA NOT\u00cdCIA<\/p>\n<ul class=\"b-article-body-custom-embed-brief-news__list\" style=\"margin: 0; padding-left: 20px; list-style-type: disc;\">\n<li>Estudo sugere que o aumento no consumo de alimentos ultraprocessados est\u00e1 ligado ao aumento de c\u00e2nceres colorretais em jovens nos EUA.<\/li>\n<li>Participantes com maior ingest\u00e3o de ultraprocessados t\u00eam 45% mais risco de desenvolver adenomas colorretais n\u00e3o cancerosos at\u00e9 os 50 anos.<\/li>\n<li>Recomenda\u00e7\u00e3o de uma dieta rica em alimentos integrais e minimamente processados para reduzir riscos \u00e0 sa\u00fade.<\/li>\n<li>Alimentos ultraprocessados podem causar inflama\u00e7\u00e3o intestinal e est\u00e3o associados \u00e0 obesidade, um fator de risco conhecido para c\u00e2ncer colorretal.<\/li>\n<\/ul>\n<p style=\"font-size: 0.8em; font-style: italic; text-align: right; margin-top: 15px; padding-bottom: 5px; margin-bottom: 0;\">Produzido pela Ri7a &#8211; a Intelig\u00eancia Artificial do R7<\/p>\n<p><img decoding=\"async\" data-chromatic=\"ignore\" alt=\"\" class=\"c-image\" loading=\"lazy\" src=\"https:\/\/www.europesays.com\/pt\/wp-content\/uploads\/2025\/11\/U6NQCHFBLFBMBE7BH3OUURD7LY.JPG\"  width=\"2000\" height=\"1334\"\/>Os alimentos ultraprocessados tamb\u00e9m t\u00eam sido associados a in\u00fameras doen\u00e7as, incluindo diabetes tipo 2 e doen\u00e7as cardiovasculares GMVozd\/E+\/Getty Images via CNN Newsource <\/p>\n<p class=\"jarvics:base-text-neutral-high-400 base-text-[calc(theme(fontSize.xs)_*_var(--font-size,_1))] base-font-normal base-font-primary base-text-neutral-low-500 base-text-left\">\u00c0 medida que os c\u00e2nceres de c\u00f3lon e reto em pessoas jovens est\u00e3o <b>aumentando globalmente<\/b>, especialmente nos <a href=\"https:\/\/noticias.r7.com\/record-news\/conexao-record-news\/video\/eua-pagamento-do-auxilio-alimentar-ainda-e-incerto-13112025\/\" target=\"_self\" rel=\"nofollow noopener\" title=\"https:\/\/noticias.r7.com\/record-news\/conexao-record-news\/video\/eua-pagamento-do-auxilio-alimentar-ainda-e-incerto-13112025\/\">Estados Unidos<\/a> (EUA), o consumo de alimentos ultraprocessados tem acompanhado esse ritmo. <\/p>\n<p class=\"jarvics:base-text-neutral-high-400 base-text-[calc(theme(fontSize.xs)_*_var(--font-size,_1))] base-font-normal base-font-primary base-text-neutral-low-500 base-text-left\">Esses alimentos agora representam cerca de 70% do fornecimento de alimentos dos EUA e quase 60% da ingest\u00e3o cal\u00f3rica de adultos nos EUA, e v\u00e1rios estudos associaram essa tend\u00eancia crescente ao risco de tais c\u00e2nceres.<\/p>\n<p class=\"jarvics:base-text-neutral-high-400 base-text-[calc(theme(fontSize.xs)_*_var(--font-size,_1))] base-font-normal base-font-primary base-text-neutral-low-500 base-text-left\">Um novo estudo, in\u00e9dito, aumenta as evid\u00eancias crescentes ao sugerir que comer alimentos ultraprocessados pode aumentar significativamente as chances de desenvolver <b>adenomas colorretais<\/b> n\u00e3o cancerosos em idade precoce \u2014 crescimentos, ou p\u00f3lipos, no c\u00f3lon e reto que podem levar ao c\u00e2ncer.<\/p>\n<p class=\"jarvics:base-text-neutral-high-400 base-text-[calc(theme(fontSize.xs)_*_var(--font-size,_1))] base-font-normal base-font-primary base-text-neutral-low-500 base-text-left\">No novo estudo, a ingest\u00e3o de alimentos ultraprocessados proveio principalmente de p\u00e3es e alimentos matinais ultraprocessados; molhos, pastas e condimentos; e bebidas ado\u00e7adas com a\u00e7\u00facar ou artificialmente.<\/p>\n<p class=\"jarvics:base-text-neutral-high-400 base-text-[calc(theme(fontSize.xs)_*_var(--font-size,_1))] base-font-normal base-font-primary base-text-neutral-low-500 base-text-left\">Participantes com a maior ingest\u00e3o de alimentos ultraprocessados \u2014 cerca de 10 por\u00e7\u00f5es di\u00e1rias \u2014 tiveram um risco 45% maior de desenvolver esses crescimentos at\u00e9 os 50 anos, quando comparados com aqueles com o menor consumo, um pouco mais de tr\u00eas por\u00e7\u00f5es di\u00e1rias. <\/p>\n<p class=\"jarvics:base-text-neutral-high-400 base-text-[calc(theme(fontSize.xs)_*_var(--font-size,_1))] base-font-normal base-font-primary base-text-neutral-low-500 base-text-left\">O estudo, que acompanhou mais de 29.100 enfermeiras por um per\u00edodo mediano de 13 anos, foi publicado na quinta-feira (13) na revista JAMA Oncology.<\/p>\n<p class=\"jarvics:base-text-neutral-high-400 base-text-[calc(theme(fontSize.xs)_*_var(--font-size,_1))] base-font-normal base-font-primary base-text-neutral-low-500 base-text-left\">\u201cNosso estudo n\u00e3o \u00e9 de <b>causa e efeito<\/b>, ent\u00e3o n\u00e3o podemos dizer que isso \u00e9 definitivo\u201d, disse o autor s\u00eanior do estudo, Dr. Andrew Chan, gastroenterologista do Mass General Brigham Cancer Institute em Boston. \u201cMas serve como algumas pistas de que o que comemos pode desempenhar um papel. Ent\u00e3o, \u00e0 medida que avan\u00e7amos, acho \u00fatil pensar onde podemos potencialmente limitar nossa ingest\u00e3o e preparar o terreno para estudos futuros para podermos identificar, mais especificamente, os mecanismos e os alimentos espec\u00edficos.\u201d<\/p>\n<p class=\"jarvics:base-text-neutral-high-400 base-text-[calc(theme(fontSize.xs)_*_var(--font-size,_1))] base-font-normal base-font-primary base-text-neutral-low-500 base-text-left\">\u201cNa medida do poss\u00edvel, voc\u00ea deve tentar evitar UPFs (alimentos ultraprocessados) e construir sua dieta com alimentos reais e integrais, o mais direto da natureza e minimamente processados poss\u00edvel\u201d, disse por e-mail o Dr. David Katz, fundador da organiza\u00e7\u00e3o sem fins lucrativos True Health Initiative, uma coaliz\u00e3o global de especialistas dedicada \u00e0 medicina de estilo de vida baseada em evid\u00eancias. Ele n\u00e3o esteve envolvido no estudo.<\/p>\n<p class=\"jarvics:base-text-neutral-high-400 base-text-[calc(theme(fontSize.xs)_*_var(--font-size,_1))] base-font-normal base-font-primary base-text-neutral-low-500 base-text-left\">\u201cAs melhores dietas, que levam aos melhores resultados de sa\u00fade, s\u00e3o compostas principalmente por vegetais, frutas, gr\u00e3os integrais, feij\u00f5es\/leguminosas, nozes e sementes, e \u00e1gua pura\u201d, acrescentou Katz, diretor fundador do Centro de Pesquisa em Preven\u00e7\u00e3o da Universidade de Yale, em Connecticut.<\/p>\n<p class=\"jarvics:base-text-neutral-high-400 base-text-[calc(theme(fontSize.xs)_*_var(--font-size,_1))] base-font-normal base-font-primary base-text-neutral-low-500 base-text-left\">Leia os r\u00f3tulos dos ingredientes e esteja ciente de quanto s\u00f3dio voc\u00ea est\u00e1 comendo e como diferentes alimentos fazem voc\u00ea se sentir \u2014 alimentos ultraprocessados podem fazer voc\u00ea querer mais, enquanto alimentos integrais s\u00e3o mais satisfat\u00f3rios, disseram especialistas \u00e0 CNN Internacional em uma reportagem de fevereiro.<\/p>\n<p><video controls=\"\" class=\"video-js\" preload=\"metadata\" poster=\"https:\/\/d22yf0mxeu0gma.cloudfront.net\/11-13-2025\/t_936e4ab498574833b6129ebd66763351_name_file_960x540_1600_v4_.jpg\" title=\"Governo dos EUA adota restri&#xE7;&#xF5;es de visto para pessoas obesas\" data-sprite-url=\"\" data-metadata=\"{&quot;title&quot;:&quot;Governo dos EUA adota restri&#xE7;&#xF5;es de visto para pessoas obesas&quot;,&quot;sectionName&quot;:&quot;R7&quot;,&quot;mainSection&quot;:&quot;Internacional&quot;,&quot;subSection&quot;:&quot;&quot;,&quot;views&quot;:&quot;&quot;,&quot;disableAdv&quot;:&quot;false&quot;,&quot;createdDate&quot;:&quot;2025-11-13T17:58:45Z&quot;,&quot;mainSectionUrl&quot;:&quot;https:\/\/record.r7.com\/balanco-geral\/video\/governo-dos-eua-adota-restricoes-de-visto-para-pessoas-obesas-13112025\/&quot;,&quot;sectionPath&quot;:&quot;https:\/\/record.r7.com\/balanco-geral&quot;,&quot;ageRating&quot;:&quot;&quot;,&quot;ageRatingDescription&quot;:&quot;&quot;,&quot;duration&quot;:257344,&quot;playerUrl&quot;:&quot;https:\/\/record.r7.com\/player\/79f8486b-1975-41d1-9a1d-d2fafa1572d1\/&quot;}\" data-player-params=\"{&quot;p&quot;:&quot;true&quot;,&quot;autoPlay&quot;:&quot;false&quot;,&quot;logo&quot;:&quot;true&quot;,&quot;playlistId&quot;:&quot;false&quot;,&quot;calhau&quot;:&quot;false&quot;,&quot;share&quot;:&quot;true&quot;,&quot;sz&quot;:&quot;false&quot;,&quot;full&quot;:&quot;true&quot;,&quot;customAdHash&quot;:&quot;\/7542\/r7noticias\/internacional&quot;,&quot;referrerUrl&quot;:&quot;&quot;,&quot;externalLinks&quot;:&quot;true&quot;,&quot;debug&quot;:&quot;false&quot;,&quot;debugHash&quot;:&quot;false&quot;,&quot;debugRelated&quot;:&quot;false&quot;,&quot;timerRelated&quot;:&quot;true&quot;,&quot;logoRecord&quot;:&quot;false&quot;,&quot;contextModal&quot;:&quot;false&quot;,&quot;parentUrl&quot;:&quot;https:\/\/record.r7.com\/&quot;,&quot;t&quot;:&quot;0&quot;,&quot;noTitle&quot;:false,&quot;endBehavior&quot;:&quot;default&quot;}\" data-related-videos=\"[{&quot;title&quot;:&quot;Mulher que mandou matar ex do namorado para ficar com a guarda da filha &#xE9; procurada&quot;,&quot;thumb&quot;:&quot;https:\/\/d22yf0mxeu0gma.cloudfront.net\/11-13-2025\/t_fe50a73c7955417cb2bb7f035d788922_name_file_960x540_1600_v4_.jpg&quot;,&quot;url&quot;:&quot;https:\/\/record.r7.com\/balanco-geral\/video\/mulher-que-mandou-matar-ex-do-namorado-para-ficar-com-a-guarda-da-filha-e-procurada-13112025\/&quot;,&quot;embedUrl&quot;:&quot;https:\/\/record.r7.com\/player\/045030c0-8816-4cee-af90-15e82ba1e358\/&quot;},{&quot;title&quot;:&quot;Dia da Gentileza: Balan&#xE7;o Geral testa clientes de padaria na zona norte de S&#xE3;o Paulo&quot;,&quot;thumb&quot;:&quot;https:\/\/d22yf0mxeu0gma.cloudfront.net\/11-13-2025\/t_b19e9718b05a40b6944785be308cf9eb_name_file_960x540_1600_v4_.jpg&quot;,&quot;url&quot;:&quot;https:\/\/record.r7.com\/balanco-geral\/video\/dia-da-gentileza-balanco-geral-testa-clientes-de-padaria-na-zona-norte-de-sao-paulo-13112025\/&quot;,&quot;embedUrl&quot;:&quot;https:\/\/record.r7.com\/player\/ce3b4563-7a18-4cb3-b150-bc9f97906950\/&quot;},{&quot;title&quot;:&quot;Gatinha resgatada por delegacia se torna mascote do local, no interior de S&#xE3;o Paulo&quot;,&quot;thumb&quot;:&quot;https:\/\/d22yf0mxeu0gma.cloudfront.net\/11-13-2025\/t_30fb563a1e98458c9c67640f9241ed1c_name_file_960x540_1600_v4_.jpg&quot;,&quot;url&quot;:&quot;https:\/\/record.r7.com\/balanco-geral\/video\/gatinha-resgatada-por-delegacia-se-torna-mascote-do-local-no-interior-de-sao-paulo-13112025\/&quot;,&quot;embedUrl&quot;:&quot;https:\/\/record.r7.com\/player\/cfc0166b-02ed-4744-ac4a-ed1f8388d4ae\/&quot;}]\" data-player-url=\"https:\/\/record.r7.com\/player\/79f8486b-1975-41d1-9a1d-d2fafa1572d1\/\" data-arc-video=\"\" data-arc-id=\"79f8486b-1975-41d1-9a1d-d2fafa1572d1\" data-short=\"false\" style=\"visibility:hidden\"><\/video><\/p>\n<p class=\"jarvics:base-text-neutral-high-400 base-text-[calc(theme(fontSize.xs)_*_var(--font-size,_1))] base-font-normal base-font-primary base-text-neutral-low-500 base-text-left\">Tumores colorretais n\u00e3o cancerosos geralmente n\u00e3o apresentam <b>sintomas<\/b>, mas quando crescem o suficiente, podem causar problemas que merecem uma consulta m\u00e9dica, disseram especialistas. <\/p>\n<p class=\"jarvics:base-text-neutral-high-400 base-text-[calc(theme(fontSize.xs)_*_var(--font-size,_1))] base-font-normal base-font-primary base-text-neutral-low-500 base-text-left\">Isso inclui evacua\u00e7\u00f5es escuras ou com sangue, dor, anemia por defici\u00eancia de ferro, perda de peso n\u00e3o intencional em combina\u00e7\u00e3o com sintomas gastrointestinais e constipa\u00e7\u00e3o induzida por bloqueio.<\/p>\n<p class=\"jarvics:base-text-neutral-high-400 base-text-[calc(theme(fontSize.xs)_*_var(--font-size,_1))] base-font-normal base-font-primary base-text-neutral-low-500 base-text-left\">Voc\u00ea tamb\u00e9m deve fazer exames preventivos a partir dos 45 anos ou se tiver hist\u00f3rico familiar de c\u00e2ncer colorretal, disse a Dra. Robin Mendelsohn, pois quanto mais cedo os problemas forem diagnosticados, mais cedo e eficazmente poder\u00e3o ser tratados. <\/p>\n<p class=\"jarvics:base-text-neutral-high-400 base-text-[calc(theme(fontSize.xs)_*_var(--font-size,_1))] base-font-normal base-font-primary base-text-neutral-low-500 base-text-left\">Mendelsohn \u00e9 codiretora do Centro de C\u00e2ncer Colorretal e Gastrointestinal de In\u00edcio Precoce no Memorial Sloan Kettering Cancer Center, em Nova York. Ela n\u00e3o esteve envolvida no estudo.<\/p>\n<p>Consumo de alimentos ultraprocessados e sa\u00fade ao longo do tempo<\/p>\n<p class=\"jarvics:base-text-neutral-high-400 base-text-[calc(theme(fontSize.xs)_*_var(--font-size,_1))] base-font-normal base-font-primary base-text-neutral-low-500 base-text-left\">Alimentos ultraprocessados s\u00e3o feitos com <b>t\u00e9cnicas industriais<\/b> e alguns ingredientes \u201cnunca ou raramente usados em cozinhas\u201d, de acordo com a Organiza\u00e7\u00e3o das Na\u00e7\u00f5es Unidas para a Alimenta\u00e7\u00e3o e a Agricultura (FAO). <\/p>\n<p class=\"jarvics:base-text-neutral-high-400 base-text-[calc(theme(fontSize.xs)_*_var(--font-size,_1))] base-font-normal base-font-primary base-text-neutral-low-500 base-text-left\">Esses alimentos s\u00e3o tipicamente pobres em fibras e ricos em calorias, a\u00e7\u00facar adicionado, gr\u00e3os refinados e gorduras, s\u00f3dio e aditivos, todos projetados para ajudar a tornar os alimentos mais atraentes.<\/p>\n<p class=\"jarvics:base-text-neutral-high-400 base-text-[calc(theme(fontSize.xs)_*_var(--font-size,_1))] base-font-normal base-font-primary base-text-neutral-low-500 base-text-left\">Os aditivos geralmente incluem conservantes para manter o frescor e a textura ou resistir a mofo e bact\u00e9rias, e emulsificantes para evitar que os ingredientes se separem naturalmente. <\/p>\n<p class=\"jarvics:base-text-neutral-high-400 base-text-[calc(theme(fontSize.xs)_*_var(--font-size,_1))] base-font-normal base-font-primary base-text-neutral-low-500 base-text-left\">Outros aditivos comuns incluem intensificadores de fragr\u00e2ncia e sabor e agentes antiespumantes, branqueadores, de volume, gelificantes e vitrificantes.<\/p>\n<p class=\"jarvics:base-text-neutral-high-400 base-text-[calc(theme(fontSize.xs)_*_var(--font-size,_1))] base-font-normal base-font-primary base-text-neutral-low-500 base-text-left\">As participantes do estudo faziam parte do Nurses\u2019 Health Study II, um estudo cont\u00ednuo estabelecido em 1989 para acompanhar enfermeiras nascidas entre 1947 e 1964 para aprender sobre fatores de risco para doen\u00e7as cr\u00f4nicas graves em mulheres.<\/p>\n<p class=\"jarvics:base-text-neutral-high-400 base-text-[calc(theme(fontSize.xs)_*_var(--font-size,_1))] base-font-normal base-font-primary base-text-neutral-low-500 base-text-left\">As mulheres responderam a um question\u00e1rio inicial de dieta em 1991; a cada quatro anos, elas eram solicitadas a relembrar suas escolhas alimentares nos \u00faltimos 12 meses.<\/p>\n<p class=\"jarvics:base-text-neutral-high-400 base-text-[calc(theme(fontSize.xs)_*_var(--font-size,_1))] base-font-normal base-font-primary base-text-neutral-low-500 base-text-left\">Assim como na maioria dos estudos de nutri\u00e7\u00e3o, esse tipo de recorda\u00e7\u00e3o pode ter <b>precis\u00e3o limitada<\/b>. \u201cEu n\u00e3o me lembro do que comi na semana passada, e as pessoas podem n\u00e3o contar toda a verdade\u201d, disse Mendelsohn por e-mail.<\/p>\n<p class=\"jarvics:base-text-neutral-high-400 base-text-[calc(theme(fontSize.xs)_*_var(--font-size,_1))] base-font-normal base-font-primary base-text-neutral-low-500 base-text-left\">Al\u00e9m disso, a classifica\u00e7\u00e3o dos alimentos ultraprocessados e a determina\u00e7\u00e3o de quais s\u00e3o mais prejudiciais do que outros ainda precisam de trabalho, disse Chan, e essa capacidade ajudaria os especialistas a determinar mais especificamente os efeitos na sa\u00fade e as orienta\u00e7\u00f5es alimentares. <\/p>\n<p class=\"jarvics:base-text-neutral-high-400 base-text-[calc(theme(fontSize.xs)_*_var(--font-size,_1))] base-font-normal base-font-primary base-text-neutral-low-500 base-text-left\">No entanto, os pesquisadores argumentam que as participantes podem ser melhores do que a m\u00e9dia das pessoas em fornecer esses detalhes com precis\u00e3o, dada sua forma\u00e7\u00e3o em enfermagem.<\/p>\n<p class=\"jarvics:base-text-neutral-high-400 base-text-[calc(theme(fontSize.xs)_*_var(--font-size,_1))] base-font-normal base-font-primary base-text-neutral-low-500 base-text-left\">A maioria dos tumores colorretais foi descoberta por endoscopia antes de 2015, \u201co que \u00e9 anterior \u00e0 idade de rastreamento (inicial) ser reduzida para 45 anos\u201d, disse Mendelsohn. \u201cEnt\u00e3o, se as pessoas estavam fazendo endoscopias de rastreamento, temos que supor que elas tinham um risco aumentado de c\u00e2ncer colorretal \u2014 ou seja, por hist\u00f3rico familiar \u2014 e \u00e9 por isso que estavam sendo rastreadas mais cedo. E, claro, se feito por sintomas, h\u00e1 uma taxa aumentada de encontrar p\u00f3lipos.\u201d Tamb\u00e9m n\u00e3o se sabe se esses tumores se tornaram cancerosos.<\/p>\n<p class=\"jarvics:base-text-neutral-high-400 base-text-[calc(theme(fontSize.xs)_*_var(--font-size,_1))] base-font-normal base-font-primary base-text-neutral-low-500 base-text-left\">Um dos pontos fortes do estudo foi a \u201cinforma\u00e7\u00e3o detalhada sobre outros <b>fatores de risco<\/b> de c\u00e2ncer colorretal nas participantes, como \u00edndice de massa corporal, diabetes tipo 2 e baixa ingest\u00e3o de fibras\u201d, disse Chan em um comunicado \u00e0 imprensa. \u201cMesmo ap\u00f3s contabilizar todos esses outros fatores de risco, a associa\u00e7\u00e3o com alimentos ultraprocessados ainda se manteve.\u201d<\/p>\n<p><video controls=\"\" class=\"video-js\" preload=\"metadata\" poster=\"https:\/\/d22yf0mxeu0gma.cloudfront.net\/11-13-2025\/t_dd73d63206704621a0375f55edc0a5d2_name_4365.jpg\" title=\"Pre&#xE7;os do caf&#xE9; despencam depois de sinaliza&#xE7;&#xE3;o dos EUA\" data-sprite-url=\"\" data-metadata=\"{&quot;title&quot;:&quot;Pre&#xE7;os do caf&#xE9; despencam depois de sinaliza&#xE7;&#xE3;o dos EUA&quot;,&quot;sectionName&quot;:&quot;R7&quot;,&quot;mainSection&quot;:&quot;Internacional&quot;,&quot;subSection&quot;:&quot;&quot;,&quot;views&quot;:&quot;&quot;,&quot;disableAdv&quot;:&quot;false&quot;,&quot;createdDate&quot;:&quot;2025-11-13T16:49:22Z&quot;,&quot;mainSectionUrl&quot;:&quot;https:\/\/noticias.r7.com\/record-news\/conexao-record-news\/video\/precos-do-cafe-despencam-depois-de-sinalizacao-dos-eua-13112025\/&quot;,&quot;sectionPath&quot;:&quot;https:\/\/noticias.r7.com\/record-news\/conexao-record-news&quot;,&quot;ageRating&quot;:&quot;&quot;,&quot;ageRatingDescription&quot;:&quot;&quot;,&quot;duration&quot;:172117,&quot;playerUrl&quot;:&quot;https:\/\/noticias.r7.com\/player\/ac0d93b9-d7c3-4535-a100-b6386b0ec7e6\/&quot;}\" data-player-params=\"{&quot;p&quot;:&quot;true&quot;,&quot;autoPlay&quot;:&quot;false&quot;,&quot;logo&quot;:&quot;true&quot;,&quot;playlistId&quot;:&quot;false&quot;,&quot;calhau&quot;:&quot;false&quot;,&quot;share&quot;:&quot;true&quot;,&quot;sz&quot;:&quot;false&quot;,&quot;full&quot;:&quot;true&quot;,&quot;customAdHash&quot;:&quot;\/7542\/r7noticias\/internacional&quot;,&quot;referrerUrl&quot;:&quot;&quot;,&quot;externalLinks&quot;:&quot;true&quot;,&quot;debug&quot;:&quot;false&quot;,&quot;debugHash&quot;:&quot;false&quot;,&quot;debugRelated&quot;:&quot;false&quot;,&quot;timerRelated&quot;:&quot;true&quot;,&quot;logoRecord&quot;:&quot;false&quot;,&quot;contextModal&quot;:&quot;false&quot;,&quot;parentUrl&quot;:&quot;https:\/\/record.r7.com\/&quot;,&quot;t&quot;:&quot;0&quot;,&quot;noTitle&quot;:false,&quot;endBehavior&quot;:&quot;default&quot;}\" data-related-videos=\"[{&quot;title&quot;:&quot;Broche de diamantes que pertenceu a Napole&#xE3;o &#xE9; leiloado&quot;,&quot;thumb&quot;:&quot;https:\/\/d22yf0mxeu0gma.cloudfront.net\/11-13-2025\/t_5ffac72b49f343babd8eceea9020002f_name_109__1_.jpg&quot;,&quot;url&quot;:&quot;https:\/\/noticias.r7.com\/record-news\/hora-news\/video\/broche-de-diamantes-que-pertenceu-a-napoleao-e-leiloado-13112025\/&quot;,&quot;embedUrl&quot;:&quot;https:\/\/noticias.r7.com\/player\/384847e5-96e8-4302-b0fe-edddade819cd\/&quot;},{&quot;title&quot;:&quot;Inova&#xE7;&#xE3;o na dire&#xE7;&#xE3;o: realidade virtual revoluciona treinamento de instrutores&quot;,&quot;thumb&quot;:&quot;https:\/\/d22yf0mxeu0gma.cloudfront.net\/11-12-2025\/t_b99cae0c20af4c9d8f61e092678bf9af_name_IA_dire__o.jpg&quot;,&quot;url&quot;:&quot;https:\/\/noticias.r7.com\/record-news\/news-das-10\/video\/inovacao-na-direcao-realidade-virtual-revoluciona-treinamento-de-instrutores-12112025\/&quot;,&quot;embedUrl&quot;:&quot;https:\/\/noticias.r7.com\/player\/52546f5d-afd0-46c0-85fe-79fee2821b4f\/&quot;},{&quot;title&quot;:&quot;Faixa de Gaza pode ser dividida em duas partes&quot;,&quot;thumb&quot;:&quot;https:\/\/d22yf0mxeu0gma.cloudfront.net\/11-11-2025\/t_cb7ae3f9acab40c58a9bac1338dca278_name_gaza.jpg&quot;,&quot;url&quot;:&quot;https:\/\/noticias.r7.com\/record-news\/conexao-record-news\/video\/faixa-de-gaza-pode-ser-dividida-em-duas-partes-11112025\/&quot;,&quot;embedUrl&quot;:&quot;https:\/\/noticias.r7.com\/player\/90b9abd4-7593-4d70-baad-c2e9bb029cd0\/&quot;}]\" data-player-url=\"https:\/\/noticias.r7.com\/player\/ac0d93b9-d7c3-4535-a100-b6386b0ec7e6\/\" data-arc-video=\"\" data-arc-id=\"ac0d93b9-d7c3-4535-a100-b6386b0ec7e6\" data-short=\"false\" style=\"visibility:hidden\"><\/video><\/p>\n<p class=\"jarvics:base-text-neutral-high-400 base-text-[calc(theme(fontSize.xs)_*_var(--font-size,_1))] base-font-normal base-font-primary base-text-neutral-low-500 base-text-left\">Embora o risco de crescimentos pr\u00e9-cancerosos tenha aumentado quanto mais alimentos ultraprocessados as participantes comiam, as chances de desenvolver les\u00f5es serrilhadas \u2014 outro tipo de p\u00f3lipo pr\u00e9-canceroso e a outra via principal para o c\u00e2ncer colorretal \u2014 n\u00e3o aumentaram. <\/p>\n<p class=\"jarvics:base-text-neutral-high-400 base-text-[calc(theme(fontSize.xs)_*_var(--font-size,_1))] base-font-normal base-font-primary base-text-neutral-low-500 base-text-left\">Essa descoberta sugere que os alimentos ultraprocessados podem causar processos biol\u00f3gicos que transformam adenomas cl\u00e1ssicos em tumores cancerosos, disse o Dr. Ganesh Halade, membro do Programa de Biologia do C\u00e2ncer no Tampa General Hospital Cancer Institute, que n\u00e3o esteve envolvido na pesquisa.<\/p>\n<p class=\"jarvics:base-text-neutral-high-400 base-text-[calc(theme(fontSize.xs)_*_var(--font-size,_1))] base-font-normal base-font-primary base-text-neutral-low-500 base-text-left\">\u00c9 importante notar que os alimentos ultraprocessados da d\u00e9cada de 1990 \u201cn\u00e3o s\u00e3o id\u00eanticos aos produtos de hoje\u201d, acrescentou Halade, \u201cdadas as mudan\u00e7as nas formula\u00e7\u00f5es, a introdu\u00e7\u00e3o de novos aditivos e as mudan\u00e7as na propor\u00e7\u00e3o de UPFs na dieta.\u201d<\/p>\n<p class=\"jarvics:base-text-neutral-high-400 base-text-[calc(theme(fontSize.xs)_*_var(--font-size,_1))] base-font-normal base-font-primary base-text-neutral-low-500 base-text-left\">\u201cNo entanto, uma caracter\u00edstica consistente ao longo dessas d\u00e9cadas tem sido o uso generalizado de \u00f3leos de sementes ricos em <b>\u00f4mega-6<\/b>, que podem ser um fator diet\u00e9tico chave contribuindo para o c\u00e2ncer colorretal de in\u00edcio precoce\u201d, disse Halade por e-mail.<\/p>\n<p class=\"jarvics:base-text-neutral-high-400 base-text-[calc(theme(fontSize.xs)_*_var(--font-size,_1))] base-font-normal base-font-primary base-text-neutral-low-500 base-text-left\">Qualquer rela\u00e7\u00e3o potencial entre alimentos ultraprocessados e tumores colorretais pode ser explicada pelo fato de os alimentos possivelmente alterarem o microbioma intestinal e seu revestimento protetor, causando inflama\u00e7\u00e3o cr\u00f4nica e produzindo mol\u00e9culas t\u00f3xicas ao serem metabolizados, disseram Mendelsohn e Chan.<\/p>\n<p class=\"jarvics:base-text-neutral-high-400 base-text-[calc(theme(fontSize.xs)_*_var(--font-size,_1))] base-font-normal base-font-primary base-text-neutral-low-500 base-text-left\">\u201cIndiretamente, o consumo de alimentos ultraprocessados est\u00e1 associado \u00e0 obesidade, que tamb\u00e9m \u00e9 um fator de risco para o c\u00e2ncer colorretal\u201d, acrescentou Mendelsohn.<\/p>\n<p class=\"jarvics:base-text-neutral-high-400 base-text-[calc(theme(fontSize.xs)_*_var(--font-size,_1))] base-font-normal base-font-primary base-text-neutral-low-500 base-text-left\"><b>Fique por dentro das principais not\u00edcias do dia no Brasil e no mundo. <\/b><a href=\"https:\/\/whatsapp.com\/channel\/0029Va6eEELGZNCyryabmO1m\" rel=\"nofollow noopener\" target=\"_blank\"><b>Siga o canal do R7<\/b><\/a><b>, o portal de not\u00edcias da Record, no WhatsApp<\/b><\/p>\n","protected":false},"excerpt":{"rendered":"LEIA AQUI O RESUMO DA NOT\u00cdCIA Estudo sugere que o aumento no consumo de alimentos ultraprocessados est\u00e1 ligado&hellip;\n","protected":false},"author":2,"featured_media":151698,"comment_status":"","ping_status":"","sticky":false,"template":"","format":"standard","meta":{"footnotes":""},"categories":[86],"tags":[1468,1776,4124,235,116,32,33,117],"class_list":{"0":"post-151697","1":"post","2":"type-post","3":"status-publish","4":"format-standard","5":"has-post-thumbnail","7":"category-saude","8":"tag-alimentos","9":"tag-cancer","10":"tag-dieta","11":"tag-estados-unidos","12":"tag-health","13":"tag-portugal","14":"tag-pt","15":"tag-saude"},"share_on_mastodon":{"url":"https:\/\/pubeurope.com\/@pt\/115548240280248407","error":""},"_links":{"self":[{"href":"https:\/\/www.europesays.com\/pt\/wp-json\/wp\/v2\/posts\/151697","targetHints":{"allow":["GET"]}}],"collection":[{"href":"https:\/\/www.europesays.com\/pt\/wp-json\/wp\/v2\/posts"}],"about":[{"href":"https:\/\/www.europesays.com\/pt\/wp-json\/wp\/v2\/types\/post"}],"author":[{"embeddable":true,"href":"https:\/\/www.europesays.com\/pt\/wp-json\/wp\/v2\/users\/2"}],"replies":[{"embeddable":true,"href":"https:\/\/www.europesays.com\/pt\/wp-json\/wp\/v2\/comments?post=151697"}],"version-history":[{"count":0,"href":"https:\/\/www.europesays.com\/pt\/wp-json\/wp\/v2\/posts\/151697\/revisions"}],"wp:featuredmedia":[{"embeddable":true,"href":"https:\/\/www.europesays.com\/pt\/wp-json\/wp\/v2\/media\/151698"}],"wp:attachment":[{"href":"https:\/\/www.europesays.com\/pt\/wp-json\/wp\/v2\/media?parent=151697"}],"wp:term":[{"taxonomy":"category","embeddable":true,"href":"https:\/\/www.europesays.com\/pt\/wp-json\/wp\/v2\/categories?post=151697"},{"taxonomy":"post_tag","embeddable":true,"href":"https:\/\/www.europesays.com\/pt\/wp-json\/wp\/v2\/tags?post=151697"}],"curies":[{"name":"wp","href":"https:\/\/api.w.org\/{rel}","templated":true}]}}