{"id":151701,"date":"2025-11-14T13:18:45","date_gmt":"2025-11-14T13:18:45","guid":{"rendered":"https:\/\/www.europesays.com\/pt\/151701\/"},"modified":"2025-11-14T13:18:45","modified_gmt":"2025-11-14T13:18:45","slug":"as-moedas-vao-acabar-tenho-de-criar-nova-conta-bancaria-e-quais-as-comissoes-oito-perguntas-e-respostas-sobre-o-euro-digital","status":"publish","type":"post","link":"https:\/\/www.europesays.com\/pt\/151701\/","title":{"rendered":"As moedas v\u00e3o acabar? Tenho de criar nova conta banc\u00e1ria? E quais as comiss\u00f5es? Oito perguntas e respostas sobre o euro digital"},"content":{"rendered":"<p>Na pandemia, com o advento das criptomoedas e a queda do uso do numer\u00e1rio, os maiores bancos centrais em todo o mundo come\u00e7aram a explorar o lan\u00e7amento de moedas digitais. A Reserva Federal dos Estados Unidos desistiu este ano da ideia, abrindo a porta \u00e0s empresas privadas para lan\u00e7arem stablecoins, indexadas ao d\u00f3lar norte-americano. Mas na Uni\u00e3o Europeia acredita-se que o futuro passar\u00e1 pela emiss\u00e3o de euros digitais, por parte do Banco Central Europeu (BCE), que prev\u00ea lan\u00e7ar o primeiro daqui a quatro anos.<\/p>\n<p><a href=\"https:\/\/expresso.pt\/subscrever?action=GEN&amp;channel=VID&amp;type=CAP&amp;source=WEB&amp;returnUrl=https:\/\/expresso.pt\/economia\/sistema-financeiro\/2025-11-13-as-moedas-vao-acabar--tenho-de-criar-nova-conta-bancaria--e-quais-as-comissoes--oito-perguntas-e-respostas-sobre-o-euro-digital-e1fbaf7b&amp;utm_source=expresso&amp;utm_medium=locked_article&amp;locked=true&amp;article_id=8229ab73-fa94-462e-86e1-287c8b7c566a&amp;author_id=Gon\u00e7alo+Almeida&amp;category=Sistema+financeiro\" target=\"_self\" class=\"\" rel=\"nofollow noopener\">Subscrever<\/a>J\u00e1 \u00e9 Subscritor?Fa\u00e7a login e continue a ler<a href=\"http:\/\/expresso.pt\/codigo?redirectUrl=https:\/\/expresso.pt\/economia\/sistema-financeiro\/2025-11-13-as-moedas-vao-acabar--tenho-de-criar-nova-conta-bancaria--e-quais-as-comissoes--oito-perguntas-e-respostas-sobre-o-euro-digital-e1fbaf7b\" target=\"_self\" class=\"\" rel=\"nofollow noopener\">Inserir C\u00f3digo<\/a>Comprou o Expresso?Insira o c\u00f3digo presente na Revista E para continuar a ler<\/p>\n","protected":false},"excerpt":{"rendered":"Na pandemia, com o advento das criptomoedas e a queda do uso do numer\u00e1rio, os maiores bancos centrais&hellip;\n","protected":false},"author":2,"featured_media":151702,"comment_status":"","ping_status":"","sticky":false,"template":"","format":"standard","meta":{"footnotes":""},"categories":[83],"tags":[88,89,90,32,33],"class_list":{"0":"post-151701","1":"post","2":"type-post","3":"status-publish","4":"format-standard","5":"has-post-thumbnail","7":"category-empresas","8":"tag-business","9":"tag-economy","10":"tag-empresas","11":"tag-portugal","12":"tag-pt"},"share_on_mastodon":{"url":"https:\/\/pubeurope.com\/@pt\/115548252106817922","error":""},"_links":{"self":[{"href":"https:\/\/www.europesays.com\/pt\/wp-json\/wp\/v2\/posts\/151701","targetHints":{"allow":["GET"]}}],"collection":[{"href":"https:\/\/www.europesays.com\/pt\/wp-json\/wp\/v2\/posts"}],"about":[{"href":"https:\/\/www.europesays.com\/pt\/wp-json\/wp\/v2\/types\/post"}],"author":[{"embeddable":true,"href":"https:\/\/www.europesays.com\/pt\/wp-json\/wp\/v2\/users\/2"}],"replies":[{"embeddable":true,"href":"https:\/\/www.europesays.com\/pt\/wp-json\/wp\/v2\/comments?post=151701"}],"version-history":[{"count":0,"href":"https:\/\/www.europesays.com\/pt\/wp-json\/wp\/v2\/posts\/151701\/revisions"}],"wp:featuredmedia":[{"embeddable":true,"href":"https:\/\/www.europesays.com\/pt\/wp-json\/wp\/v2\/media\/151702"}],"wp:attachment":[{"href":"https:\/\/www.europesays.com\/pt\/wp-json\/wp\/v2\/media?parent=151701"}],"wp:term":[{"taxonomy":"category","embeddable":true,"href":"https:\/\/www.europesays.com\/pt\/wp-json\/wp\/v2\/categories?post=151701"},{"taxonomy":"post_tag","embeddable":true,"href":"https:\/\/www.europesays.com\/pt\/wp-json\/wp\/v2\/tags?post=151701"}],"curies":[{"name":"wp","href":"https:\/\/api.w.org\/{rel}","templated":true}]}}