{"id":151703,"date":"2025-11-14T13:19:09","date_gmt":"2025-11-14T13:19:09","guid":{"rendered":"https:\/\/www.europesays.com\/pt\/151703\/"},"modified":"2025-11-14T13:19:09","modified_gmt":"2025-11-14T13:19:09","slug":"hitler-sofria-de-disturbio-no-desenvolvimento-dos-orgaos-sexuais-revelam-analises-de-adn","status":"publish","type":"post","link":"https:\/\/www.europesays.com\/pt\/151703\/","title":{"rendered":"Hitler sofria de dist\u00farbio no desenvolvimento dos \u00f3rg\u00e3os sexuais, revelam an\u00e1lises de ADN"},"content":{"rendered":"<p data-remotead-prev-elm=\"true\" data-remotead-elm-id=\"inread\">Segundo um document\u00e1rio do Canal 4, que ser\u00e1 integralmente transmitida no s\u00e1bado, a investiga\u00e7\u00e3o foi liderada pela geneticista Turi King, que em 2012 identificou os restos mortais do rei Ricardo III de Inglaterra (1483-1485).<\/p>\n<p>O ADN de Hitler foi estudado a partir de um peda\u00e7o de tecido ensanguentado do sof\u00e1 onde o ditador nazi acabou com a pr\u00f3pria vida, segundo o programa, intitulado &#8220;ADN de Hitler. Projeto de um ditador&#8221;.<\/p>\n<p>Em maio de 1945, soldados Aliados percorreram o bunker de Hitler em Berlim e um deles guardou um peda\u00e7o de tecido do sof\u00e1 onde o ditador se suicidou. Esse peda\u00e7o de tecido foi agora analisado em profundidade para sequenciar o ADN de Hitler.<\/p>\n<p data-remotead-prev-elm=\"true\" data-remotead-elm-id=\"centro1\">A descoberta da s\u00edndrome de Kallmann coincide com os registos m\u00e9dicos da pris\u00e3o de Landsberg, onde o alem\u00e3o esteve detido em 1923, descobertos por investigadores em 2010. Segundo esses registos, um m\u00e9dico certificou que o l\u00edder nazi apresentava criptorquidia direita, ou seja, a descida incompleta de um dos test\u00edculos.<\/p>\n<p>Baixos n\u00edveis de testosterona<\/p>\n<p>Cerca de 10% das pessoas com s\u00edndrome de Kallmann tamb\u00e9m apresentam microp\u00e9nis e os sintomas mais frequentes s\u00e3o n\u00edveis baixos ou flutuantes de testosterona, de acordo com especialistas.<\/p>\n<p>&#8220;Se tivesse visto os seus pr\u00f3prios resultados gen\u00e9ticos, quase de certeza que se teria condenado \u00e0s c\u00e2maras de g\u00e1s&#8221;, afirmou King no document\u00e1rio, segundo a ag\u00eancia de not\u00edcias espanhola EFE.<\/p>\n<p data-remotead-prev-elm=\"true\" data-remotead-elm-id=\"centro2\">King decidiu participar na an\u00e1lise depois de v\u00e1rios laborat\u00f3rios se terem recusado a colaborar e tendo em conta que atualmente se analisa ADN hist\u00f3rico, desde a \u00e9poca dos romanos. &#8220;Pensei muito, mas isso seria feito em algum momento e quer\u00edamos garantir que fosse feito de forma extremamente met\u00f3dica e rigorosa&#8221;, adiantou King, deixando claro que &#8220;a gen\u00e9tica n\u00e3o justifica em absoluto o que fez&#8221;.<\/p>\n<p>Adolf Hitler, que liderou a Alemanha entre 1933 e 1945, foi o principal respons\u00e1vel pela Segunda Guerra Mundial (1939-1945) e pelo Holocausto, o genoc\u00eddio de milh\u00f5es de judeus, que incluiu tamb\u00e9m o exterm\u00ednio de comunistas, ciganos ou homossexuais.<\/p>\n","protected":false},"excerpt":{"rendered":"Segundo um document\u00e1rio do Canal 4, que ser\u00e1 integralmente transmitida no s\u00e1bado, a investiga\u00e7\u00e3o foi liderada pela geneticista&hellip;\n","protected":false},"author":2,"featured_media":151704,"comment_status":"","ping_status":"","sticky":false,"template":"","format":"standard","meta":{"footnotes":""},"categories":[50],"tags":[28175,27,28,15,16,14,25,26,21,22,62,12,13,19,20,23,24,17,18,29,30,31,63,64,65],"class_list":{"0":"post-151703","1":"post","2":"type-post","3":"status-publish","4":"format-standard","5":"has-post-thumbnail","7":"category-mundo","8":"tag-adolf-hitler","9":"tag-breaking-news","10":"tag-breakingnews","11":"tag-featured-news","12":"tag-featurednews","13":"tag-headlines","14":"tag-latest-news","15":"tag-latestnews","16":"tag-main-news","17":"tag-mainnews","18":"tag-mundo","19":"tag-news","20":"tag-noticias","21":"tag-noticias-principais","22":"tag-noticiasprincipais","23":"tag-principais-noticias","24":"tag-principaisnoticias","25":"tag-top-stories","26":"tag-topstories","27":"tag-ultimas","28":"tag-ultimas-noticias","29":"tag-ultimasnoticias","30":"tag-world","31":"tag-world-news","32":"tag-worldnews"},"share_on_mastodon":{"url":"https:\/\/pubeurope.com\/@pt\/115548255925645990","error":""},"_links":{"self":[{"href":"https:\/\/www.europesays.com\/pt\/wp-json\/wp\/v2\/posts\/151703","targetHints":{"allow":["GET"]}}],"collection":[{"href":"https:\/\/www.europesays.com\/pt\/wp-json\/wp\/v2\/posts"}],"about":[{"href":"https:\/\/www.europesays.com\/pt\/wp-json\/wp\/v2\/types\/post"}],"author":[{"embeddable":true,"href":"https:\/\/www.europesays.com\/pt\/wp-json\/wp\/v2\/users\/2"}],"replies":[{"embeddable":true,"href":"https:\/\/www.europesays.com\/pt\/wp-json\/wp\/v2\/comments?post=151703"}],"version-history":[{"count":0,"href":"https:\/\/www.europesays.com\/pt\/wp-json\/wp\/v2\/posts\/151703\/revisions"}],"wp:featuredmedia":[{"embeddable":true,"href":"https:\/\/www.europesays.com\/pt\/wp-json\/wp\/v2\/media\/151704"}],"wp:attachment":[{"href":"https:\/\/www.europesays.com\/pt\/wp-json\/wp\/v2\/media?parent=151703"}],"wp:term":[{"taxonomy":"category","embeddable":true,"href":"https:\/\/www.europesays.com\/pt\/wp-json\/wp\/v2\/categories?post=151703"},{"taxonomy":"post_tag","embeddable":true,"href":"https:\/\/www.europesays.com\/pt\/wp-json\/wp\/v2\/tags?post=151703"}],"curies":[{"name":"wp","href":"https:\/\/api.w.org\/{rel}","templated":true}]}}