{"id":151705,"date":"2025-11-14T13:21:10","date_gmt":"2025-11-14T13:21:10","guid":{"rendered":"https:\/\/www.europesays.com\/pt\/151705\/"},"modified":"2025-11-14T13:21:10","modified_gmt":"2025-11-14T13:21:10","slug":"psp-tem-de-devolver-ferrari-apreendido-a-suspeito-de-trafico-de-droga-justica","status":"publish","type":"post","link":"https:\/\/www.europesays.com\/pt\/151705\/","title":{"rendered":"PSP tem de devolver Ferrari apreendido a suspeito de tr\u00e1fico de droga | Justi\u00e7a"},"content":{"rendered":"<p data-mrf-recirculation=\"Artigo - texto\">A Pol\u00edcia de Seguran\u00e7a P\u00fablica (PSP) ter\u00e1 de devolver um Ferrari 488 GTB, apreendido a um arguido suspeito de tr\u00e1fico de droga em Setembro de 2023.<\/p>\n<p data-mrf-recirculation=\"Artigo - texto\">A not\u00edcia foi avan\u00e7ada pelo <a href=\"https:\/\/www.jn.pt\/justica\/artigo\/ferrari-apreendido-a-traficante-e-usado-pela-psp-vai-ser-devolvido-ao-dono\/18019619\" target=\"_blank\" rel=\"nofollow noopener\">Jornal de Not\u00edcias<\/a> esta quinta-feira, com o di\u00e1rio a explicar que o Tribunal do Porto chegou \u00e0 conclus\u00e3o que Bruce Teixeira, arguido num processo que investiga o tr\u00e1fico de droga na cidade portuense, n\u00e3o \u00e9 o leg\u00edtimo propriet\u00e1rio do ve\u00edculo.<\/p>\n<p data-mrf-recirculation=\"Artigo - texto\">H\u00e1 cerca de dois anos, a PSP interceptou o suspeito de tr\u00e1fico ao volante deste <a href=\"https:\/\/www.publico.pt\/ferrari\" rel=\"nofollow noopener\" target=\"_blank\">Ferrari<\/a>, carro avaliado em aproximadamente 250 mil euros.<\/p>\n<p data-mrf-recirculation=\"Artigo - texto\">O carro tinha uma matr\u00edcula provis\u00f3ria e um registo de seguro (inv\u00e1lido) em nome de Bruce. Mas a d\u00favida sobre o verdadeiro propriet\u00e1rio extinguiu-se quando o Ju\u00edzo Central Criminal do Porto recebeu um pedido do dono do carro para o levantamento da apreens\u00e3o e respectiva devolu\u00e7\u00e3o da viatura.<\/p>\n<p data-mrf-recirculation=\"Artigo - texto\"><a href=\"https:\/\/www.publico.pt\/2025\/10\/22\/sociedade\/noticia\/sao-precisos-baldes-conter-chuva-principal-tribunal-criminal-porto-2151717\" rel=\"nofollow noopener\" target=\"_blank\">O Tribunal<\/a> do Porto tamb\u00e9m n\u00e3o conseguiu dar como provado que a viatura tivesse sido usada durante crimes.<\/p>\n<p data-mrf-recirculation=\"Artigo - texto\"><a href=\"https:\/\/www.publico.pt\/psp\" rel=\"nofollow noopener\" target=\"_blank\">A PSP<\/a> j\u00e1 tinha personalizado o carro, pintando-o nas suas cores e s\u00edmbolos. A viatura era, inclusivamente, usada em ac\u00e7\u00f5es de forma\u00e7\u00e3o e outros eventos.<\/p>\n<p data-mrf-recirculation=\"Artigo - texto\">Dados os novos desenvolvimentos neste caso, o carro j\u00e1 n\u00e3o vai ser declarado perdido a favor do Estado, tendo de regressar ao propriet\u00e1rio.<\/p>\n","protected":false},"excerpt":{"rendered":"A Pol\u00edcia de Seguran\u00e7a P\u00fablica (PSP) ter\u00e1 de devolver um Ferrari 488 GTB, apreendido a um arguido suspeito&hellip;\n","protected":false},"author":2,"featured_media":151706,"comment_status":"","ping_status":"","sticky":false,"template":"","format":"standard","meta":{"footnotes":""},"categories":[8],"tags":[27,28,604,15,16,14,603,25,26,21,22,16567,12,13,19,20,542,462,32,23,24,33,58,17,18,12757,29,30,31],"class_list":{"0":"post-151705","1":"post","2":"type-post","3":"status-publish","4":"format-standard","5":"has-post-thumbnail","7":"category-principais-noticias","8":"tag-breaking-news","9":"tag-breakingnews","10":"tag-crime","11":"tag-featured-news","12":"tag-featurednews","13":"tag-headlines","14":"tag-justica","15":"tag-latest-news","16":"tag-latestnews","17":"tag-main-news","18":"tag-mainnews","19":"tag-ministerio-publico","20":"tag-news","21":"tag-noticias","22":"tag-noticias-principais","23":"tag-noticiasprincipais","24":"tag-para-redes","25":"tag-porto","26":"tag-portugal","27":"tag-principais-noticias","28":"tag-principaisnoticias","29":"tag-pt","30":"tag-sociedade","31":"tag-top-stories","32":"tag-topstories","33":"tag-tribunais","34":"tag-ultimas","35":"tag-ultimas-noticias","36":"tag-ultimasnoticias"},"share_on_mastodon":{"url":"https:\/\/pubeurope.com\/@pt\/115548263912115342","error":""},"_links":{"self":[{"href":"https:\/\/www.europesays.com\/pt\/wp-json\/wp\/v2\/posts\/151705","targetHints":{"allow":["GET"]}}],"collection":[{"href":"https:\/\/www.europesays.com\/pt\/wp-json\/wp\/v2\/posts"}],"about":[{"href":"https:\/\/www.europesays.com\/pt\/wp-json\/wp\/v2\/types\/post"}],"author":[{"embeddable":true,"href":"https:\/\/www.europesays.com\/pt\/wp-json\/wp\/v2\/users\/2"}],"replies":[{"embeddable":true,"href":"https:\/\/www.europesays.com\/pt\/wp-json\/wp\/v2\/comments?post=151705"}],"version-history":[{"count":0,"href":"https:\/\/www.europesays.com\/pt\/wp-json\/wp\/v2\/posts\/151705\/revisions"}],"wp:featuredmedia":[{"embeddable":true,"href":"https:\/\/www.europesays.com\/pt\/wp-json\/wp\/v2\/media\/151706"}],"wp:attachment":[{"href":"https:\/\/www.europesays.com\/pt\/wp-json\/wp\/v2\/media?parent=151705"}],"wp:term":[{"taxonomy":"category","embeddable":true,"href":"https:\/\/www.europesays.com\/pt\/wp-json\/wp\/v2\/categories?post=151705"},{"taxonomy":"post_tag","embeddable":true,"href":"https:\/\/www.europesays.com\/pt\/wp-json\/wp\/v2\/tags?post=151705"}],"curies":[{"name":"wp","href":"https:\/\/api.w.org\/{rel}","templated":true}]}}