{"id":151707,"date":"2025-11-14T13:22:12","date_gmt":"2025-11-14T13:22:12","guid":{"rendered":"https:\/\/www.europesays.com\/pt\/151707\/"},"modified":"2025-11-14T13:22:12","modified_gmt":"2025-11-14T13:22:12","slug":"jessica-athayde-nao-sou-de-arrasar-outras-mulheres-mas-a-vaca-da-claudia","status":"publish","type":"post","link":"https:\/\/www.europesays.com\/pt\/151707\/","title":{"rendered":"Jessica Athayde: &#8220;N\u00e3o sou de arrasar outras mulheres, mas a vaca da Cl\u00e1udia&#8230;&#8221;"},"content":{"rendered":"<p>A depress\u00e3o Cl\u00e1udia est\u00e1, neste momento, a assolar o pa\u00eds, provocando estragos de norte a sul.<\/p>\n<p>No Instagram, algumas figuras p\u00fablicas t\u00eam deixado um ou outro desabafo sobre o mau tempo. Foi o caso de <a href=\"https:\/\/selfie.iol.pt\/famosos\/jessica-athayde\/jessica-athayde-vive-momento-unico-este-monstro-nasceu-de-amor\/20251026\/68fde7b8d34e58bc67975157\" target=\"_blank\" rel=\"nofollow noopener\">Jessica Athayde<\/a>, que reagiu a este fen\u00f3meno metereol\u00f3gico com o habitual sentido de humor.<\/p>\n<p>&#8220;N\u00e3o sou de arrasar outras mulheres, mas a vaca da Cl\u00e1udia tem de acalmar&#8221;, assinalou a atriz, de 39 anos, na plataforma social.<\/p>\n<p>Veja, agora, algumas das melhores imagens de Jessica Athayde nas galerias de fotografias que prepar\u00e1mos para si.<\/p>\n<p><img decoding=\"async\" alt=\"\" onclick=\"\" src=\"https:\/\/www.europesays.com\/pt\/wp-content\/uploads\/2025\/11\/1763126532_918_1024.jpeg\" title=\"Jessica Athayde\"\/><\/p>\n","protected":false},"excerpt":{"rendered":"A depress\u00e3o Cl\u00e1udia est\u00e1, neste momento, a assolar o pa\u00eds, provocando estragos de norte a sul. No Instagram,&hellip;\n","protected":false},"author":2,"featured_media":151708,"comment_status":"","ping_status":"","sticky":false,"template":"","format":"standard","meta":{"footnotes":""},"categories":[145],"tags":[813,211,210,32282,114,115,980,1015,11436,31225,619,32,33,1012],"class_list":{"0":"post-151707","1":"post","2":"type-post","3":"status-publish","4":"format-standard","5":"has-post-thumbnail","7":"category-celebridades","8":"tag-atriz","9":"tag-celebridades","10":"tag-celebrities","11":"tag-depressao-claudia","12":"tag-entertainment","13":"tag-entretenimento","14":"tag-famosos","15":"tag-instagram","16":"tag-jessica-athayde","17":"tag-metereologia","18":"tag-nacional","19":"tag-portugal","20":"tag-pt","21":"tag-selfie"},"share_on_mastodon":{"url":"https:\/\/pubeurope.com\/@pt\/115548267920108373","error":""},"_links":{"self":[{"href":"https:\/\/www.europesays.com\/pt\/wp-json\/wp\/v2\/posts\/151707","targetHints":{"allow":["GET"]}}],"collection":[{"href":"https:\/\/www.europesays.com\/pt\/wp-json\/wp\/v2\/posts"}],"about":[{"href":"https:\/\/www.europesays.com\/pt\/wp-json\/wp\/v2\/types\/post"}],"author":[{"embeddable":true,"href":"https:\/\/www.europesays.com\/pt\/wp-json\/wp\/v2\/users\/2"}],"replies":[{"embeddable":true,"href":"https:\/\/www.europesays.com\/pt\/wp-json\/wp\/v2\/comments?post=151707"}],"version-history":[{"count":0,"href":"https:\/\/www.europesays.com\/pt\/wp-json\/wp\/v2\/posts\/151707\/revisions"}],"wp:featuredmedia":[{"embeddable":true,"href":"https:\/\/www.europesays.com\/pt\/wp-json\/wp\/v2\/media\/151708"}],"wp:attachment":[{"href":"https:\/\/www.europesays.com\/pt\/wp-json\/wp\/v2\/media?parent=151707"}],"wp:term":[{"taxonomy":"category","embeddable":true,"href":"https:\/\/www.europesays.com\/pt\/wp-json\/wp\/v2\/categories?post=151707"},{"taxonomy":"post_tag","embeddable":true,"href":"https:\/\/www.europesays.com\/pt\/wp-json\/wp\/v2\/tags?post=151707"}],"curies":[{"name":"wp","href":"https:\/\/api.w.org\/{rel}","templated":true}]}}